{"id":181866,"date":"2023-03-27T11:00:00","date_gmt":"2023-03-27T10:00:00","guid":{"rendered":"https:\/\/www.tucomarca.com\/wordpress\/segunda\/?p=181866"},"modified":"2023-03-27T18:13:27","modified_gmt":"2023-03-27T17:13:27","slug":"benaguasil-participa-en-la-tercera-trobada-del-programa-youeu-celebrat-a-brusselles","status":"publish","type":"post","link":"https:\/\/tucomarca.whitekongsoftware.com\/ca\/benaguasil-participa-en-la-tercera-trobada-del-programa-youeu-celebrat-a-brusselles\/","title":{"rendered":"Benaguasil participa en la tercera trobada del programa YOU&amp;EU celebrat a Brussel\u00b7les"},"content":{"rendered":"\n<h4 class=\"wp-block-heading\">El projecte europeu busca impulsar les relacions de la joventut amb la Uni\u00f3 Europea i fomentar la participaci\u00f3 dels joves en la vida democr\u00e0tica.<\/h4>\n\n\n\n<h4 class=\"wp-block-heading\">La trobada ha reunit joves de Benaguasil, Brussel\u00b7les i Frankfurt<\/h4>\n\n\n\n<figure class=\"wp-block-gallery has-nested-images columns-default is-cropped wp-block-gallery-1 is-layout-flex wp-block-gallery-is-layout-flex\">\n<figure class=\"wp-block-image size-large\"><img loading=\"lazy\" decoding=\"async\" width=\"709\" height=\"532\" data-id=\"181861\" src=\"http:\/\/www.tucomarca.com\/wordpress\/segunda\/wp-content\/uploads\/2023\/03\/youyEu-2.jpg\" alt=\"\" class=\"wp-image-181861\" srcset=\"https:\/\/tucomarca.whitekongsoftware.com\/wp-content\/uploads\/2023\/03\/youyEu-2.jpg 709w, https:\/\/tucomarca.whitekongsoftware.com\/wp-content\/uploads\/2023\/03\/youyEu-2-300x225.jpg 300w, https:\/\/tucomarca.whitekongsoftware.com\/wp-content\/uploads\/2023\/03\/youyEu-2-678x509.jpg 678w, https:\/\/tucomarca.whitekongsoftware.com\/wp-content\/uploads\/2023\/03\/youyEu-2-326x245.jpg 326w, https:\/\/tucomarca.whitekongsoftware.com\/wp-content\/uploads\/2023\/03\/youyEu-2-80x60.jpg 80w\" sizes=\"auto, (max-width: 709px) 100vw, 709px\" \/><\/figure>\n\n\n\n<figure class=\"wp-block-image size-large\"><img loading=\"lazy\" decoding=\"async\" width=\"709\" height=\"532\" data-id=\"181863\" src=\"http:\/\/www.tucomarca.com\/wordpress\/segunda\/wp-content\/uploads\/2023\/03\/youyEu-3.jpg\" alt=\"\" class=\"wp-image-181863\" srcset=\"https:\/\/tucomarca.whitekongsoftware.com\/wp-content\/uploads\/2023\/03\/youyEu-3.jpg 709w, https:\/\/tucomarca.whitekongsoftware.com\/wp-content\/uploads\/2023\/03\/youyEu-3-300x225.jpg 300w, https:\/\/tucomarca.whitekongsoftware.com\/wp-content\/uploads\/2023\/03\/youyEu-3-678x509.jpg 678w, https:\/\/tucomarca.whitekongsoftware.com\/wp-content\/uploads\/2023\/03\/youyEu-3-326x245.jpg 326w, https:\/\/tucomarca.whitekongsoftware.com\/wp-content\/uploads\/2023\/03\/youyEu-3-80x60.jpg 80w\" sizes=\"auto, (max-width: 709px) 100vw, 709px\" \/><\/figure>\n<\/figure>\n\n\n\n<p class=\"wp-block-paragraph\">Joves de Benaguasil han viatjat a Brussel\u00b7les per a participar en la tercera activitat del projecte europeu YOU&amp;EU, cofinan\u00e7at per la Uni\u00f3 Europea, en el marc de les Activitats de Participaci\u00f3 Juvenil del Programa Erasmus+.<br>Es tracta de l&#8217;\u00faltima activitat d&#8217;aquest projecte que t\u00e9 com a objectiu acostar la Uni\u00f3 Europea a la joventut a trav\u00e9s de les oportunitats de formaci\u00f3, mobilitat, ocupabilitat i participaci\u00f3.<br>La trobada ha reunit durant tres dies a participants d&#8217;entre 16 i 30 anys de l&#8217;Ajuntament de Benaguasil, de Frankfurt (Europa Union Frankfurt) i de Brussel\u00b7les (Finnova). Tots ells han participat en un taller de comunicaci\u00f3 impartit pel Departament de Comunicaci\u00f3 de Finnova a Brussel\u00b7les, i han visitat el Parlament Europeu juntament amb el director de Mitjans de comunicaci\u00f3, Jes\u00fas Carmona i la Comissi\u00f3 Europea.<br>A m\u00e9s de visitar les institcuiones europees. Els joves han participat tamb\u00e9 en reunions per a intercanviar experi\u00e8ncies, punts de vistes i descobrir els avantatges de ser jove que Europa posa a la seua disposici\u00f3.&nbsp;<br>Cal recordar que la primera trobada es va celebrar al setembre a Frankfurt, on tamb\u00e9 un grup de joves de Benaguasil van tindre l&#8217;oportunitat de con\u00e9ixer de primera m\u00e0 les possibilitats que ofereix Europa a la joventut, mentre que al desembre va ser Benaguasil qui va acollir la segona jornada.<br>El regidor de Projectes Europeus, Stephane Soriano, ha assenyalat que Benaguasil es troba entre els municipis que gestiona m\u00e9s projectes europeus i ha recalcat la import\u00e0ncia de \u201cdifondre les oportunitats que ofereix la Uni\u00f3 Europea als nostres joves perqu\u00e8 coneguen les possibilitats laborals, formatives o de mobilitat i que moltes vegades es desconeixen\u201d. En aquest sentit Soriano ha valorat molt positivament aquesta trobada per a \u201cacostar les institucions europees als m\u00e9s joves, promoure la democr\u00e0cia europea i donar als participants l&#8217;oportunitat de viure una experi\u00e8ncia \u00fanica d&#8217;intercanvi d&#8217;idees sobre Europa\u201d.<\/p>\n","protected":false},"excerpt":{"rendered":"<div class=\"mh-excerpt\">El projecte europeu busca impulsar les relacions de la joventut amb la Uni\u00f3 Europea i fomentar la participaci\u00f3 dels joves en la vida democr\u00e0tica. La trobada ha reunit joves de Benaguasil, Brussel\u00b7les i Frankfurt Joves <a class=\"mh-excerpt-more\" href=\"https:\/\/tucomarca.whitekongsoftware.com\/ca\/benaguasil-participa-en-la-tercera-trobada-del-programa-youeu-celebrat-a-brusselles\/\" title=\"Benaguasil participa en la tercera trobada del programa YOU&amp;EU celebrat a Brussel\u00b7les\">[+] <\/a><\/div>\n","protected":false},"author":12,"featured_media":181860,"comment_status":"open","ping_status":"open","sticky":false,"template":"","format":"gallery","meta":{"footnotes":""},"categories":[10952,10892,10898,10948,10894,10947,10896],"tags":[11136,10899,18949],"class_list":["post-181866","post","type-post","status-publish","format-gallery","has-post-thumbnail","category-benaguasil-ca","category-camp-de-turia-ca","category-ventana-ca","category-infraestructuras-ca","category-la-comarca-ca","category-politica","category-seccion-ca","tag-benaguasil-ca","tag-camp-de-turia-ca","tag-programa-youeu-ca","post_format-post-format-gallery"],"_links":{"self":[{"href":"https:\/\/tucomarca.whitekongsoftware.com\/ca\/wp-json\/wp\/v2\/posts\/181866","targetHints":{"allow":["GET"]}}],"collection":[{"href":"https:\/\/tucomarca.whitekongsoftware.com\/ca\/wp-json\/wp\/v2\/posts"}],"about":[{"href":"https:\/\/tucomarca.whitekongsoftware.com\/ca\/wp-json\/wp\/v2\/types\/post"}],"author":[{"embeddable":true,"href":"https:\/\/tucomarca.whitekongsoftware.com\/ca\/wp-json\/wp\/v2\/users\/12"}],"replies":[{"embeddable":true,"href":"https:\/\/tucomarca.whitekongsoftware.com\/ca\/wp-json\/wp\/v2\/comments?post=181866"}],"version-history":[{"count":0,"href":"https:\/\/tucomarca.whitekongsoftware.com\/ca\/wp-json\/wp\/v2\/posts\/181866\/revisions"}],"wp:featuredmedia":[{"embeddable":true,"href":"https:\/\/tucomarca.whitekongsoftware.com\/ca\/wp-json\/wp\/v2\/media\/181860"}],"wp:attachment":[{"href":"https:\/\/tucomarca.whitekongsoftware.com\/ca\/wp-json\/wp\/v2\/media?parent=181866"}],"wp:term":[{"taxonomy":"category","embeddable":true,"href":"https:\/\/tucomarca.whitekongsoftware.com\/ca\/wp-json\/wp\/v2\/categories?post=181866"},{"taxonomy":"post_tag","embeddable":true,"href":"https:\/\/tucomarca.whitekongsoftware.com\/ca\/wp-json\/wp\/v2\/tags?post=181866"}],"curies":[{"name":"wp","href":"https:\/\/api.w.org\/{rel}","templated":true}]}}