{"id":181838,"date":"2023-03-27T09:00:00","date_gmt":"2023-03-27T08:00:00","guid":{"rendered":"https:\/\/www.tucomarca.com\/wordpress\/segunda\/?p=181838"},"modified":"2023-03-27T12:52:23","modified_gmt":"2023-03-27T11:52:23","slug":"el-pp-de-requena-presenta-el-pla-reconstruim-requena-2023-2027","status":"publish","type":"post","link":"https:\/\/tucomarca.whitekongsoftware.com\/ca\/el-pp-de-requena-presenta-el-pla-reconstruim-requena-2023-2027\/","title":{"rendered":"El PP de Requena presenta el \u201cPla Reconstru\u00efm Requena 2023-2027\u201d"},"content":{"rendered":"\n<p class=\"wp-block-paragraph\">L&#8217;equip de populars de Requena liderat per Roc\u00edo Cort\u00e9s presenta el \u201cPla Reconstru\u00efm Requena 2023-2027\u201d on es plasmen les diverses propostes per a la millora i reactivaci\u00f3 de Requena que es posaran en marxa durant el pr\u00f2xim mandat quadriennal.<br>Aquest pla s&#8217;estructura al voltant de tres eixos fonamentals per al futur desenvolupament de requena, i que s\u00f3n:<br>1.- Requena, ciutat universit\u00e0ria. El progr\u00e9s de l&#8217;educaci\u00f3 agroaliment\u00e0ria mitjan\u00e7ant l&#8217;impuls de la primera Universitat del Cava i el Vi de Comunitat Valenciana.\u00a0<br>Requena compta amb l&#8217;Estaci\u00f3 de Viticultura i Enologia instituci\u00f3 centen\u00e0ria pionera en investigaci\u00f3 vitivin\u00edcola a Espanya, creada en 1911, seu de l&#8217;Institut Tecnol\u00f2gic de Viticultura i Enologia. Aix\u00ed mateix, cal destacar l&#8217;Escola de Viticultura i Enologia de Requena, creada per la Diputaci\u00f3 Provincial de Val\u00e8ncia en 1960.\u00a0<br>Requena mereix anar m\u00e9s lluny, per la qual cosa acollir\u00e0 el grau universitari d&#8217;Enologia, que ja \u00e9s present en altres comunitats aut\u00f2nomes, i que permetr\u00e0 als nostres estudiants de la \u201cEnol\u00f2gica\u201d poder continuar els seus estudis a la ciutat i atraure a estudiants de la resta d&#8217;Espanya. Al mateix temps, es proposaran nous graus o dobles titulacions, m\u00e0sters, congressos, etc, i es fomentar\u00e0 la investigaci\u00f3 al voltant del vi i el cava. Per a aix\u00f2, es proposar\u00e0 a les diferents administracions que l&#8217;antic institut d&#8217;FP amb quasi 10.000 m\u00b2 de superf\u00edcie siga la seu d&#8217;aquest nou projecte. Aix\u00f2 generar\u00e0 un ecosistema que permetr\u00e0 professionalitzar el sector i impulsar-ho cap a la innovaci\u00f3 i l&#8217;emprenedoria. Aquesta proposta ser\u00e0 liderada per la candidata al PP de Requena, Roc\u00edo Cort\u00e9s Grao, professora associada de la Universitat Polit\u00e8cnica de Val\u00e8ncia que compta amb m\u00e9s de dotze anys d&#8217;experi\u00e8ncia en el sector educatiu.<br>2. Protegint la salut. Es proposa un pla de xoc urgent per a solucionar la falta de personal en centres hospitalaris dependents de la Conselleria de Sanitat. Entre les mesures a desenvolupar, destaquen facilitar l&#8217;arribada de personal mitjan\u00e7ant transport p\u00fablic amb autobusos directes, o convenis amb l&#8217;AVE a les hores d&#8217;entrada i eixida i per a atraure als millors professionals, es crearan subvencions, beques i premis destinats a la investigaci\u00f3 en la salut dels ciutadans.<br>3. S\u00f2l per a cr\u00e9ixer. La falta de s\u00f2l industrial i residencial impossibilita el creixement de la ciutat. Aix\u00ed, perqu\u00e8 puguen arribar noves empreses, s&#8217;escometr\u00e0 la &#8220;el Pla d&#8217;Actuaci\u00f3 Integrada d&#8217;Ampliaci\u00f3 del Pol\u00edgon Industrial el Romeral&#8221;, una mesura urgent davant la inexist\u00e8ncia de s\u00f2l industrial en el municipi. D&#8217;altra banda, es reformular\u00e0 el procediment per al desenvolupament del &#8220;PAI Font Baldomero&#8221; que tenia com a agent urbanitzador a l&#8217;Institut Valenci\u00e0 de l&#8217;Habitatge, ara inexistent. Aquesta actuaci\u00f3 suposar\u00e0 una de les apostes clau per a la creaci\u00f3 d&#8217;habitatges de qualitat i incentivar aix\u00ed a la repoblaci\u00f3 dels municipis i afrontar el Repte Demogr\u00e0fic. Aquesta mesura posar\u00e0 a la disposici\u00f3 de la ciutadania un s\u00f2l residencial d&#8217;un elevat valor entre la urbanitzaci\u00f3 San Jos\u00e9 i Casablanca, i permetr\u00e0 la construcci\u00f3 d&#8217;habitatges adaptats a les necessitats post-covid.<br>Com comptava Roc\u00edo Cort\u00e9s candidata PP a l&#8217;alcaldia: \u00a8 L&#8217;entorn ofereix milers d&#8217;oportunitats, nom\u00e9s es necessita persones que siguen capaces de veure-les i posar-nos a treballar.\u00a8 A continuaci\u00f3, la candidata comentava que: &#8220;Perqu\u00e8 les persones vulguen viure ac\u00ed, primer es necessita tindre oportunitats. Per aix\u00f2 mateix, el creixement de Requena passa per la industrialitzaci\u00f3 generant llocs de treball, la millora de la sanitat que garantir\u00e0 el benestar de tota la poblaci\u00f3, i el desbloqueig de s\u00f2l urb\u00e0 que permetr\u00e0 l&#8217;acc\u00e9s a l&#8217;habitatge. I, tamb\u00e9 \u00e9s necessari tindre visi\u00f3 de futur, i ac\u00ed \u00e9s on s&#8217;emmarca la creaci\u00f3 de la Universitat del Cava i el Vi, que generar\u00e0 oportunitats per als nostres joves, proporcionar\u00e0 professionals per al nostre sector, i tornar\u00e0 a situar a Requena com una de les regions m\u00e9s importants i pioneres al voltant del cava i el vi a Espanya, un lloc del qual mai degu\u00e9rem eixir.&#8221;<br>Aquest &#8220;Pla Reconstru\u00efm Requena 2023-2027&#8221; reflecteix &#8220;el gran comprom\u00eds que adquireix el Partit Popular juntament amb la seua candidata Roc\u00edo Cort\u00e9s per a garantir el futur de Requena&#8221; afirmen els populars del municipi. Informa, <strong>Luis Ib\u00e1\u00f1ez<\/strong>.<\/p>\n\n\n\n<p class=\"wp-block-paragraph\"><\/p>\n","protected":false},"excerpt":{"rendered":"<div class=\"mh-excerpt\">L&#8217;equip de populars de Requena liderat per Roc\u00edo Cort\u00e9s presenta el \u201cPla Reconstru\u00efm Requena 2023-2027\u201d on es plasmen les diverses propostes per a la millora i reactivaci\u00f3 de Requena que es posaran en marxa durant <a class=\"mh-excerpt-more\" href=\"https:\/\/tucomarca.whitekongsoftware.com\/ca\/el-pp-de-requena-presenta-el-pla-reconstruim-requena-2023-2027\/\" title=\"El PP de Requena presenta el \u201cPla Reconstru\u00efm Requena 2023-2027\u201d\">[+] <\/a><\/div>\n","protected":false},"author":12,"featured_media":181837,"comment_status":"open","ping_status":"open","sticky":false,"template":"","format":"standard","meta":{"footnotes":""},"categories":[10948,10894,10947,10908,10909,10896],"tags":[16592,11099,10910],"class_list":["post-181838","post","type-post","status-publish","format-standard","has-post-thumbnail","category-infraestructuras-ca","category-la-comarca-ca","category-politica","category-requena-ca","category-requena-utiel-ca","category-seccion-ca","tag-pp-requena-ca","tag-requena-ca","tag-requena-utiel-ca"],"_links":{"self":[{"href":"https:\/\/tucomarca.whitekongsoftware.com\/ca\/wp-json\/wp\/v2\/posts\/181838","targetHints":{"allow":["GET"]}}],"collection":[{"href":"https:\/\/tucomarca.whitekongsoftware.com\/ca\/wp-json\/wp\/v2\/posts"}],"about":[{"href":"https:\/\/tucomarca.whitekongsoftware.com\/ca\/wp-json\/wp\/v2\/types\/post"}],"author":[{"embeddable":true,"href":"https:\/\/tucomarca.whitekongsoftware.com\/ca\/wp-json\/wp\/v2\/users\/12"}],"replies":[{"embeddable":true,"href":"https:\/\/tucomarca.whitekongsoftware.com\/ca\/wp-json\/wp\/v2\/comments?post=181838"}],"version-history":[{"count":0,"href":"https:\/\/tucomarca.whitekongsoftware.com\/ca\/wp-json\/wp\/v2\/posts\/181838\/revisions"}],"wp:featuredmedia":[{"embeddable":true,"href":"https:\/\/tucomarca.whitekongsoftware.com\/ca\/wp-json\/wp\/v2\/media\/181837"}],"wp:attachment":[{"href":"https:\/\/tucomarca.whitekongsoftware.com\/ca\/wp-json\/wp\/v2\/media?parent=181838"}],"wp:term":[{"taxonomy":"category","embeddable":true,"href":"https:\/\/tucomarca.whitekongsoftware.com\/ca\/wp-json\/wp\/v2\/categories?post=181838"},{"taxonomy":"post_tag","embeddable":true,"href":"https:\/\/tucomarca.whitekongsoftware.com\/ca\/wp-json\/wp\/v2\/tags?post=181838"}],"curies":[{"name":"wp","href":"https:\/\/api.w.org\/{rel}","templated":true}]}}