{"id":181798,"date":"2023-03-23T20:05:00","date_gmt":"2023-03-23T19:05:00","guid":{"rendered":"https:\/\/www.tucomarca.com\/wordpress\/segunda\/?p=181798"},"modified":"2023-03-24T20:49:28","modified_gmt":"2023-03-24T19:49:28","slug":"lorquestra-vila-de-xiva-estrena-els-seus-dos-primers-videoclips-professionals","status":"publish","type":"post","link":"https:\/\/tucomarca.whitekongsoftware.com\/ca\/lorquestra-vila-de-xiva-estrena-els-seus-dos-primers-videoclips-professionals\/","title":{"rendered":"L&#8217;Orquestra Vila de Xiva estrena els seus dos primers videoclips professionals"},"content":{"rendered":"\n<p class=\"wp-block-paragraph\">Els dos primers videoclips de car\u00e0cter professional de l&#8217;Orquestra de pols i pua Vila de Xiva s&#8217;estrenaran amb una projecci\u00f3 exclusiva aquest pr\u00f2xim dissabte 25 de mar\u00e7 de 2023, a les 19.00 hores en el Teatre Astoria de Xiva.<br>Les obres triades per a aquests v\u00eddeos s\u00f3n \u2018Terra de somnis\u2019 de Francisco Abell\u00e1n i \u2018L\u2019italiana in Algeri\u2019 de Gioachino Rossini. Totes dues peces han sigut triades pel seu car\u00e0cter representatiu del repertori de l&#8217;Orquestra, amb una capacitat brillant per a l&#8217;adaptaci\u00f3 d&#8217;obres simf\u00f2niques a la m\u00fasica de plectre i amb una magistral representaci\u00f3 de l&#8217;ess\u00e8ncia musical valenciana i espanyola.<br>Un preci\u00f3s cartell \u2018de pel\u00b7l\u00edcula\u2019 anticipa el que el p\u00fablic podr\u00e0 gaudir aquest pr\u00f2xim dissabte. L&#8217;esdeveniment comptar\u00e0 amb la participaci\u00f3 de Lucrezia Saladino, Coral Verge del Castell, Exklafido Teatre, Shanadanza, Marcial \u201cPierres\u201d, Ernesto Navarro i Crist\u00f3bal R\u00edos, a m\u00e9s de l&#8217;actuaci\u00f3 de la pr\u00f2pia Orquestra.<br>L&#8217;entrada a l&#8217;esdeveniment \u00e9s lliure i gratu\u00efta. Abans d&#8217;aquest, en el propi Teatre Astoria, estar\u00e0 a la venda un exclusiu digipack amb una mem\u00f2ria usb per a poder visionar tots dos videoclips en alta definici\u00f3 en els teus propis dispositius.<br>La OPP Vila de Xiva ha sigut i \u00e9s ins\u00edgnia cultural de Xiva per tots els racons de la geografia espanyola i, des de fa uns anys, tamb\u00e9 per l&#8217;europea. Ara evid\u00e8ncia, una vegada m\u00e9s, que la m\u00fasica de plectre no t\u00e9 l\u00edmits i les seues ganes de cr\u00e9ixer tampoc. La il\u00b7lusi\u00f3, professionalitat i responsabilitat que aporta a cada nou projecte, com en el seu moment als discos i el llibre editat, est\u00e0 reflectida tamb\u00e9 en aquesta nova proposta que t\u00e9 expectant a la poblaci\u00f3.<\/p>\n\n\n\n<p class=\"wp-block-paragraph\"><\/p>\n\n\n\n<p class=\"wp-block-paragraph\"><\/p>\n\n\n\n<p class=\"wp-block-paragraph\"><\/p>\n\n\n\n<p class=\"wp-block-paragraph\"><\/p>\n","protected":false},"excerpt":{"rendered":"<div class=\"mh-excerpt\">Els dos primers videoclips de car\u00e0cter professional de l&#8217;Orquestra de pols i pua Vila de Xiva s&#8217;estrenaran amb una projecci\u00f3 exclusiva aquest pr\u00f2xim dissabte 25 de mar\u00e7 de 2023, a les 19.00 hores en el <a class=\"mh-excerpt-more\" href=\"https:\/\/tucomarca.whitekongsoftware.com\/ca\/lorquestra-vila-de-xiva-estrena-els-seus-dos-primers-videoclips-professionals\/\" title=\"L&#8217;Orquestra Vila de Xiva estrena els seus dos primers videoclips professionals\">[+] <\/a><\/div>\n","protected":false},"author":1,"featured_media":181797,"comment_status":"open","ping_status":"open","sticky":false,"template":"","format":"standard","meta":{"footnotes":""},"categories":[11019,10894,10912,10896,10975],"tags":[11195,10914],"class_list":["post-181798","post","type-post","status-publish","format-standard","has-post-thumbnail","category-agenda-ca","category-la-comarca-ca","category-la-hoya-ca","category-seccion-ca","category-chiva-ca","tag-chiva-ca","tag-la-hoya-de-bunol-chiva-ca"],"_links":{"self":[{"href":"https:\/\/tucomarca.whitekongsoftware.com\/ca\/wp-json\/wp\/v2\/posts\/181798","targetHints":{"allow":["GET"]}}],"collection":[{"href":"https:\/\/tucomarca.whitekongsoftware.com\/ca\/wp-json\/wp\/v2\/posts"}],"about":[{"href":"https:\/\/tucomarca.whitekongsoftware.com\/ca\/wp-json\/wp\/v2\/types\/post"}],"author":[{"embeddable":true,"href":"https:\/\/tucomarca.whitekongsoftware.com\/ca\/wp-json\/wp\/v2\/users\/1"}],"replies":[{"embeddable":true,"href":"https:\/\/tucomarca.whitekongsoftware.com\/ca\/wp-json\/wp\/v2\/comments?post=181798"}],"version-history":[{"count":0,"href":"https:\/\/tucomarca.whitekongsoftware.com\/ca\/wp-json\/wp\/v2\/posts\/181798\/revisions"}],"wp:featuredmedia":[{"embeddable":true,"href":"https:\/\/tucomarca.whitekongsoftware.com\/ca\/wp-json\/wp\/v2\/media\/181797"}],"wp:attachment":[{"href":"https:\/\/tucomarca.whitekongsoftware.com\/ca\/wp-json\/wp\/v2\/media?parent=181798"}],"wp:term":[{"taxonomy":"category","embeddable":true,"href":"https:\/\/tucomarca.whitekongsoftware.com\/ca\/wp-json\/wp\/v2\/categories?post=181798"},{"taxonomy":"post_tag","embeddable":true,"href":"https:\/\/tucomarca.whitekongsoftware.com\/ca\/wp-json\/wp\/v2\/tags?post=181798"}],"curies":[{"name":"wp","href":"https:\/\/api.w.org\/{rel}","templated":true}]}}