{"id":181652,"date":"2023-03-22T08:30:00","date_gmt":"2023-03-22T07:30:00","guid":{"rendered":"https:\/\/www.tucomarca.com\/wordpress\/segunda\/?p=181652"},"modified":"2023-03-22T14:52:41","modified_gmt":"2023-03-22T13:52:41","slug":"el-ii-pla-digualtat-de-la-diputacio-consolida-la-perspectiva-de-genere-en-tots-els-ambits-de-la-institucio","status":"publish","type":"post","link":"https:\/\/tucomarca.whitekongsoftware.com\/ca\/el-ii-pla-digualtat-de-la-diputacio-consolida-la-perspectiva-de-genere-en-tots-els-ambits-de-la-institucio\/","title":{"rendered":"El II Pla d&#8217;Igualtat de la Diputaci\u00f3 consolida la perspectiva de g\u00e8nere en tots els \u00e0mbits de la instituci\u00f3"},"content":{"rendered":"\n<h4 class=\"wp-block-heading\">La diputada d&#8217;Igualtat, Eli Garc\u00eda, presenta un document que ha sigut elaborat amb la participaci\u00f3 i el consens de les diferents \u00e0rees de la corporaci\u00f3 provincial i els sindicats<\/h4>\n\n\n\n<h4 class=\"wp-block-heading\">Entre els objectius del pla destaquen la implantaci\u00f3 d&#8217;un model de promoci\u00f3 transparent, la formaci\u00f3 en igualtat per a tot el personal o la promoci\u00f3 de mesures de conciliaci\u00f3 laboral i familiar<\/h4>\n\n\n\n<p class=\"wp-block-paragraph\">El Pati dels Scala de la Diputaci\u00f3 de Val\u00e8ncia ha acollit este dimarts la presentaci\u00f3 del II Pla d&#8217;Igualtat de la instituci\u00f3 provincial, que tindr\u00e0 vig\u00e8ncia fins a 2025. Encara que el pla dona continu\u00eftat a les pol\u00edtiques d&#8217;igualtat que es venen implantant des de l&#8217;any 2015, inclou importants novetats en els diferents eixos d&#8217;actuaci\u00f3 que tenen com a fi \u00faltima la consolidaci\u00f3 de la perspectiva de g\u00e8nere en la gesti\u00f3 i el funcionament diaris de la Diputaci\u00f3, implicant per a aix\u00f2 a tota l&#8217;organitzaci\u00f3.<\/p>\n\n\n\n<p class=\"wp-block-paragraph\">\u201cAlguns dels objectius que volem destacar d&#8217;este segon pla estan relacionats amb garantir la implantaci\u00f3 d&#8217;un model de promoci\u00f3 transparent, amb criteris sense biaix de g\u00e8nere, implementar la formaci\u00f3 en igualtat o promocionar mesures de conciliaci\u00f3, laboral i familiar, aix\u00ed com aconseguir un clima lliure d&#8217;assetjament sexual i per ra\u00f3 de sexe\u201d, ha manifestat la diputada d&#8217;Igualtat Eli Garc\u00eda, que ha presentat el document al costat de la diputada d&#8217;Administraci\u00f3 General, Pilar Molina, i de Ana Mar\u00eda Juli\u00e1n i Irene D\u00edez, de la consultora Equality Momentum, que han assessorat la comissi\u00f3 encarregada de l&#8217;elaboraci\u00f3 del pla.<\/p>\n\n\n\n<p class=\"wp-block-paragraph\">La diputada Pilar Molina, encarregada de l&#8217;\u00e0rea de Personal i Recursos Humans en la qual han d&#8217;implementar-se bona part de les mesures acordades, ha destacat la \u201ctransversalitat del pla, ja que implica a tots els departaments de la casa\u201d, i ha subratllat \u201cla necessitat absoluta que una instituci\u00f3 com esta compte amb un Pla d&#8217;Igualtat per a la seua plantilla\u201d.<\/p>\n\n\n\n<p class=\"wp-block-paragraph\">El document ha sigut elaborat per part de totes les persones integrants d&#8217;una comissi\u00f3 parit\u00e0ria composta per treballadors i treballadores de diferents \u00e0rees de la corporaci\u00f3 i dels sindicats, i ha comptat amb l&#8217;assessorament de personal t\u00e8cnic especialista en mat\u00e8ries com a formaci\u00f3, comunicaci\u00f3, inform\u00e0tica, contractaci\u00f3 i salut laboral.<\/p>\n\n\n\n<p class=\"wp-block-paragraph\"><strong>Novetats i eixos d&#8217;actuaci\u00f3<\/strong><\/p>\n\n\n\n<p class=\"wp-block-paragraph\">Dividit en 11 eixos d&#8217;intervenci\u00f3 que inclouen un total de 72 accions a dur a terme, el pla impulsat per l&#8217;\u00e0rea d&#8217;Igualtat presenta novetats en diversos aspectes, com la promoci\u00f3 de les dones i la discriminaci\u00f3 positiva de les mateixes en places masculinizadas, garantint la implantaci\u00f3 d&#8217;un model de promoci\u00f3 transparent; la formaci\u00f3 en igualtat de tot el personal de la casa; la promoci\u00f3 de mesures de conciliaci\u00f3, laboral i familiar; l&#8217;elaboraci\u00f3 d&#8217;un programa de salut laboral amb perspectiva de g\u00e8nere; o la creaci\u00f3 d&#8217;un espai en la web de la instituci\u00f3 per a recollir suggeriments en mat\u00e8ria d&#8217;Igualtat.<\/p>\n\n\n\n<p class=\"wp-block-paragraph\">Altres accions a destacar s\u00f3n la inclusi\u00f3 en les bases de processos selectius de cl\u00e0usules que recullen les situacions d&#8217;embar\u00e0s i part i les corresponents exempcions o retards de les candidates; o l&#8217;elaboraci\u00f3 d&#8217;un reglament de la Relaci\u00f3 de Llocs de treball (RPT) amb perspectiva de g\u00e8nere.<\/p>\n\n\n\n<p class=\"wp-block-paragraph\">Esta perspectiva de g\u00e8nere s&#8217;incorpora igualment en els processos de contractaci\u00f3 de b\u00e9ns i serveis, els pressupostos, les accions formatives i comunicatives, el programa de salut laboral, i les diferents convocat\u00f2ries remeses als ajuntaments.<\/p>\n\n\n\n<p class=\"wp-block-paragraph\">Altres mesures recollides en el segon Pla d&#8217;Igualtat de la Diputaci\u00f3 s\u00f3n l&#8217;organitzaci\u00f3 d&#8217;un concurs de cartelleria provincial per a previndre l&#8217;assetjament sexual a trav\u00e9s de l&#8217;art; l&#8217;an\u00e0lisi comparativa de les retribucions salarials de les categories professionals masculinizadas i feminitzades dins de cada grup; la valoraci\u00f3 dels plans d&#8217;igualtat municipals com a m\u00e8rit en els plecs de contractaci\u00f3; la incorporaci\u00f3 de la variable de sexe en les dades del sistema inform\u00e0tic; l&#8217;elaboraci\u00f3 d&#8217;un protocol de prevenci\u00f3 i actuaci\u00f3 en casos de viol\u00e8ncia de g\u00e8nere, contemplant la mobilitat laboral i altres mesures de protecci\u00f3; i l&#8217;ampliaci\u00f3 dels serveis de la \u2018Escola d\u2019estiu\u2019 per a altres per\u00edodes vacacionals com a Nadal i Setmana Santa, ajudant a conciliar la vida familiar i laboral de les empleades i empleats de la Diputaci\u00f3.<\/p>\n\n\n\n<p class=\"wp-block-paragraph\"><strong>Jornada sobre la conciliaci\u00f3 i la corresponsabilitat<\/strong><\/p>\n\n\n\n<p class=\"wp-block-paragraph\">Durant l&#8217;acte s&#8217;ha projectat a m\u00e9s el v\u00eddeo de la campanya sobre el Dia de la Igualtat Salarial, en el qual Elisa Iniesta i Ana Mar\u00eda Juli\u00e1n, s\u00f2cies de Equality Momentum, empresa especialitzada en la promoci\u00f3 de la igualtat, analitzen el problema de la bretxa de g\u00e8nere i oferixen una soluci\u00f3 clara: la conciliaci\u00f3 amb corresponsabilitat.<\/p>\n\n\n\n<p class=\"wp-block-paragraph\">Esta soluci\u00f3 est\u00e0 directament relacionada amb l&#8217;acci\u00f3 43 del II Pla d&#8217;Igualtat de la Diputaci\u00f3, mitjan\u00e7ant el qual es realitzar\u00e0 anualment una jornada sobre la conciliaci\u00f3 i corresponsabilitat dirigida a tota la plantilla, amb l&#8217;objectiu de sensibilitzar sobre els beneficis de la corresponsabilitat familiar.<\/p>\n\n\n\n<p class=\"wp-block-paragraph\"><\/p>\n","protected":false},"excerpt":{"rendered":"<div class=\"mh-excerpt\">La diputada d&#8217;Igualtat, Eli Garc\u00eda, presenta un document que ha sigut elaborat amb la participaci\u00f3 i el consens de les diferents \u00e0rees de la corporaci\u00f3 provincial i els sindicats Entre els objectius del pla destaquen <a class=\"mh-excerpt-more\" href=\"https:\/\/tucomarca.whitekongsoftware.com\/ca\/el-ii-pla-digualtat-de-la-diputacio-consolida-la-perspectiva-de-genere-en-tots-els-ambits-de-la-institucio\/\" title=\"El II Pla d&#8217;Igualtat de la Diputaci\u00f3 consolida la perspectiva de g\u00e8nere en tots els \u00e0mbits de la instituci\u00f3\">[+] <\/a><\/div>\n","protected":false},"author":12,"featured_media":181650,"comment_status":"open","ping_status":"open","sticky":false,"template":"","format":"standard","meta":{"footnotes":""},"categories":[10898,10894,10904,10947,10896],"tags":[11246,18927],"class_list":["post-181652","post","type-post","status-publish","format-standard","has-post-thumbnail","category-ventana-ca","category-la-comarca-ca","category-sin-categorizar-ca","category-politica","category-seccion-ca","tag-diputacio-de-valencia-ca","tag-ii-plan-de-igualdad-de-la-diputacio-ca"],"_links":{"self":[{"href":"https:\/\/tucomarca.whitekongsoftware.com\/ca\/wp-json\/wp\/v2\/posts\/181652","targetHints":{"allow":["GET"]}}],"collection":[{"href":"https:\/\/tucomarca.whitekongsoftware.com\/ca\/wp-json\/wp\/v2\/posts"}],"about":[{"href":"https:\/\/tucomarca.whitekongsoftware.com\/ca\/wp-json\/wp\/v2\/types\/post"}],"author":[{"embeddable":true,"href":"https:\/\/tucomarca.whitekongsoftware.com\/ca\/wp-json\/wp\/v2\/users\/12"}],"replies":[{"embeddable":true,"href":"https:\/\/tucomarca.whitekongsoftware.com\/ca\/wp-json\/wp\/v2\/comments?post=181652"}],"version-history":[{"count":0,"href":"https:\/\/tucomarca.whitekongsoftware.com\/ca\/wp-json\/wp\/v2\/posts\/181652\/revisions"}],"wp:featuredmedia":[{"embeddable":true,"href":"https:\/\/tucomarca.whitekongsoftware.com\/ca\/wp-json\/wp\/v2\/media\/181650"}],"wp:attachment":[{"href":"https:\/\/tucomarca.whitekongsoftware.com\/ca\/wp-json\/wp\/v2\/media?parent=181652"}],"wp:term":[{"taxonomy":"category","embeddable":true,"href":"https:\/\/tucomarca.whitekongsoftware.com\/ca\/wp-json\/wp\/v2\/categories?post=181652"},{"taxonomy":"post_tag","embeddable":true,"href":"https:\/\/tucomarca.whitekongsoftware.com\/ca\/wp-json\/wp\/v2\/tags?post=181652"}],"curies":[{"name":"wp","href":"https:\/\/api.w.org\/{rel}","templated":true}]}}