{"id":181643,"date":"2023-03-22T11:55:00","date_gmt":"2023-03-22T10:55:00","guid":{"rendered":"https:\/\/www.tucomarca.com\/wordpress\/segunda\/?p=181643"},"modified":"2023-03-22T14:43:20","modified_gmt":"2023-03-22T13:43:20","slug":"virgina-sanz-encapcala-la-llista-del-pp-per-a-les-eleccions-municipals-a-bunyol","status":"publish","type":"post","link":"https:\/\/tucomarca.whitekongsoftware.com\/ca\/virgina-sanz-encapcala-la-llista-del-pp-per-a-les-eleccions-municipals-a-bunyol\/","title":{"rendered":"Virgina Sanz liderar\u00e0 la llista del PP per a les eleccions municipals a Bunyol"},"content":{"rendered":"\n<p class=\"wp-block-paragraph\">La bunyolense Virgina Sanz Ferr\u00fas \u00e9s la candidata a l&#8217;alcaldia de Bunyol pel Partit Popular per a les eleccions municipals del 28 de maig.<\/p>\n\n\n\n<p class=\"wp-block-paragraph\">&#8220;Des de fa ja un temps porte un nou projecte entre mans. Un projecte que implica grans canvis personals i professionals. Aquesta nova etapa que comen\u00e7a, l&#8217;afronte amb molta il\u00b7lusi\u00f3 i treball, igual que amb respecte. Em sent preparada i vaig per totes&#8221;. Aix\u00ed s&#8217;ha presentat el cap de llista dels populars en un v\u00eddeo a trav\u00e9s de les xarxes socials.<\/p>\n\n\n\n<p class=\"wp-block-paragraph\"><\/p>\n","protected":false},"excerpt":{"rendered":"<div class=\"mh-excerpt\">La bunyolense Virgina Sanz Ferr\u00fas \u00e9s la candidata a l&#8217;alcaldia de Bunyol pel Partit Popular per a les eleccions municipals del 28 de maig. &#8220;Des de fa ja un temps porte un nou projecte entre <a class=\"mh-excerpt-more\" href=\"https:\/\/tucomarca.whitekongsoftware.com\/ca\/virgina-sanz-encapcala-la-llista-del-pp-per-a-les-eleccions-municipals-a-bunyol\/\" title=\"Virgina Sanz liderar\u00e0 la llista del PP per a les eleccions municipals a Bunyol\">[+] <\/a><\/div>\n","protected":false},"author":12,"featured_media":181640,"comment_status":"open","ping_status":"open","sticky":false,"template":"","format":"standard","meta":{"footnotes":""},"categories":[10911,10948,10894,10912,10947,10896],"tags":[10913,18828,10914,11686],"class_list":["post-181643","post","type-post","status-publish","format-standard","has-post-thumbnail","category-bunol-ca","category-infraestructuras-ca","category-la-comarca-ca","category-la-hoya-ca","category-politica","category-seccion-ca","tag-bunol-ca","tag-elecciones-municipales-2023-ca","tag-la-hoya-de-bunol-chiva-ca","tag-pp-bunol-ca"],"_links":{"self":[{"href":"https:\/\/tucomarca.whitekongsoftware.com\/ca\/wp-json\/wp\/v2\/posts\/181643","targetHints":{"allow":["GET"]}}],"collection":[{"href":"https:\/\/tucomarca.whitekongsoftware.com\/ca\/wp-json\/wp\/v2\/posts"}],"about":[{"href":"https:\/\/tucomarca.whitekongsoftware.com\/ca\/wp-json\/wp\/v2\/types\/post"}],"author":[{"embeddable":true,"href":"https:\/\/tucomarca.whitekongsoftware.com\/ca\/wp-json\/wp\/v2\/users\/12"}],"replies":[{"embeddable":true,"href":"https:\/\/tucomarca.whitekongsoftware.com\/ca\/wp-json\/wp\/v2\/comments?post=181643"}],"version-history":[{"count":0,"href":"https:\/\/tucomarca.whitekongsoftware.com\/ca\/wp-json\/wp\/v2\/posts\/181643\/revisions"}],"wp:featuredmedia":[{"embeddable":true,"href":"https:\/\/tucomarca.whitekongsoftware.com\/ca\/wp-json\/wp\/v2\/media\/181640"}],"wp:attachment":[{"href":"https:\/\/tucomarca.whitekongsoftware.com\/ca\/wp-json\/wp\/v2\/media?parent=181643"}],"wp:term":[{"taxonomy":"category","embeddable":true,"href":"https:\/\/tucomarca.whitekongsoftware.com\/ca\/wp-json\/wp\/v2\/categories?post=181643"},{"taxonomy":"post_tag","embeddable":true,"href":"https:\/\/tucomarca.whitekongsoftware.com\/ca\/wp-json\/wp\/v2\/tags?post=181643"}],"curies":[{"name":"wp","href":"https:\/\/api.w.org\/{rel}","templated":true}]}}