{"id":181448,"date":"2023-03-20T12:05:00","date_gmt":"2023-03-20T11:05:00","guid":{"rendered":"https:\/\/www.tucomarca.com\/wordpress\/segunda\/?p=181448"},"modified":"2023-03-20T20:15:58","modified_gmt":"2023-03-20T19:15:58","slug":"la-guardia-civil-dete-als-autors-dels-robatoris-en-segones-residencies-en-les-localitats-dalzira-tavernes-y-corbera","status":"publish","type":"post","link":"https:\/\/tucomarca.whitekongsoftware.com\/ca\/la-guardia-civil-dete-als-autors-dels-robatoris-en-segones-residencies-en-les-localitats-dalzira-tavernes-y-corbera\/","title":{"rendered":"La Gu\u00e0rdia Civil det\u00e9 als autors dels robatoris en segones resid\u00e8ncies en les localitats d&#8217;Alzira, Tavernes y Corber\u00e1"},"content":{"rendered":"\n<h3 class=\"wp-block-heading\"><strong>Els autors aprofitaven l&#8217;abs\u00e8ncia dels habitants per a entrar per la for\u00e7a i sostraure tot tipus d&#8217;objectes (electrodom\u00e8stics, televisors, joies, diners), que han sigut recuperats pels agents<\/strong>.<\/h3>\n\n\n\n<h3 class=\"wp-block-heading\"><strong>Posteriorment, els entregaven en un locutori a canvi d&#8217;efectiu<\/strong>.<\/h3>\n\n\n\n<p class=\"wp-block-paragraph\">La Gu\u00e0rdia Civil de Val\u00e8ncia det\u00e9 als autors de m\u00faltiples robatoris comesos en segones resid\u00e8ncies de les localitats de Corbera, Tavernes de la Valldigna i Alzira (Val\u00e8ncia).<\/p>\n\n\n\n<p class=\"wp-block-paragraph\">L&#8217;Operaci\u00f3 \u2018FIATOBLO\u2019 va donar principi el mes de gener passat, despr\u00e9s de la recepci\u00f3 de nombroses den\u00fancies relatives al robatori amb for\u00e7a en establiments i en habitatges, moltes d&#8217;elles segones resid\u00e8ncies d&#8217;estiueig, en diverses localitats: Corbera, Tavernes de la Valldigna i Alzira (Val\u00e8ncia).<br>Els agents van observar que els autors d&#8217;aquests fets, utilitzaven, per a la comissi\u00f3 d&#8217;aquests delictes, l&#8217;ajuda d&#8217;un vehicle (una furgoneta comercial), la qual, primerament, van sostraure d&#8217;una nau industrial situada en un pol\u00edgon de la localitat de Corbera. Els agents tamb\u00e9 s&#8217;adonen de la similitud en el modus operandi: robatori mitjan\u00e7ant la for\u00e7a, for\u00e7ant els panys de portes o escalament, per a accedir a l&#8217;interior d&#8217;establiments i habitatges (la majoria segones resid\u00e8ncies), les quals es troben en aquestes \u00e8poques, no habitades en la seua gran majoria. Tamb\u00e9 s&#8217;observa que, en totes les den\u00fancies presentades, els objectes sostrets es corresponen i guarden concordan\u00e7a entre ells: xicotets electrodom\u00e8stics, aparells electr\u00f2nics, roba de marca, joies i diners en efectiu.\u00a0<br>Despr\u00e9s d&#8217;una \u00e0rdua labor de vigil\u00e0ncia, els agents aconsegueixen identificar als 2 autors dels fets, 2 homes de nacionalitat espanyola. Aix\u00ed mateix, tamb\u00e9 s&#8217;esbrina que aquests traslladaven els objectes robats a un locutori situat en la localitat d&#8217;Alzira (Val\u00e8ncia), on els intercanviaven per diners en efectiu.\u00a0<br>El 13 de gener, els agents tenen coneixement de l&#8217;exist\u00e8ncia d&#8217;un accident d&#8217;una furgoneta de color blanc, la qual, despr\u00e9s d&#8217;eixir fugint d&#8217;un control policial i donar-se a la fugida, t\u00e9 una eixida de via, deixant el vehicle abandonat i fugint del lloc amb direcci\u00f3 a la localitat de Carcaixent (Val\u00e8ncia). Per les caracter\u00edstiques del vehicle i dels homes, similars a les dels autors dels robatoris, es realitzen gestions per a la seua localitzaci\u00f3 i identificaci\u00f3, donant com a resultat la seua ubicaci\u00f3 a l&#8217;interior del centre comercial de Carcaixent, on van comprar roba per a canviar-se a l&#8217;interior del lavabo.<br>Despr\u00e9s del visionat de les c\u00e0meres de vigil\u00e0ncia de l&#8217;establiment, s&#8217;aconsegueix la identificaci\u00f3 dels 2 homes, de 19 i 26 anys i de nacionalitat espanyola, amb resid\u00e8ncia a Alzira, als qui se&#8217;ls imputa un delicte continuat de robatori amb for\u00e7a en establiments i habitatges i robatori de vehicle.\u00a0<br>El mes de febrer passat es procedeix a l&#8217;explotaci\u00f3 de la II fase de la investigaci\u00f3, procedint-se a la inspecci\u00f3 del locutori situat a Alzira, on s&#8217;aprehenen nombrosos objectes procedents dels robatoris comesos en les localitats de Tavernes de la Valldigna i Alzira i es det\u00e9 al seu propietari, un home de 34 anys i de nacionalitat marroquina, a qui se li imputa un delicte d&#8217;encobriment.\u00a0<br>Els objectes recuperats s\u00f3n entregats pels agents de la Gu\u00e0rdia Civil encarregats de la investigaci\u00f3 als seus leg\u00edtims propietaris, els qui els reconeixen sense cap g\u00e8nere de dubtes.<br>Les dilig\u00e8ncies han sigut entregades en el Jutjat de Primera Inst\u00e0ncia i Instrucci\u00f3 N\u00famero 3 de Sueca.<\/p>\n","protected":false},"excerpt":{"rendered":"<div class=\"mh-excerpt\">Els autors aprofitaven l&#8217;abs\u00e8ncia dels habitants per a entrar per la for\u00e7a i sostraure tot tipus d&#8217;objectes (electrodom\u00e8stics, televisors, joies, diners), que han sigut recuperats pels agents. Posteriorment, els entregaven en un locutori a canvi <a class=\"mh-excerpt-more\" href=\"https:\/\/tucomarca.whitekongsoftware.com\/ca\/la-guardia-civil-dete-als-autors-dels-robatoris-en-segones-residencies-en-les-localitats-dalzira-tavernes-y-corbera\/\" title=\"La Gu\u00e0rdia Civil det\u00e9 als autors dels robatoris en segones resid\u00e8ncies en les localitats d&#8217;Alzira, Tavernes y Corber\u00e1\">[+] <\/a><\/div>\n","protected":false},"author":1,"featured_media":181446,"comment_status":"open","ping_status":"open","sticky":false,"template":"","format":"standard","meta":{"footnotes":""},"categories":[10889,10898,10948,10894,10904,10902,10896,10897],"tags":[11192,11118,11077],"class_list":["post-181448","post","type-post","status-publish","format-standard","has-post-thumbnail","category-alzira-cat","category-ventana-ca","category-infraestructuras-ca","category-la-comarca-ca","category-sin-categorizar-ca","category-la-ribera-ca","category-seccion-ca","category-sucesos-la-comarca-ca","tag-alzira-ca","tag-guardia-civil-ca","tag-la-ribera-alta-ca"],"_links":{"self":[{"href":"https:\/\/tucomarca.whitekongsoftware.com\/ca\/wp-json\/wp\/v2\/posts\/181448","targetHints":{"allow":["GET"]}}],"collection":[{"href":"https:\/\/tucomarca.whitekongsoftware.com\/ca\/wp-json\/wp\/v2\/posts"}],"about":[{"href":"https:\/\/tucomarca.whitekongsoftware.com\/ca\/wp-json\/wp\/v2\/types\/post"}],"author":[{"embeddable":true,"href":"https:\/\/tucomarca.whitekongsoftware.com\/ca\/wp-json\/wp\/v2\/users\/1"}],"replies":[{"embeddable":true,"href":"https:\/\/tucomarca.whitekongsoftware.com\/ca\/wp-json\/wp\/v2\/comments?post=181448"}],"version-history":[{"count":0,"href":"https:\/\/tucomarca.whitekongsoftware.com\/ca\/wp-json\/wp\/v2\/posts\/181448\/revisions"}],"wp:featuredmedia":[{"embeddable":true,"href":"https:\/\/tucomarca.whitekongsoftware.com\/ca\/wp-json\/wp\/v2\/media\/181446"}],"wp:attachment":[{"href":"https:\/\/tucomarca.whitekongsoftware.com\/ca\/wp-json\/wp\/v2\/media?parent=181448"}],"wp:term":[{"taxonomy":"category","embeddable":true,"href":"https:\/\/tucomarca.whitekongsoftware.com\/ca\/wp-json\/wp\/v2\/categories?post=181448"},{"taxonomy":"post_tag","embeddable":true,"href":"https:\/\/tucomarca.whitekongsoftware.com\/ca\/wp-json\/wp\/v2\/tags?post=181448"}],"curies":[{"name":"wp","href":"https:\/\/api.w.org\/{rel}","templated":true}]}}