{"id":180943,"date":"2023-03-15T21:00:00","date_gmt":"2023-03-15T20:00:00","guid":{"rendered":"https:\/\/www.tucomarca.com\/wordpress\/segunda\/?p=180943"},"modified":"2023-03-16T19:47:59","modified_gmt":"2023-03-16T18:47:59","slug":"lajuntament-presenta-el-llibre-xest-en-pandemia-la-superacio-dun-poble","status":"publish","type":"post","link":"https:\/\/tucomarca.whitekongsoftware.com\/ca\/lajuntament-presenta-el-llibre-xest-en-pandemia-la-superacio-dun-poble\/","title":{"rendered":"L&#8217;Ajuntament presenta el llibre Xest en pand\u00e8mia, la superaci\u00f3 d&#8217;un poble"},"content":{"rendered":"\n<p class=\"wp-block-paragraph\">La sala d&#8217;actes de la Fundaci\u00f3 cajacheste ha acollit la presentaci\u00f3 del llibre Xest en pand\u00e8mia, la superaci\u00f3 d&#8217;un poble, una obra escrita per Teodoro Vallet S\u00e1nchez sota la coordinaci\u00f3 de Teodoro Vallet Pastor, per enc\u00e0rrec de l&#8217;Ajuntament de Xest, per a recopilar diferents experi\u00e8ncies en el marc de la pand\u00e8mia de la COVID-19.<\/p>\n\n\n\n<figure class=\"wp-block-image size-full\"><img loading=\"lazy\" decoding=\"async\" width=\"709\" height=\"473\" src=\"http:\/\/www.tucomarca.com\/wordpress\/segunda\/wp-content\/uploads\/2023\/03\/ChesteLibroCovid4.jpg\" alt=\"\" class=\"wp-image-180940\" srcset=\"https:\/\/tucomarca.whitekongsoftware.com\/wp-content\/uploads\/2023\/03\/ChesteLibroCovid4.jpg 709w, https:\/\/tucomarca.whitekongsoftware.com\/wp-content\/uploads\/2023\/03\/ChesteLibroCovid4-300x200.jpg 300w\" sizes=\"auto, (max-width: 709px) 100vw, 709px\" \/><\/figure>\n\n\n\n<p class=\"wp-block-paragraph\">L&#8217;alcalde de Xest, Jos\u00e9 Morell, va ser l&#8217;encarregat d&#8217;obrir l&#8217;acte, celebrat dissabte passat, 11 de mar\u00e7, posant en valor el treball realitzat per una comissi\u00f3 creada per a materialitzar el llibre. \u201cVull destacar el treball dels integrants de la Comissi\u00f3 COVID-19 pel treball que han realitzat: Carmen Delgado, Ra\u00fal Mota i la fam\u00edlia Vallet-S\u00e1nchez. Ells, a m\u00e9s, van fer aquest llibre en un moment d&#8217;una certa incertesa personal que afortunadament s&#8217;ha superat i aix\u00f2 li ha donat una certa intensitat a la redacci\u00f3 del llibre. Teo Vallet S\u00e1nchez ha sigut el redactor principal i ha realitzat la major part de les entrevistes, el seu pare s&#8217;ha encarregat de realitzar alguna de les entrevistes, ha seleccionat les imatges i coordinat tot el projecte. I la seua mare, Mar S\u00e1nchez, ha realitzat un excel\u00b7lent pr\u00f2leg que posa en situaci\u00f3 aquest llibre\u201d.<\/p>\n\n\n\n<p class=\"wp-block-paragraph\">Durant la seua intervenci\u00f3, l&#8217;alcalde va exemplificar algunes de les viv\u00e8ncies recollides en el llibre i va enaltir el treball realitzat per l&#8217;equip sanitari del Centre de Salut, Protecci\u00f3 Civil, Policia Local, la brigada municipal, els centres educatius i diferents associacions locals. \u201cEl llibre \u00e9s tamb\u00e9 un homenatge als morts i a les seues fam\u00edlies. Tamb\u00e9 \u00e9s un reconeixement per als qui van afrontar la pand\u00e8mia des de primera l\u00ednia\u201d, afirmava Morell. \u201cDes de la meua posici\u00f3 com a alcalde estic involucrat en el succe\u00eft durant aquests anys i puc dir que, malgrat les dificultats, a Xest vam ser capaces de sobreposar-nos amb un comportament exemplar. La quantitat de mostres de solidaritat havia d&#8217;estar en aquest llibre\u201d.<\/p>\n\n\n\n<p class=\"wp-block-paragraph\">Or\u00edgens del projecte i pr\u00f2xima exposici\u00f3 de fotografies<\/p>\n\n\n\n<p class=\"wp-block-paragraph\">Morell va explicar que la redacci\u00f3 del llibre respon a una necessitat de donar testimoniatge al viscut a Xest durant la pand\u00e8mia. \u201cEn aquell moment no sabia com donar\u00edem forma a aquest testimoniatge, per\u00f2 preventivament vaig anar recopilant imatges del gabinet de premsa i vaig demanar expressament a Luis Ib\u00e1\u00f1ez que anara realitzant fotografies. Despr\u00e9s tamb\u00e9 demanem imatges a persones que s\u00f3n aficionades o professionals de la fotografia, com C\u00e9sar, de Estudi73; M\u00aa Paz o Diego Tar\u00edn, entre altres persones. Una vegada passada la fase m\u00e9s aguda, vaig tindre una reuni\u00f3 amb la comissi\u00f3 per a concebre com an\u00e0vem a donar forma al testimoniatge. Primer vam fer una gala d&#8217;homenatge titulada Gr\u00e0cies Xest per a totes les persones que havien tingut alguna cosa a veure amb la gesti\u00f3 o les conseq\u00fc\u00e8ncies de la pand\u00e8mia. Despr\u00e9s va haver-hi altres espec\u00edfiques per a sanitaris, brigada, m\u00f3n educatiu, l&#8217;Associaci\u00f3 Musical La Lira, etc\u00e8tera. En segon lloc concebem el llibre que hui es presenta i, finalment, es va pensar a realitzar una exposici\u00f3 de fotografies en diferents punts de la localitat. Per aix\u00f2 a partir de la setmana vinent es podran veure en la pla\u00e7a Doctor Cajal, en la pla\u00e7a II Rep\u00fablica i en la pla\u00e7a del Mercat\u201d, apuntava l&#8217;alcalde.<\/p>\n\n\n\n<p class=\"wp-block-paragraph\">Contingut del llibre<br>El coordinador del projecte, Teodoro Vallet Pastor, va disculpar la pres\u00e8ncia del seu fill i va projectar un v\u00eddeo en el qual l&#8217;autor es dirigia al p\u00fablic per a parlar sobre l&#8217;experi\u00e8ncia de redactar l&#8217;obra. \u201cL&#8217;he viscuda com un privilegi. Quan Jose em va proposar fer el treball de camp primer em vaig sentir aclaparat perqu\u00e8 intu\u00efa que calia deixar que les persones em contaren relats; alguns optimistes, per\u00f2 altres bastant durs. Per\u00f2 despr\u00e9s ho vaig veure com un repte, perqu\u00e8 en aquests temps d&#8217;immediatesa, justament crec que falta fomentar l&#8217;escolta a l&#8217;altre; i amb aquest projecte he pogut trobar-me amb gent de sis generacions diferents i poder aprendre i adonar-me que junts podem avan\u00e7ar m\u00e9s. Aqueix sentiment de cura i de generositat est\u00e0 en el nostre ADN com a poble\u201d, manifestava Teodoro Vallet S\u00e1nchez.<\/p>\n\n\n\n<p class=\"wp-block-paragraph\">Tot seguit, Teodoro Vallet Pastor, va desgranar l&#8217;estructura del llibre, dividit en diverses tem\u00e0tiques: la resposta sanit\u00e0ria, persones afectades i les seues fam\u00edlies, seguretat, economia, educaci\u00f3, cultura, oci i festes; i la uni\u00f3 d&#8217;un poble enfront del virus. Aix\u00ed mateix, va destacar la participaci\u00f3 en el projecte de Mar S\u00e1nchez Verduch, Amparo Haro Cort\u00e9s, Ana Bonilla M\u00e1s, Noah Hig\u00f3n Bellver, Isabel Rodrigo Monts\u00f3 i Jos\u00e9 Mar\u00eda Mira Quilis. \u201cAmb aquest equip i amb una totalitat d&#8217;unes 50 entrevistes es van cobrir 12 \u00e0rees de la societat chestana\u201d, subratllava.<\/p>\n\n\n\n<p class=\"wp-block-paragraph\">L&#8217;acte va finalitzar amb un minut de silenci dedicat a totes les persones afectades per la COVID-19.<\/p>\n","protected":false},"excerpt":{"rendered":"<div class=\"mh-excerpt\">La sala d&#8217;actes de la Fundaci\u00f3 cajacheste ha acollit la presentaci\u00f3 del llibre Xest en pand\u00e8mia, la superaci\u00f3 d&#8217;un poble, una obra escrita per Teodoro Vallet S\u00e1nchez sota la coordinaci\u00f3 de Teodoro Vallet Pastor, per <a class=\"mh-excerpt-more\" href=\"https:\/\/tucomarca.whitekongsoftware.com\/ca\/lajuntament-presenta-el-llibre-xest-en-pandemia-la-superacio-dun-poble\/\" title=\"L&#8217;Ajuntament presenta el llibre Xest en pand\u00e8mia, la superaci\u00f3 d&#8217;un poble\">[+] <\/a><\/div>\n","protected":false},"author":12,"featured_media":180938,"comment_status":"open","ping_status":"open","sticky":false,"template":"","format":"standard","meta":{"footnotes":""},"categories":[10894,10912,11007,10896,10974],"tags":[11071,10914,13133],"class_list":["post-180943","post","type-post","status-publish","format-standard","has-post-thumbnail","category-la-comarca-ca","category-la-hoya-ca","category-ocio-y-cultura-ca","category-seccion-ca","category-cheste-ca","tag-cheste","tag-la-hoya-de-bunol-chiva-ca","tag-pandemia-ca"],"_links":{"self":[{"href":"https:\/\/tucomarca.whitekongsoftware.com\/ca\/wp-json\/wp\/v2\/posts\/180943","targetHints":{"allow":["GET"]}}],"collection":[{"href":"https:\/\/tucomarca.whitekongsoftware.com\/ca\/wp-json\/wp\/v2\/posts"}],"about":[{"href":"https:\/\/tucomarca.whitekongsoftware.com\/ca\/wp-json\/wp\/v2\/types\/post"}],"author":[{"embeddable":true,"href":"https:\/\/tucomarca.whitekongsoftware.com\/ca\/wp-json\/wp\/v2\/users\/12"}],"replies":[{"embeddable":true,"href":"https:\/\/tucomarca.whitekongsoftware.com\/ca\/wp-json\/wp\/v2\/comments?post=180943"}],"version-history":[{"count":0,"href":"https:\/\/tucomarca.whitekongsoftware.com\/ca\/wp-json\/wp\/v2\/posts\/180943\/revisions"}],"wp:featuredmedia":[{"embeddable":true,"href":"https:\/\/tucomarca.whitekongsoftware.com\/ca\/wp-json\/wp\/v2\/media\/180938"}],"wp:attachment":[{"href":"https:\/\/tucomarca.whitekongsoftware.com\/ca\/wp-json\/wp\/v2\/media?parent=180943"}],"wp:term":[{"taxonomy":"category","embeddable":true,"href":"https:\/\/tucomarca.whitekongsoftware.com\/ca\/wp-json\/wp\/v2\/categories?post=180943"},{"taxonomy":"post_tag","embeddable":true,"href":"https:\/\/tucomarca.whitekongsoftware.com\/ca\/wp-json\/wp\/v2\/tags?post=180943"}],"curies":[{"name":"wp","href":"https:\/\/api.w.org\/{rel}","templated":true}]}}