{"id":180598,"date":"2023-03-13T08:01:00","date_gmt":"2023-03-13T07:01:00","guid":{"rendered":"https:\/\/www.tucomarca.com\/wordpress\/segunda\/?p=180598"},"modified":"2023-03-13T22:07:41","modified_gmt":"2023-03-13T21:07:41","slug":"la-unio-musical-de-godelleta-informa-de-projectes-escola-i-actes-culturals-en-el-municipi-en-un-programa-especial-en-la-radio-municipal-de-bunyol","status":"publish","type":"post","link":"https:\/\/tucomarca.whitekongsoftware.com\/ca\/la-unio-musical-de-godelleta-informa-de-projectes-escola-i-actes-culturals-en-el-municipi-en-un-programa-especial-en-la-radio-municipal-de-bunyol\/","title":{"rendered":"La Uni\u00f3 Musical de Godelleta informa de projectes, escola i actes culturals en el municipi en un programa especial en la r\u00e0dio municipal de Bunyol"},"content":{"rendered":"\n<p class=\"wp-block-paragraph\"><strong>La Uni\u00f3 Musical de Godelleta divendres passat va assistir als estudis de R\u00e0dio Bunyol TV per a oferir un ampli programa radiof\u00f2nic de 13 a 14h sobre projectes futurs, actualitat de l&#8217;escola, aix\u00ed com pr\u00f2xims esdeveniments. La pr\u00f2xima societat musical a assistir ser\u00e0 la Uni\u00f3 Musical d&#8217;I\u00e0tova. Ho far\u00e0 el divendres 24 de mar\u00e7. Amb ella culminen els programes homenatge a les bandes de la comarca<\/strong><\/p>\n\n\n\n<p class=\"wp-block-paragraph\">Amb tots dos programes es tanca el cicle de programes sobre les bandes de m\u00fasica de la comarca, que va obrir el col\u00b7laborador Paco Carrascosa en l&#8217;anterior temporada del seu excel\u00b7lent programa anomenat Clasytodo. Totes dues bandes faltaven i en aquesta temporada ara s&#8217;ha pogut reprendre.<\/p>\n\n\n\n<p class=\"wp-block-paragraph\">Al llarg d&#8217;una hora es va tractar realitat, actualitat, passat i futur d&#8217;aquesta societat musical. Van ser presents Jes\u00fas Perell\u00f3, director de la banda simf\u00f2nica de la Uni\u00f3 Musical de Godelleta; \u00c1ngel Gil, president d&#8217;aquesta societat musical; Rafa Fora, Alcalde de Godelleta; i Juan Carlos Fayos, regidor de Cultura de l&#8217;Ajuntament de Godelleta.<\/p>\n\n\n\n<p class=\"wp-block-paragraph\">Una xarrada amena, entretinguda i molt interessant on es va deixar patent que aquesta societat musical ha crescut en nombre d&#8217;educands i m\u00fasics professionals en els \u00faltims 40 anys. Tant \u00e9s aix\u00ed que en els anys 70 comptaven amb 20 m\u00fasics i ara arriben a superar els 140, per aix\u00f2 per primera vegada assistiran al Certamen de Bandes de M\u00fasica de Val\u00e8ncia, en la secci\u00f3 Especial. De moment havien assistit a Secci\u00f3 Primera, on van aconseguir l&#8217;Esment d&#8217;Honor. Ara lluitaran per guanyar tamb\u00e9 en la m\u00e0xima categoria.<\/p>\n\n\n\n<p class=\"wp-block-paragraph\">Aquest i altres temes de gran import\u00e0ncia poden veure&#8217;s i escoltar-se a trav\u00e9s d&#8217;aquest programa, que est\u00e0 tant en el canal de Youtube de R\u00e0dio Bunyol com en el de Ivoox i en les seues xarxes socials.<\/p>\n\n\n\n<p class=\"wp-block-paragraph\">El divendres 24 de mar\u00e7 ser\u00e0 el torn de la Uni\u00f3 Musical d&#8217;I\u00e0tova. Tamb\u00e9 seran presents els protagonistes d&#8217;aquesta gran societat musical per a reflectir la realitat d&#8217;una societat que tamb\u00e9 ha crescut molt en els \u00faltims anys. Reflex de la passi\u00f3 i l&#8217;amor que la comarca de la Foia de Bunyol-Xiva t\u00e9 per la m\u00fasica de bandes. Amb aquesta societat musical culmina el cicle de programes homenatge a les bandes comarcals en R\u00e0dio Bunyol TV.<\/p>\n","protected":false},"excerpt":{"rendered":"<div class=\"mh-excerpt\">La Uni\u00f3 Musical de Godelleta divendres passat va assistir als estudis de R\u00e0dio Bunyol TV per a oferir un ampli programa radiof\u00f2nic de 13 a 14h sobre projectes futurs, actualitat de l&#8217;escola, aix\u00ed com pr\u00f2xims <a class=\"mh-excerpt-more\" href=\"https:\/\/tucomarca.whitekongsoftware.com\/ca\/la-unio-musical-de-godelleta-informa-de-projectes-escola-i-actes-culturals-en-el-municipi-en-un-programa-especial-en-la-radio-municipal-de-bunyol\/\" title=\"La Uni\u00f3 Musical de Godelleta informa de projectes, escola i actes culturals en el municipi en un programa especial en la r\u00e0dio municipal de Bunyol\">[+] <\/a><\/div>\n","protected":false},"author":12,"featured_media":180596,"comment_status":"open","ping_status":"open","sticky":false,"template":"","format":"standard","meta":{"footnotes":""},"categories":[10911,10977,10894,10912,10896],"tags":[10913,11087,10914,18904],"class_list":["post-180598","post","type-post","status-publish","format-standard","has-post-thumbnail","category-bunol-ca","category-godelleta-ca","category-la-comarca-ca","category-la-hoya-ca","category-seccion-ca","tag-bunol-ca","tag-godelleta-ca","tag-la-hoya-de-bunol-chiva-ca","tag-la-union-musical-godelleta-ca"],"_links":{"self":[{"href":"https:\/\/tucomarca.whitekongsoftware.com\/ca\/wp-json\/wp\/v2\/posts\/180598","targetHints":{"allow":["GET"]}}],"collection":[{"href":"https:\/\/tucomarca.whitekongsoftware.com\/ca\/wp-json\/wp\/v2\/posts"}],"about":[{"href":"https:\/\/tucomarca.whitekongsoftware.com\/ca\/wp-json\/wp\/v2\/types\/post"}],"author":[{"embeddable":true,"href":"https:\/\/tucomarca.whitekongsoftware.com\/ca\/wp-json\/wp\/v2\/users\/12"}],"replies":[{"embeddable":true,"href":"https:\/\/tucomarca.whitekongsoftware.com\/ca\/wp-json\/wp\/v2\/comments?post=180598"}],"version-history":[{"count":0,"href":"https:\/\/tucomarca.whitekongsoftware.com\/ca\/wp-json\/wp\/v2\/posts\/180598\/revisions"}],"wp:featuredmedia":[{"embeddable":true,"href":"https:\/\/tucomarca.whitekongsoftware.com\/ca\/wp-json\/wp\/v2\/media\/180596"}],"wp:attachment":[{"href":"https:\/\/tucomarca.whitekongsoftware.com\/ca\/wp-json\/wp\/v2\/media?parent=180598"}],"wp:term":[{"taxonomy":"category","embeddable":true,"href":"https:\/\/tucomarca.whitekongsoftware.com\/ca\/wp-json\/wp\/v2\/categories?post=180598"},{"taxonomy":"post_tag","embeddable":true,"href":"https:\/\/tucomarca.whitekongsoftware.com\/ca\/wp-json\/wp\/v2\/tags?post=180598"}],"curies":[{"name":"wp","href":"https:\/\/api.w.org\/{rel}","templated":true}]}}