{"id":180443,"date":"2023-03-13T10:05:00","date_gmt":"2023-03-13T09:05:00","guid":{"rendered":"https:\/\/www.tucomarca.com\/wordpress\/segunda\/?p=180443"},"modified":"2023-03-13T11:43:28","modified_gmt":"2023-03-13T10:43:28","slug":"la-facultat-de-medicina-de-valencia-incorpora-a-la-neurocientifica-bunolense-sandra-fernandez-per-a-investigar-tractaments-en-pacients-amb-vih","status":"publish","type":"post","link":"https:\/\/tucomarca.whitekongsoftware.com\/ca\/la-facultat-de-medicina-de-valencia-incorpora-a-la-neurocientifica-bunolense-sandra-fernandez-per-a-investigar-tractaments-en-pacients-amb-vih\/","title":{"rendered":"La Facultat de Medicina de Val\u00e8ncia incorpora a la neurocient\u00edfica bunyolense Sandra Fern\u00e1ndez per a investigar tractaments en pacients amb VIH"},"content":{"rendered":"\n<h3 class=\"wp-block-heading\">La facultat de Medicina de la Universitat de Val\u00e8ncia ha incorporat al seu departament de farmacologia a la Doctora en Neuroci\u00e8ncies bunyolense Sandra Fern\u00e1ndez Rodr\u00edguez amb l&#8217;objectiu de treballar en la investigaci\u00f3 de tractaments per a pacients amb VIH.&nbsp;<\/h3>\n\n\n\n<p class=\"wp-block-paragraph\">La facultat de Medicina de la Universitat de Val\u00e8ncia ha incorporat al seu departament de farmacologia a la Doctora en Neuroci\u00e8ncies bu\u00f1olense de 29 anys Sandra Fern\u00e1ndez Rodr\u00edguez amb l&#8217;objectiu de treballar en la investigaci\u00f3 de tractaments per a pacients amb VIH o S\u00edndrome d&#8217;Immunodefici\u00e8ncia Adquirida (Sida). &#8220;Sempre he tingut molta afinitat amb les ci\u00e8ncies i la biologia, despr\u00e9s d&#8217;acabar el batxillerat i plantejar-me el meu futur professional, em vaig graduar en Biotecnologia per la Universitat Polit\u00e8cnica de Val\u00e8ncia ja que en aqueixos moments Biotecnologia era una carrera emergent, poc vista; em va generar m\u00e9s curiositat que la Biologia o la Bioqu\u00edmica tradicionals que ja era m\u00e9s nova, i per aix\u00f2 vaig decidir decantar-me per aquesta carrera&#8221;, tal com Sandra Fern\u00e1ndez ha explicat a&nbsp;<strong>tucomarca.com<\/strong>.<\/p>\n\n\n\n<p class=\"wp-block-paragraph\">&#8220;Com \u00e9s sabut, el terme doctor no sols s&#8217;aplica als metges, \u00e9s tamb\u00e9 aplicable a qualsevol persona que fa un doctorat, b\u00e9 siga en Filosofia, en Hist\u00f2ria o en qualsevol disciplina com en el meu cas, en Neuroci\u00e8ncies. Jo he fet la meua investigaci\u00f3 sobre l&#8217;addicci\u00f3 a l&#8217;alcohol, m\u00e9s concretament sobre alteracions neurobiol\u00f2giques que poden predisposar a la recaiguda en un pacient que porta un temps en abstin\u00e8ncia, en desintoxicaci\u00f3. Sempre hi ha un risc de recaiguda i no tothom torna a recaure. He estat estudiant quins mecanismes moleculars poden afavorir la vulnerabilitat a la recaiguda i hem provat un tractament. En concret, durant els estudis administrem el f\u00e0rmac N-acetilciste\u00efna, utilitzat actualment com mucol\u00edtico, per a previndre amb \u00e8xit la recaiguda en models d&#8217;alcoholisme cr\u00f2nic&#8221;, com ha detallat la doctora en Neuroci\u00e8ncies.<\/p>\n\n\n\n<p class=\"wp-block-paragraph\">Durant els seus estudis de Biotecnologia, Sandra Fern\u00e1ndez va formar part de l&#8217;equip de Biologia del Desenvolupament i Models de Malalties Neuromusculars del Centre d&#8217;Investigaci\u00f3 Pr\u00edncep Felip, la qual cosa va despertar el seu inter\u00e9s per la Neuroci\u00e8ncia. Tant \u00e9s aix\u00ed que durant el curs seg\u00fcent va obtindre el seu t\u00edtol de M\u00e0ster en Neuroci\u00e8ncies per la Universitat de Val\u00e8ncia.&nbsp;<\/p>\n\n\n\n<p class=\"wp-block-paragraph\">Aqueix mateix any va rebre la primera Beca Llan\u00e7adora de la Fundaci\u00f3 per Amor a l\u2019Art que li va permetre treballar durant un any amb el grup de Malalties Rares Neurodegeneratives del Centre d&#8217;Investigaci\u00f3 Pr\u00edncep Felip, on es va unir a l&#8217;equip d&#8217;investigaci\u00f3 de la malaltia rara NBIA (malaltia neurodegenerativa per acumulaci\u00f3 cerebral de ferro) i en 2018 la beca de la Generalitat Valenciana per a realitzar la seua tesi doctoral en Neuroci\u00e8ncies amb el grup de Neurofarmacolog\u00eda de l&#8217;addicci\u00f3 (NEUROPHARAD) de la Universitat de Val\u00e8ncia.&nbsp;<\/p>\n\n\n\n<p class=\"wp-block-paragraph\">Sandra Fern\u00e1ndez s&#8217;ha format a m\u00e9s a l&#8217;estranger per al seu doctorat: &#8220;vaig haver d&#8217;anar-me quatre mesos a Fran\u00e7a a treballar, ja que un requisit per a l&#8217;esment final del doctorat era fer una estada a l&#8217;estranger. Vaig estar en la Universit\u00e9 Jules Verne en Picardie (Amiens) amb el Groupe de Recherche sud l&#8217;Alcool et els Pharmacod\u00e9pendances, un laboratori de prestigi internacional en el seu camp d&#8217;estudi. El treball de laboratori amb aquest grup va ser fonamental ja que amb ells vaig aprendre noves t\u00e8cniques per a les quals en el meu laboratori no ten\u00edem equipament. Vam fer un estudi els resultats del qual es publicaran prompte en una revista cient\u00edfica&#8221;, en paraules de Sandra Fern\u00e1ndez.<\/p>\n\n\n\n<p class=\"wp-block-paragraph\">De fet, la rellev\u00e0ncia del seu treball s&#8217;ha vist reflectida en les seues publicacions en revistes internacionals d&#8217;investigaci\u00f3 i en la seua participaci\u00f3 en nombrosos congressos nacionals i internacionals on fins i tot ha rebut el premi a la millor comunicaci\u00f3 cient\u00edfica. Tamb\u00e9 va rebre el premi Young Investigator Award per part de la European Society for Biomedical Research on Alcoholism en 2021.<\/p>\n\n\n\n<p class=\"wp-block-paragraph\">A m\u00e9s de la seua faceta investigadora ja consolidada, durant la seua etapa predoctoral Sandra Fern\u00e1ndez ha pogut fer classes a la Universitat de Val\u00e8ncia, dirigir Treballs de Final de Grau i mentorizar a diferents alumnes i alumnes de pr\u00e0ctiques en el laboratori; i ha sigut despr\u00e9s de llegir la seua Tesi Doctoral, amb la qual ha obtingut un Excel\u00b7lent Cum laude, quan la Facultat de Medicina ha volgut comptar amb ella de manera continuada per a exercir el seu treball en el departament de farmacologia, en el qual canvia totalment de registre per a dedicar els seus coneixements a tractaments per a pacients amb VIH.<\/p>\n\n\n\n<p class=\"wp-block-paragraph\">D&#8217;altra banda, tamb\u00e9 ha participat en jornades de divulgaci\u00f3 cient\u00edfica a nivell local, amb la seua participaci\u00f3 en les jornades Bunyol en el coneixement i a nivell provincial amb la seua participaci\u00f3 en Dons i neuroci\u00e8ncia, una jornada per a visibilitzar el paper de la dona cient\u00edfica i inspirar a les xiquetes en el seu cam\u00ed com a futures cient\u00edfiques.&nbsp;<\/p>\n\n\n\n<p class=\"wp-block-paragraph\"><\/p>\n","protected":false},"excerpt":{"rendered":"<div class=\"mh-excerpt\">La facultat de Medicina de la Universitat de Val\u00e8ncia ha incorporat al seu departament de farmacologia a la Doctora en Neuroci\u00e8ncies bunyolense Sandra Fern\u00e1ndez Rodr\u00edguez amb l&#8217;objectiu de treballar en la investigaci\u00f3 de tractaments per <a class=\"mh-excerpt-more\" href=\"https:\/\/tucomarca.whitekongsoftware.com\/ca\/la-facultat-de-medicina-de-valencia-incorpora-a-la-neurocientifica-bunolense-sandra-fernandez-per-a-investigar-tractaments-en-pacients-amb-vih\/\" title=\"La Facultat de Medicina de Val\u00e8ncia incorpora a la neurocient\u00edfica bunyolense Sandra Fern\u00e1ndez per a investigar tractaments en pacients amb VIH\">[+] <\/a><\/div>\n","protected":false},"author":12,"featured_media":180449,"comment_status":"open","ping_status":"open","sticky":false,"template":"","format":"standard","meta":{"footnotes":""},"categories":[10911,11010,10894,10912,11007,10896],"tags":[10913,10914,18896,18897],"class_list":["post-180443","post","type-post","status-publish","format-standard","has-post-thumbnail","category-bunol-ca","category-canal-salud","category-la-comarca-ca","category-la-hoya-ca","category-ocio-y-cultura-ca","category-seccion-ca","tag-bunol-ca","tag-la-hoya-de-bunol-chiva-ca","tag-neurociencias-ca","tag-sandra-fernandez-rodriguez-ca"],"_links":{"self":[{"href":"https:\/\/tucomarca.whitekongsoftware.com\/ca\/wp-json\/wp\/v2\/posts\/180443","targetHints":{"allow":["GET"]}}],"collection":[{"href":"https:\/\/tucomarca.whitekongsoftware.com\/ca\/wp-json\/wp\/v2\/posts"}],"about":[{"href":"https:\/\/tucomarca.whitekongsoftware.com\/ca\/wp-json\/wp\/v2\/types\/post"}],"author":[{"embeddable":true,"href":"https:\/\/tucomarca.whitekongsoftware.com\/ca\/wp-json\/wp\/v2\/users\/12"}],"replies":[{"embeddable":true,"href":"https:\/\/tucomarca.whitekongsoftware.com\/ca\/wp-json\/wp\/v2\/comments?post=180443"}],"version-history":[{"count":0,"href":"https:\/\/tucomarca.whitekongsoftware.com\/ca\/wp-json\/wp\/v2\/posts\/180443\/revisions"}],"wp:featuredmedia":[{"embeddable":true,"href":"https:\/\/tucomarca.whitekongsoftware.com\/ca\/wp-json\/wp\/v2\/media\/180449"}],"wp:attachment":[{"href":"https:\/\/tucomarca.whitekongsoftware.com\/ca\/wp-json\/wp\/v2\/media?parent=180443"}],"wp:term":[{"taxonomy":"category","embeddable":true,"href":"https:\/\/tucomarca.whitekongsoftware.com\/ca\/wp-json\/wp\/v2\/categories?post=180443"},{"taxonomy":"post_tag","embeddable":true,"href":"https:\/\/tucomarca.whitekongsoftware.com\/ca\/wp-json\/wp\/v2\/tags?post=180443"}],"curies":[{"name":"wp","href":"https:\/\/api.w.org\/{rel}","templated":true}]}}