{"id":180244,"date":"2023-03-08T10:27:00","date_gmt":"2023-03-08T09:27:00","guid":{"rendered":"https:\/\/www.tucomarca.com\/wordpress\/segunda\/?p=180244"},"modified":"2023-03-08T19:40:17","modified_gmt":"2023-03-08T18:40:17","slug":"turis-celebra-el-8-de-marc-amb-la-lectura-del-manifest-per-la-igualtat","status":"publish","type":"post","link":"https:\/\/tucomarca.whitekongsoftware.com\/ca\/turis-celebra-el-8-de-marc-amb-la-lectura-del-manifest-per-la-igualtat\/","title":{"rendered":"Tur\u00eds celebra el 8 de mar\u00e7 amb la lectura del Manifest per la Igualtat"},"content":{"rendered":"\n<p class=\"wp-block-paragraph\">Com cada 8 de mar\u00e7, l&#8217;Ajuntament de Tur\u00eds ha realitzat la lectura del Manifest per la Igualtat, que aquesta any ha comptat amb la participaci\u00f3 dels usuaris de l&#8217;Aula de respir i de l&#8217;alumnat de 5\u00e9 i 6\u00e9 de prim\u00e0ria del CEIP Joaqu\u00edn Mu\u00f1oz.<\/p>\n\n\n\n<figure class=\"wp-block-gallery has-nested-images columns-2 is-cropped wp-block-gallery-1 is-layout-flex wp-block-gallery-is-layout-flex\">\n<figure class=\"wp-block-image size-large\"><img loading=\"lazy\" decoding=\"async\" width=\"709\" height=\"473\" data-id=\"180237\" src=\"http:\/\/www.tucomarca.com\/wordpress\/segunda\/wp-content\/uploads\/2023\/03\/Turis8m_2.jpg\" alt=\"\" class=\"wp-image-180237\" srcset=\"https:\/\/tucomarca.whitekongsoftware.com\/wp-content\/uploads\/2023\/03\/Turis8m_2.jpg 709w, https:\/\/tucomarca.whitekongsoftware.com\/wp-content\/uploads\/2023\/03\/Turis8m_2-300x200.jpg 300w\" sizes=\"auto, (max-width: 709px) 100vw, 709px\" \/><\/figure>\n\n\n\n<figure class=\"wp-block-image size-large\"><img loading=\"lazy\" decoding=\"async\" width=\"709\" height=\"473\" data-id=\"180239\" src=\"http:\/\/www.tucomarca.com\/wordpress\/segunda\/wp-content\/uploads\/2023\/03\/Turis8m_3.jpg\" alt=\"\" class=\"wp-image-180239\" srcset=\"https:\/\/tucomarca.whitekongsoftware.com\/wp-content\/uploads\/2023\/03\/Turis8m_3.jpg 709w, https:\/\/tucomarca.whitekongsoftware.com\/wp-content\/uploads\/2023\/03\/Turis8m_3-300x200.jpg 300w\" sizes=\"auto, (max-width: 709px) 100vw, 709px\" \/><\/figure>\n\n\n\n<figure class=\"wp-block-image size-large\"><img loading=\"lazy\" decoding=\"async\" width=\"709\" height=\"473\" data-id=\"180241\" src=\"http:\/\/www.tucomarca.com\/wordpress\/segunda\/wp-content\/uploads\/2023\/03\/Turis8m_4.jpg\" alt=\"\" class=\"wp-image-180241\" srcset=\"https:\/\/tucomarca.whitekongsoftware.com\/wp-content\/uploads\/2023\/03\/Turis8m_4.jpg 709w, https:\/\/tucomarca.whitekongsoftware.com\/wp-content\/uploads\/2023\/03\/Turis8m_4-300x200.jpg 300w\" sizes=\"auto, (max-width: 709px) 100vw, 709px\" \/><\/figure>\n<\/figure>\n","protected":false},"excerpt":{"rendered":"<div class=\"mh-excerpt\">Com cada 8 de mar\u00e7, l&#8217;Ajuntament de Tur\u00eds ha realitzat la lectura del Manifest per la Igualtat, que aquesta any ha comptat amb la participaci\u00f3 dels usuaris de l&#8217;Aula de respir i de l&#8217;alumnat de <a class=\"mh-excerpt-more\" href=\"https:\/\/tucomarca.whitekongsoftware.com\/ca\/turis-celebra-el-8-de-marc-amb-la-lectura-del-manifest-per-la-igualtat\/\" title=\"Tur\u00eds celebra el 8 de mar\u00e7 amb la lectura del Manifest per la Igualtat\">[+] <\/a><\/div>\n","protected":false},"author":12,"featured_media":180236,"comment_status":"open","ping_status":"open","sticky":false,"template":"","format":"gallery","meta":{"footnotes":""},"categories":[10898,10894,10902,11007,10896,11047],"tags":[11508,11356,11093],"class_list":["post-180244","post","type-post","status-publish","format-gallery","has-post-thumbnail","category-ventana-ca","category-la-comarca-ca","category-la-ribera-ca","category-ocio-y-cultura-ca","category-seccion-ca","category-turis-ca","tag-8m-ca","tag-ribera-alta-ca","tag-turis-ca","post_format-post-format-gallery"],"_links":{"self":[{"href":"https:\/\/tucomarca.whitekongsoftware.com\/ca\/wp-json\/wp\/v2\/posts\/180244","targetHints":{"allow":["GET"]}}],"collection":[{"href":"https:\/\/tucomarca.whitekongsoftware.com\/ca\/wp-json\/wp\/v2\/posts"}],"about":[{"href":"https:\/\/tucomarca.whitekongsoftware.com\/ca\/wp-json\/wp\/v2\/types\/post"}],"author":[{"embeddable":true,"href":"https:\/\/tucomarca.whitekongsoftware.com\/ca\/wp-json\/wp\/v2\/users\/12"}],"replies":[{"embeddable":true,"href":"https:\/\/tucomarca.whitekongsoftware.com\/ca\/wp-json\/wp\/v2\/comments?post=180244"}],"version-history":[{"count":0,"href":"https:\/\/tucomarca.whitekongsoftware.com\/ca\/wp-json\/wp\/v2\/posts\/180244\/revisions"}],"wp:featuredmedia":[{"embeddable":true,"href":"https:\/\/tucomarca.whitekongsoftware.com\/ca\/wp-json\/wp\/v2\/media\/180236"}],"wp:attachment":[{"href":"https:\/\/tucomarca.whitekongsoftware.com\/ca\/wp-json\/wp\/v2\/media?parent=180244"}],"wp:term":[{"taxonomy":"category","embeddable":true,"href":"https:\/\/tucomarca.whitekongsoftware.com\/ca\/wp-json\/wp\/v2\/categories?post=180244"},{"taxonomy":"post_tag","embeddable":true,"href":"https:\/\/tucomarca.whitekongsoftware.com\/ca\/wp-json\/wp\/v2\/tags?post=180244"}],"curies":[{"name":"wp","href":"https:\/\/api.w.org\/{rel}","templated":true}]}}