{"id":180203,"date":"2023-03-08T10:26:00","date_gmt":"2023-03-08T09:26:00","guid":{"rendered":"https:\/\/www.tucomarca.com\/wordpress\/segunda\/?p=180203"},"modified":"2023-03-08T13:20:25","modified_gmt":"2023-03-08T12:20:25","slug":"la-diputacio-presenta-el-full-de-ruta-per-a-convertir-la-comarca-de-requena-utiel-en-territori-rural-intelligent","status":"publish","type":"post","link":"https:\/\/tucomarca.whitekongsoftware.com\/ca\/la-diputacio-presenta-el-full-de-ruta-per-a-convertir-la-comarca-de-requena-utiel-en-territori-rural-intelligent\/","title":{"rendered":"La Diputaci\u00f3 presenta el full de ruta per a convertir la comarca de Requena-Utiel en Territori Rural Intel\u00b7ligent"},"content":{"rendered":"\n<h3 class=\"wp-block-heading\"><strong><strong>El document estrat\u00e8gic per a La Plana d&#8217;Utiel-Requena aborda assumptes com la connectivitat, la formaci\u00f3 a dist\u00e0ncia, el foment del comer\u00e7 o la participaci\u00f3 ciutadana<\/strong><\/strong>.<\/h3>\n\n\n\n<h3 class=\"wp-block-heading\"><strong><strong>El diputat de Desenvolupament Rural, Ramiro Rivera, va presidir l&#8217;acte de presentaci\u00f3 a l&#8217;ajuntament de Chera davant alcaldes, alcaldesses, t\u00e8cnics municipals i representants de les mancomunitats de la comarca<\/strong><\/strong>.<\/h3>\n\n\n\n<p class=\"wp-block-paragraph\">La delegaci\u00f3 de Desenvolupament Rural i Pol\u00edtiques contra la Despoblaci\u00f3 de la Diputaci\u00f3 de Val\u00e8ncia, que dirigix el diputat Ramiro Rivera, va presentar a l&#8217;ajuntament de Chera el Pla Integral Estrat\u00e8gic de Territori Rural Intel\u00b7ligent (TRI) a la comarca de La Plana d&#8217;Utiel-Requena, en un acte que va comptar amb l&#8217;assist\u00e8ncia d&#8217;alcaldes, alcaldesses i regidors de la comarca, aix\u00ed com de representants de les mancomunitats Tierra del Vino i El Tejo.<\/p>\n\n\n\n<p class=\"wp-block-paragraph\">El projecte de territori rural intel\u00b7ligent s&#8217;erigix en un full de ruta per a implementar amb majors garanties d&#8217;\u00e8xit pol\u00edtiques p\u00fabliques dirigides a revitalitzar el teixit productiu, modernitzar els serveis que s&#8217;oferixen a la ciutadania i, en definitiva, fer m\u00e9s competitiu el m\u00f3n rural; condici\u00f3 necess\u00e0ria perqu\u00e8 viure en el medi rural siga atractiu per al desenvolupament dels projectes personals dels seus actuals habitants i de potencials nous ve\u00efns.<\/p>\n\n\n\n<p class=\"wp-block-paragraph\">L&#8217;estudi, presentat per la consultora especialitzada ZWIT Project, aborda les possibilitats per al foment del desenvolupament econ\u00f2mic de la comarca per part dels seus ajuntaments que suposen la connectivitat digital, la formaci\u00f3 a dist\u00e0ncia, el foment del comer\u00e7 i distribuci\u00f3 de proximitat, la participaci\u00f3 ciutadana, aix\u00ed com la innovaci\u00f3, emprenedoria i transfer\u00e8ncia de coneixement.<\/p>\n\n\n\n<p class=\"wp-block-paragraph\">En les accions proposades s&#8217;han tingut presents els eixos transversals essencials de l&#8217;actuaci\u00f3 p\u00fablica, com la igualtat de g\u00e8nere i inclusi\u00f3 social, la descarbonitzaci\u00f3 de l&#8217;economia, la cohesi\u00f3 territorial i la coordinaci\u00f3 amb altres iniciatives com el projecte Smart City provincial Connecta Val\u00e8ncia aix\u00ed com les respectives estrat\u00e8gies de desenvolupament local de cada territori.<\/p>\n\n\n\n<p class=\"wp-block-paragraph\">El projecte redactat ha comptat amb la participaci\u00f3 de les ag\u00e8ncies de desenvolupament local d&#8217;ajuntaments i mancomunitats, aix\u00ed com del Grup d&#8217;Acci\u00f3 Local (GAL) Rurable. En ell es determinen i valoren econ\u00f2micament diverses actuacions espec\u00edfiques necess\u00e0ries per a assegurar la transici\u00f3 digital i ecol\u00f2gica i afrontar el risc de despoblaci\u00f3, identificant les principals convocat\u00f2ries d&#8217;ajudes dels fons Next Generation m\u00e9s adaptades a les necessitats i prioritats locals.<\/p>\n\n\n\n<p class=\"wp-block-paragraph\">El diputat Ramiro Rivera ha destacat que \u201camb este projecte pilot, la delegaci\u00f3 de desenvolupament rural est\u00e0 decidida a impulsar models com els territoris rurals intel\u00b7ligents en l&#8217;\u00e0mbit de les seues zones preferents d&#8217;actuaci\u00f3, sent la comarca d&#8217;Utiel-Requena un entorn especialment interessant pel fet de comptar ja amb sistemes de governan\u00e7a participativa entre els municipis que el componen\u201d.<\/p>\n\n\n\n<p class=\"wp-block-paragraph\">Davant l&#8217;oportunitat que suposa per a la comarca comptar amb el document estrat\u00e8gic encarregat per la Diputaci\u00f3 de Val\u00e8ncia, els equips t\u00e8cnics del departament de Desenvolupament Rural de la Diputaci\u00f3 de Val\u00e8ncia i la Mancomunitat Terra del Vi s&#8217;han empla\u00e7at a mantindre reunions en les pr\u00f2ximes setmanes per a explorar possibles iniciatives conjuntes.<br><br><strong>Suport al desenvolupament rural<\/strong><\/p>\n\n\n\n<p class=\"wp-block-paragraph\">La presentaci\u00f3 d\u2019este pla se suma a altres accions de suport al desenvolupament rural de la prov\u00edncia impulsades pel departament de desenvolupament rural de la Diputaci\u00f3, les quals han injectat en 2022 m\u00e9s de 300.000 euros a la comarca.<\/p>\n\n\n\n<p class=\"wp-block-paragraph\">Entre estes iniciatives cal destacar el Fons de Cooperaci\u00f3 contra la Despoblaci\u00f3 de la Generalitat i la Diputaci\u00f3, pel qual les dues administracions han destinat entre 2019 i 2022 m\u00e9s de 1,5 milions d&#8217;euros a la comarca millorant el finan\u00e7ament dels ajuntaments de Sinarcas, Camporrobles, Caudete de las Fuentes, Chera, Venta del Moro i Villargordo del Cabriel, totalitzant 12 milions d&#8217;euros a la prov\u00edncia.<\/p>\n\n\n\n<p class=\"wp-block-paragraph\">A m\u00e9s, l&#8217;\u00e0rea de Desenvolupament Rural de la corporaci\u00f3 provincial ha impulsat ajudes al funcionament de les escoles rurals de la comarca, de les quals en el present curs 2022-23 s&#8217;han beneficiat els ajuntaments de Caudete de las Fuentes i Venta del Moro per al manteniment dels seus serveis de menjador escolar i activitats extraescolars.<\/p>\n\n\n\n<p class=\"wp-block-paragraph\">D&#8217;altra banda, en el marc de la convocat\u00f2ria de subvencions a projectes de dinamitzaci\u00f3 socioecon\u00f2mica rural impulsats per entitats sense \u00e0nim de lucre, amb 10 projectes en marxa a la prov\u00edncia, s&#8217;han secundat amb 37.000 euros projectes de la comarca d&#8217;Utiel-Requena com els impulsats per l&#8217;Associaci\u00f3 de Mares i Pares (AMPA) de l&#8217;IES Miguel Viana d&#8217;Utiel, o la <em>Asociaci\u00f3n Comarcal de Atenci\u00f3n Temprana Utiel Requena (ACATUR).<br><\/em><br>A estes accions cal sumar les iniciatives de suport a l&#8217;emprenedoria rural que impulsa la delegaci\u00f3 de desenvolupament rural i pol\u00edtiques contra la despoblaci\u00f3, com els programes Emprendeaventura Rural i el servei de Mentoring Rural, impartits per CEEI Val\u00e8ncia i oberts a persones emprenedores i empreses de recent creaci\u00f3 de municipis rurals de la prov\u00edncia, aix\u00ed com la col\u00b7laboraci\u00f3 amb els Grups d&#8217;Acci\u00f3 Local (a la Plana d&#8217;Utiel-Requena, el GAL Rurable) en la seua labor di\u00e0ria de dinamitzaci\u00f3 del m\u00f3n rural a trav\u00e9s de projectes de modernitzaci\u00f3 i promoci\u00f3 econ\u00f2mica com l&#8217;Observatori de la Dona en la Nova Ruralitat.<\/p>\n\n\n\n<figure class=\"wp-block-image size-large\"><img loading=\"lazy\" decoding=\"async\" width=\"1024\" height=\"461\" src=\"http:\/\/www.tucomarca.com\/wordpress\/segunda\/wp-content\/uploads\/2023\/03\/CheraDipu-1024x461.jpeg\" alt=\"\" class=\"wp-image-180198\" srcset=\"https:\/\/tucomarca.whitekongsoftware.com\/wp-content\/uploads\/2023\/03\/CheraDipu-1024x461.jpeg 1024w, https:\/\/tucomarca.whitekongsoftware.com\/wp-content\/uploads\/2023\/03\/CheraDipu-300x135.jpeg 300w, https:\/\/tucomarca.whitekongsoftware.com\/wp-content\/uploads\/2023\/03\/CheraDipu-768x346.jpeg 768w, https:\/\/tucomarca.whitekongsoftware.com\/wp-content\/uploads\/2023\/03\/CheraDipu-1536x691.jpeg 1536w, https:\/\/tucomarca.whitekongsoftware.com\/wp-content\/uploads\/2023\/03\/CheraDipu.jpeg 2000w\" sizes=\"auto, (max-width: 1024px) 100vw, 1024px\" \/><\/figure>\n","protected":false},"excerpt":{"rendered":"<div class=\"mh-excerpt\">El document estrat\u00e8gic per a La Plana d&#8217;Utiel-Requena aborda assumptes com la connectivitat, la formaci\u00f3 a dist\u00e0ncia, el foment del comer\u00e7 o la participaci\u00f3 ciutadana. El diputat de Desenvolupament Rural, Ramiro Rivera, va presidir l&#8217;acte <a class=\"mh-excerpt-more\" href=\"https:\/\/tucomarca.whitekongsoftware.com\/ca\/la-diputacio-presenta-el-full-de-ruta-per-a-convertir-la-comarca-de-requena-utiel-en-territori-rural-intelligent\/\" title=\"La Diputaci\u00f3 presenta el full de ruta per a convertir la comarca de Requena-Utiel en Territori Rural Intel\u00b7ligent\">[+] <\/a><\/div>\n","protected":false},"author":1,"featured_media":180201,"comment_status":"open","ping_status":"open","sticky":false,"template":"","format":"standard","meta":{"footnotes":""},"categories":[11031,11032,11054,10898,10948,10894,10904,10903,10947,10909,10896,11058,11060,11061],"tags":[11318,15308,11099,10910],"class_list":["post-180203","post","type-post","status-publish","format-standard","has-post-thumbnail","category-camporrobles-ca","category-caudete-ca","category-chera-ca","category-ventana-ca","category-infraestructuras-ca","category-la-comarca-ca","category-sin-categorizar-ca","category-medio-ambiente-la-comarca-ca","category-politica","category-requena-utiel-ca","category-seccion-ca","category-sinarcas-ca","category-venta-del-moro-ca","category-villargordo-del-cabriel-ca","tag-chera-ca","tag-diputacion-de-valencia-2-ca","tag-requena-ca","tag-requena-utiel-ca"],"_links":{"self":[{"href":"https:\/\/tucomarca.whitekongsoftware.com\/ca\/wp-json\/wp\/v2\/posts\/180203","targetHints":{"allow":["GET"]}}],"collection":[{"href":"https:\/\/tucomarca.whitekongsoftware.com\/ca\/wp-json\/wp\/v2\/posts"}],"about":[{"href":"https:\/\/tucomarca.whitekongsoftware.com\/ca\/wp-json\/wp\/v2\/types\/post"}],"author":[{"embeddable":true,"href":"https:\/\/tucomarca.whitekongsoftware.com\/ca\/wp-json\/wp\/v2\/users\/1"}],"replies":[{"embeddable":true,"href":"https:\/\/tucomarca.whitekongsoftware.com\/ca\/wp-json\/wp\/v2\/comments?post=180203"}],"version-history":[{"count":0,"href":"https:\/\/tucomarca.whitekongsoftware.com\/ca\/wp-json\/wp\/v2\/posts\/180203\/revisions"}],"wp:featuredmedia":[{"embeddable":true,"href":"https:\/\/tucomarca.whitekongsoftware.com\/ca\/wp-json\/wp\/v2\/media\/180201"}],"wp:attachment":[{"href":"https:\/\/tucomarca.whitekongsoftware.com\/ca\/wp-json\/wp\/v2\/media?parent=180203"}],"wp:term":[{"taxonomy":"category","embeddable":true,"href":"https:\/\/tucomarca.whitekongsoftware.com\/ca\/wp-json\/wp\/v2\/categories?post=180203"},{"taxonomy":"post_tag","embeddable":true,"href":"https:\/\/tucomarca.whitekongsoftware.com\/ca\/wp-json\/wp\/v2\/tags?post=180203"}],"curies":[{"name":"wp","href":"https:\/\/api.w.org\/{rel}","templated":true}]}}