{"id":180028,"date":"2023-03-07T18:00:00","date_gmt":"2023-03-07T17:00:00","guid":{"rendered":"https:\/\/www.tucomarca.com\/wordpress\/segunda\/?p=180028"},"modified":"2023-03-07T18:52:08","modified_gmt":"2023-03-07T17:52:08","slug":"el-candidat-del-prya-a-lalcaldia-de-requena-joaquin-gonzalez-critica-el-lamentable-estat-dabando-del-llogaret-dels-coixos","status":"publish","type":"post","link":"https:\/\/tucomarca.whitekongsoftware.com\/ca\/el-candidat-del-prya-a-lalcaldia-de-requena-joaquin-gonzalez-critica-el-lamentable-estat-dabando-del-llogaret-dels-coixos\/","title":{"rendered":"El candidat del PRyA a l&#8217;alcaldia de Requena, Joaqu\u00edn Gonz\u00e1lez, critica el &#8220;lamentable estat d&#8217;aband\u00f3&#8221; del llogaret dels Coixos"},"content":{"rendered":"\n<h3 class=\"wp-block-heading\"><strong>En la seua visita, el candidat del PRyA va poder comprovar en persona el lamentable estat d&#8217;aband\u00f3 d&#8217;aquest llogaret per part del govern de Mario S\u00e1nchez, aix\u00ed com escoltar les queixes i suggeriments dels ve\u00efns<\/strong><\/h3>\n\n\n\n<p class=\"wp-block-paragraph\">Diversos membres del PRyA acompanyats pel candidat a l&#8217;Alcaldia, Joaqu\u00edn Gonz\u00e1lez Gonz\u00e1lez, van visitar diumenge passat la pedania dels Coixos, on han pogut parlar amb els ve\u00efns i con\u00e9ixer &#8220;la realitat d&#8217;un llogaret oblidat pel govern de l&#8217;alcalde Mario S\u00e1nchez&#8221;.<br>&#8220;All\u00ed ens hem trobat carrers i places en condicions lamentables, mobiliari urb\u00e0 deteriorat, fonts trencades, escocells sense arbres, una pista esportiva sense pintar, un front\u00f3 deteriorat, el parc infantil sense tot just jocs per als xiquets i aix\u00ed un llarg etc quant a l&#8217;estat de la via p\u00fablica, una cosa lamentable i de dif\u00edcil explicaci\u00f3 per part del govern de PSOE i Podem a Requena&#8221;, segons fonts del PRyA.\u00a0<br>&#8220;Esment especial mereix la falta de neteja vi\u00e0ria en tota la poblaci\u00f3, doncs a la vista est\u00e0 la falta d&#8217;aquest important servei p\u00fablic, de qual l&#8217;alcalde socialista de Requena fa gala, per\u00f2 que a l&#8217;hora de la veritat \u00e9s insuficient o inexistent&#8221;.\u00a0<br>Des del Partit de Requena i Llogarets &#8220;ens costa entendre com es pot abandonar un llogaret d&#8217;aquesta manera sense tot just importar-los. \u00c9s reprotxable i intolerable que el PSOE tracte als ve\u00efns dels llogarets com a ciutadans de segona&#8221;.\u00a0<br>&#8220;Des de la nostra formaci\u00f3 pol\u00edtica, com hem fet en altres ocasions, portarem totes aquestes reivindicacions dels ve\u00efns dels Coixos a l&#8217;Ajuntament i, a trav\u00e9s de nosaltres, els donarem veu en el ple municipal&#8221;.\u00a0<br>&#8220;Si els votants ens donen la seua confian\u00e7a en les pr\u00f2ximes eleccions municipals, des del PRyA retornarem als llogarets al lloc que es mereixen, al de paradisos rurals que mai degueren deixar de ser, aqueix \u00e9s el nostre comprom\u00eds&#8221;, han finalitzat.<\/p>\n","protected":false},"excerpt":{"rendered":"<div class=\"mh-excerpt\">En la seua visita, el candidat del PRyA va poder comprovar en persona el lamentable estat d&#8217;aband\u00f3 d&#8217;aquest llogaret per part del govern de Mario S\u00e1nchez, aix\u00ed com escoltar les queixes i suggeriments dels ve\u00efns <a class=\"mh-excerpt-more\" href=\"https:\/\/tucomarca.whitekongsoftware.com\/ca\/el-candidat-del-prya-a-lalcaldia-de-requena-joaquin-gonzalez-critica-el-lamentable-estat-dabando-del-llogaret-dels-coixos\/\" title=\"El candidat del PRyA a l&#8217;alcaldia de Requena, Joaqu\u00edn Gonz\u00e1lez, critica el &#8220;lamentable estat d&#8217;aband\u00f3&#8221; del llogaret dels Coixos\">[+] <\/a><\/div>\n","protected":false},"author":1,"featured_media":180025,"comment_status":"open","ping_status":"open","sticky":false,"template":"","format":"standard","meta":{"footnotes":""},"categories":[10948,10894,10947,10908,10909,10896],"tags":[18888,12796,11099,10910],"class_list":["post-180028","post","type-post","status-publish","format-standard","has-post-thumbnail","category-infraestructuras-ca","category-la-comarca-ca","category-politica","category-requena-ca","category-requena-utiel-ca","category-seccion-ca","tag-los-cojos-ca","tag-prya-ca","tag-requena-ca","tag-requena-utiel-ca"],"_links":{"self":[{"href":"https:\/\/tucomarca.whitekongsoftware.com\/ca\/wp-json\/wp\/v2\/posts\/180028","targetHints":{"allow":["GET"]}}],"collection":[{"href":"https:\/\/tucomarca.whitekongsoftware.com\/ca\/wp-json\/wp\/v2\/posts"}],"about":[{"href":"https:\/\/tucomarca.whitekongsoftware.com\/ca\/wp-json\/wp\/v2\/types\/post"}],"author":[{"embeddable":true,"href":"https:\/\/tucomarca.whitekongsoftware.com\/ca\/wp-json\/wp\/v2\/users\/1"}],"replies":[{"embeddable":true,"href":"https:\/\/tucomarca.whitekongsoftware.com\/ca\/wp-json\/wp\/v2\/comments?post=180028"}],"version-history":[{"count":0,"href":"https:\/\/tucomarca.whitekongsoftware.com\/ca\/wp-json\/wp\/v2\/posts\/180028\/revisions"}],"wp:featuredmedia":[{"embeddable":true,"href":"https:\/\/tucomarca.whitekongsoftware.com\/ca\/wp-json\/wp\/v2\/media\/180025"}],"wp:attachment":[{"href":"https:\/\/tucomarca.whitekongsoftware.com\/ca\/wp-json\/wp\/v2\/media?parent=180028"}],"wp:term":[{"taxonomy":"category","embeddable":true,"href":"https:\/\/tucomarca.whitekongsoftware.com\/ca\/wp-json\/wp\/v2\/categories?post=180028"},{"taxonomy":"post_tag","embeddable":true,"href":"https:\/\/tucomarca.whitekongsoftware.com\/ca\/wp-json\/wp\/v2\/tags?post=180028"}],"curies":[{"name":"wp","href":"https:\/\/api.w.org\/{rel}","templated":true}]}}