{"id":179771,"date":"2023-03-03T19:19:00","date_gmt":"2023-03-03T18:19:00","guid":{"rendered":"https:\/\/www.tucomarca.com\/wordpress\/segunda\/?p=179771"},"modified":"2023-03-03T20:51:11","modified_gmt":"2023-03-03T19:51:11","slug":"alba-anon-i-izan-lopez-guanyen-el-concurs-de-dibuix-de-la-setmana-de-les-dones-de-turis","status":"publish","type":"post","link":"https:\/\/tucomarca.whitekongsoftware.com\/ca\/alba-anon-i-izan-lopez-guanyen-el-concurs-de-dibuix-de-la-setmana-de-les-dones-de-turis\/","title":{"rendered":"Alba A\u00f1\u00f3n i Izan L\u00f3pez guanyen el concurs de dibuix de la setmana de les dones de Tur\u00eds"},"content":{"rendered":"\n<p class=\"wp-block-paragraph\">Ahir van inaugurar l&#8217;exposici\u00f3 amb tots els dibuixos de l&#8217;alumnat de 5\u00e9 i 6\u00e9 del CEIP Joaqu\u00edn Mu\u00f1oz que ha participat en el concurs organitzat per l&#8217;Ajuntament per commemorar la Setmana de les Dones.<\/p>\n\n\n\n<p class=\"wp-block-paragraph\">L&#8217;obra d&#8217;Alba A\u00f1\u00f3n Crespo ha sigut la triada per al cartell anunciador, mentre que la d&#8217;Izan L\u00f3pez Mart\u00ednez figura al fullet informatiu de les activitats.<\/p>\n\n\n\n<p class=\"wp-block-paragraph\">L&#8217;alcalde i membres de l&#8217;equip de govern feren entrega a Alba i Izan de dos vals de compra per al comer\u00e7 local. Per a tot l&#8217;alumnat participant es repartir\u00e0 tamb\u00e9 un detallat. L\u2019exposici\u00f3 es podr\u00e0 veure fins el 8 de mar\u00e7 per les vesprades en la Casa Museu.<\/p>\n\n\n\n<p class=\"wp-block-paragraph\"><\/p>\n","protected":false},"excerpt":{"rendered":"<div class=\"mh-excerpt\">Ahir van inaugurar l&#8217;exposici\u00f3 amb tots els dibuixos de l&#8217;alumnat de 5\u00e9 i 6\u00e9 del CEIP Joaqu\u00edn Mu\u00f1oz que ha participat en el concurs organitzat per l&#8217;Ajuntament per commemorar la Setmana de les Dones. L&#8217;obra <a class=\"mh-excerpt-more\" href=\"https:\/\/tucomarca.whitekongsoftware.com\/ca\/alba-anon-i-izan-lopez-guanyen-el-concurs-de-dibuix-de-la-setmana-de-les-dones-de-turis\/\" title=\"Alba A\u00f1\u00f3n i Izan L\u00f3pez guanyen el concurs de dibuix de la setmana de les dones de Tur\u00eds\">[+] <\/a><\/div>\n","protected":false},"author":12,"featured_media":179770,"comment_status":"open","ping_status":"open","sticky":false,"template":"","format":"standard","meta":{"footnotes":""},"categories":[10948,10894,10902,11007,10947,10896,11047],"tags":[11356,11093],"class_list":["post-179771","post","type-post","status-publish","format-standard","has-post-thumbnail","category-infraestructuras-ca","category-la-comarca-ca","category-la-ribera-ca","category-ocio-y-cultura-ca","category-politica","category-seccion-ca","category-turis-ca","tag-ribera-alta-ca","tag-turis-ca"],"_links":{"self":[{"href":"https:\/\/tucomarca.whitekongsoftware.com\/ca\/wp-json\/wp\/v2\/posts\/179771","targetHints":{"allow":["GET"]}}],"collection":[{"href":"https:\/\/tucomarca.whitekongsoftware.com\/ca\/wp-json\/wp\/v2\/posts"}],"about":[{"href":"https:\/\/tucomarca.whitekongsoftware.com\/ca\/wp-json\/wp\/v2\/types\/post"}],"author":[{"embeddable":true,"href":"https:\/\/tucomarca.whitekongsoftware.com\/ca\/wp-json\/wp\/v2\/users\/12"}],"replies":[{"embeddable":true,"href":"https:\/\/tucomarca.whitekongsoftware.com\/ca\/wp-json\/wp\/v2\/comments?post=179771"}],"version-history":[{"count":0,"href":"https:\/\/tucomarca.whitekongsoftware.com\/ca\/wp-json\/wp\/v2\/posts\/179771\/revisions"}],"wp:featuredmedia":[{"embeddable":true,"href":"https:\/\/tucomarca.whitekongsoftware.com\/ca\/wp-json\/wp\/v2\/media\/179770"}],"wp:attachment":[{"href":"https:\/\/tucomarca.whitekongsoftware.com\/ca\/wp-json\/wp\/v2\/media?parent=179771"}],"wp:term":[{"taxonomy":"category","embeddable":true,"href":"https:\/\/tucomarca.whitekongsoftware.com\/ca\/wp-json\/wp\/v2\/categories?post=179771"},{"taxonomy":"post_tag","embeddable":true,"href":"https:\/\/tucomarca.whitekongsoftware.com\/ca\/wp-json\/wp\/v2\/tags?post=179771"}],"curies":[{"name":"wp","href":"https:\/\/api.w.org\/{rel}","templated":true}]}}