{"id":179642,"date":"2023-03-02T13:00:00","date_gmt":"2023-03-02T12:00:00","guid":{"rendered":"https:\/\/www.tucomarca.com\/wordpress\/segunda\/?p=179642"},"modified":"2023-03-02T20:23:25","modified_gmt":"2023-03-02T19:23:25","slug":"el-prya-denuncia-la-deixadesa-i-abando-de-la-zona-verda-del-barranc-de-reines-situada-al-costat-de-bassa-de-moros","status":"publish","type":"post","link":"https:\/\/tucomarca.whitekongsoftware.com\/ca\/el-prya-denuncia-la-deixadesa-i-abando-de-la-zona-verda-del-barranc-de-reines-situada-al-costat-de-bassa-de-moros\/","title":{"rendered":"El PRyA den\u00fancia la &#8220;deixadesa i aband\u00f3&#8221; de la zona verda del barranc de Reines situada al costat de \u201cBassa de Moros\u201d"},"content":{"rendered":"\n<p class=\"wp-block-paragraph\"><strong>El candidat del PRyA a l&#8217;Alcaldia de Requena, Joaqu\u00edn Gonz\u00e1lez, posa com a exemple de la mala gesti\u00f3 de l&#8217;alcalde socialista Mario S\u00e1nchez al parc situat al costat dels barris de Bassa de Moros i Ollerias.<\/strong><\/p>\n\n\n\n<p class=\"wp-block-paragraph\">&#8220;Des del PRyA no \u00e9s la primera vegada que denunciem el mal estat de la zona verda del barranc de Reines situat al costat del pont de les Ollerias, la deixadesa i aband\u00f3 d&#8217;aquesta zona verda \u00e9s comptant per part del govern del PSOE i Podemos&#8221;, han explicat des del PRyA.\u00a0<br>&#8220;En aquest parc, podem veure bancs trencats i sense envernissar o pintar, papereres deteriorades, el clos lateral de fusta destrossat, les rajoles de l&#8217;escala trencades o els ponts que creuen el llit d&#8217;aigua en un estat lamentable&#8221;.\u00a0<br>&#8220;Des del PRyA veiem ac\u00ed una falta de manteniment per part del govern socialista que ha provocat la deterioraci\u00f3 de tots aquests elements, alguna cosa que la seua evid\u00e8ncia la mala gesti\u00f3.\u00a0<br>A m\u00e9s de tot aix\u00f2, hi ha aig\u00fces brutes estancades en el llit que circula per aquest parc situat entre els barris de Bassa de Moros i Ollerias, una cosa insalubre i que pot provocar infeccions&#8221;.\u00a0<br>&#8220;A tot aix\u00f2 cal sumar la brut\u00edcia acumulada al costat del pont de les Oller\u00edas i els grafitis per tot el parc, una cosa veritablement vergonyosa&#8221;.\u00a0<br>&#8220;Des del PRyA exigim a l&#8217;alcalde socialista Mario S\u00e1nchez que rehabilite de manera immediata tota aquesta zona, perqu\u00e8 no podem continuar permetent que els ve\u00efns hagen de suportar situacions tan lamentables i, per desgr\u00e0cia, tan freq\u00fcents com aquesta&#8221;, han finalitzat.<\/p>\n\n\n\n<figure class=\"wp-block-gallery has-nested-images columns-default is-cropped wp-block-gallery-1 is-layout-flex wp-block-gallery-is-layout-flex\">\n<figure class=\"wp-block-image size-large\"><img loading=\"lazy\" decoding=\"async\" width=\"709\" height=\"532\" data-id=\"179637\" src=\"http:\/\/www.tucomarca.com\/wordpress\/segunda\/wp-content\/uploads\/2023\/03\/BalsaMorosPRyA_02.jpg\" alt=\"\" class=\"wp-image-179637\" srcset=\"https:\/\/tucomarca.whitekongsoftware.com\/wp-content\/uploads\/2023\/03\/BalsaMorosPRyA_02.jpg 709w, https:\/\/tucomarca.whitekongsoftware.com\/wp-content\/uploads\/2023\/03\/BalsaMorosPRyA_02-300x225.jpg 300w, https:\/\/tucomarca.whitekongsoftware.com\/wp-content\/uploads\/2023\/03\/BalsaMorosPRyA_02-678x509.jpg 678w, https:\/\/tucomarca.whitekongsoftware.com\/wp-content\/uploads\/2023\/03\/BalsaMorosPRyA_02-326x245.jpg 326w, https:\/\/tucomarca.whitekongsoftware.com\/wp-content\/uploads\/2023\/03\/BalsaMorosPRyA_02-80x60.jpg 80w\" sizes=\"auto, (max-width: 709px) 100vw, 709px\" \/><\/figure>\n\n\n\n<figure class=\"wp-block-image size-large\"><img loading=\"lazy\" decoding=\"async\" width=\"709\" height=\"532\" data-id=\"179639\" src=\"http:\/\/www.tucomarca.com\/wordpress\/segunda\/wp-content\/uploads\/2023\/03\/BalsaMorosPRyA_03.jpg\" alt=\"\" class=\"wp-image-179639\" srcset=\"https:\/\/tucomarca.whitekongsoftware.com\/wp-content\/uploads\/2023\/03\/BalsaMorosPRyA_03.jpg 709w, https:\/\/tucomarca.whitekongsoftware.com\/wp-content\/uploads\/2023\/03\/BalsaMorosPRyA_03-300x225.jpg 300w, https:\/\/tucomarca.whitekongsoftware.com\/wp-content\/uploads\/2023\/03\/BalsaMorosPRyA_03-678x509.jpg 678w, https:\/\/tucomarca.whitekongsoftware.com\/wp-content\/uploads\/2023\/03\/BalsaMorosPRyA_03-326x245.jpg 326w, https:\/\/tucomarca.whitekongsoftware.com\/wp-content\/uploads\/2023\/03\/BalsaMorosPRyA_03-80x60.jpg 80w\" sizes=\"auto, (max-width: 709px) 100vw, 709px\" \/><\/figure>\n<\/figure>\n","protected":false},"excerpt":{"rendered":"<div class=\"mh-excerpt\">El candidat del PRyA a l&#8217;Alcaldia de Requena, Joaqu\u00edn Gonz\u00e1lez, posa com a exemple de la mala gesti\u00f3 de l&#8217;alcalde socialista Mario S\u00e1nchez al parc situat al costat dels barris de Bassa de Moros i <a class=\"mh-excerpt-more\" href=\"https:\/\/tucomarca.whitekongsoftware.com\/ca\/el-prya-denuncia-la-deixadesa-i-abando-de-la-zona-verda-del-barranc-de-reines-situada-al-costat-de-bassa-de-moros\/\" title=\"El PRyA den\u00fancia la &#8220;deixadesa i aband\u00f3&#8221; de la zona verda del barranc de Reines situada al costat de \u201cBassa de Moros\u201d\">[+] <\/a><\/div>\n","protected":false},"author":12,"featured_media":179636,"comment_status":"open","ping_status":"open","sticky":false,"template":"","format":"gallery","meta":{"footnotes":""},"categories":[10948,10894,10903,10947,10908,10909,10896],"tags":[12796,11099,10910],"class_list":["post-179642","post","type-post","status-publish","format-gallery","has-post-thumbnail","category-infraestructuras-ca","category-la-comarca-ca","category-medio-ambiente-la-comarca-ca","category-politica","category-requena-ca","category-requena-utiel-ca","category-seccion-ca","tag-prya-ca","tag-requena-ca","tag-requena-utiel-ca","post_format-post-format-gallery"],"_links":{"self":[{"href":"https:\/\/tucomarca.whitekongsoftware.com\/ca\/wp-json\/wp\/v2\/posts\/179642","targetHints":{"allow":["GET"]}}],"collection":[{"href":"https:\/\/tucomarca.whitekongsoftware.com\/ca\/wp-json\/wp\/v2\/posts"}],"about":[{"href":"https:\/\/tucomarca.whitekongsoftware.com\/ca\/wp-json\/wp\/v2\/types\/post"}],"author":[{"embeddable":true,"href":"https:\/\/tucomarca.whitekongsoftware.com\/ca\/wp-json\/wp\/v2\/users\/12"}],"replies":[{"embeddable":true,"href":"https:\/\/tucomarca.whitekongsoftware.com\/ca\/wp-json\/wp\/v2\/comments?post=179642"}],"version-history":[{"count":0,"href":"https:\/\/tucomarca.whitekongsoftware.com\/ca\/wp-json\/wp\/v2\/posts\/179642\/revisions"}],"wp:featuredmedia":[{"embeddable":true,"href":"https:\/\/tucomarca.whitekongsoftware.com\/ca\/wp-json\/wp\/v2\/media\/179636"}],"wp:attachment":[{"href":"https:\/\/tucomarca.whitekongsoftware.com\/ca\/wp-json\/wp\/v2\/media?parent=179642"}],"wp:term":[{"taxonomy":"category","embeddable":true,"href":"https:\/\/tucomarca.whitekongsoftware.com\/ca\/wp-json\/wp\/v2\/categories?post=179642"},{"taxonomy":"post_tag","embeddable":true,"href":"https:\/\/tucomarca.whitekongsoftware.com\/ca\/wp-json\/wp\/v2\/tags?post=179642"}],"curies":[{"name":"wp","href":"https:\/\/api.w.org\/{rel}","templated":true}]}}