{"id":179616,"date":"2023-03-01T09:59:00","date_gmt":"2023-03-01T08:59:00","guid":{"rendered":"https:\/\/www.tucomarca.com\/wordpress\/segunda\/?p=179616"},"modified":"2023-03-02T12:02:37","modified_gmt":"2023-03-02T11:02:37","slug":"el-pp-de-betera-assegura-estar-convencut-que-la-regidora-de-compromis-assenyalada-pel-cas-assut-en-la-seua-condicio-de-directora-general-de-la-generalitat-donara-explicacions-publiques","status":"publish","type":"post","link":"https:\/\/tucomarca.whitekongsoftware.com\/ca\/el-pp-de-betera-assegura-estar-convencut-que-la-regidora-de-compromis-assenyalada-pel-cas-assut-en-la-seua-condicio-de-directora-general-de-la-generalitat-donara-explicacions-publiques\/","title":{"rendered":"El PP de B\u00e9tera assegura estar &#8220;conven\u00e7ut que la regidora de Compromis assenyalada pel Cas Assut, en la seua condici\u00f3 de directora general de la Generalitat, donar\u00e0 explicacions p\u00fabliques&#8221;\u00a0"},"content":{"rendered":"\n<h3 class=\"wp-block-heading\">Un diari de tirada nacional recollia el passat 13 de febrer que s&#8217;havien realitzat adjudicacions de manera directa amb una empresa investigada per la *UCO en el Cas Assut sobre la presumpta trama de finan\u00e7ament il\u00b7legal del PSPV.<\/h3>\n\n\n\n<h3 class=\"wp-block-heading\">L&#8217;adjudicaci\u00f3 a dit va ser tramitada, segons aquest diari, per la Direcci\u00f3 General de Relacions amb la Uni\u00f3 Europea la titular de la qual \u00e9s Dar\u00eda Terr\u00e1dez, actual regidora de *Compromis a B\u00e9tera, recorden des del PP.<\/h3>\n\n\n\n<p class=\"wp-block-paragraph\">&#8220;Despr\u00e9s de llegir les diverses not\u00edcies que s&#8217;han publicat en mitjans de comunicaci\u00f3 d&#8217;\u00e0mbit auton\u00f2mic i nacional, en relaci\u00f3 a les adjudicacions a dit a una s\u00e8rie d&#8217;empreses vinculades amb el presumpte finan\u00e7ament irregular del PSPV entre els quals, alguns d&#8217;aqueixos contractes haurien sigut formalitzat en la Direcci\u00f3 General de Relacions amb la Uni\u00f3 Europea la titular de la qual \u00e9s, alhora, regidora de Compromis a B\u00e9tera, Dar\u00eda Terr\u00e1dez, des del Partit Popular de B\u00e9tera manifestem el nostre m\u00e9s absolut respecte a les investigacions judicials que segueixen en curs&#8221;, tal com han manifestat des del PP local.<\/p>\n\n\n\n<p class=\"wp-block-paragraph\">&#8220;A Espanya existeix el principi de presumpci\u00f3 d&#8217;innoc\u00e8ncia, un dret fonamental que tot investigat t\u00e9 i que ha de prevaldre sobre qualsevol altra q\u00fcesti\u00f3. Entenem que es tracta d&#8217;un tema molt seri\u00f3s que afecta directament el govern de la Generalitat Valenciana i a com es va finan\u00e7ar el partit socialista&#8221;, han afegit.<\/p>\n\n\n\n<p class=\"wp-block-paragraph\">&#8220;Al seu torn, tant els membres del Grup Popular Municipal com tot el Partit Popular de B\u00e9tera estan conven\u00e7uts que la regidora Dar\u00eda Terr\u00e1dez, en la seua condici\u00f3 de directora general de Relacions amb la Uni\u00f3 Europa, com a persona assenyalada per diversos mitjans de comunicaci\u00f3, donar\u00e0 les explicacions oportunes i p\u00fabliques per a esclarir les greus acusacions que reflecteixen les not\u00edcies sobre el Cas Assut en les quals li l&#8217;assenyala a ella i a alts c\u00e0rrecs de la Generalitat Valenciana&#8221;, han finalitzat.<\/p>\n","protected":false},"excerpt":{"rendered":"<div class=\"mh-excerpt\">Un diari de tirada nacional recollia el passat 13 de febrer que s&#8217;havien realitzat adjudicacions de manera directa amb una empresa investigada per la *UCO en el Cas Assut sobre la presumpta trama de finan\u00e7ament <a class=\"mh-excerpt-more\" href=\"https:\/\/tucomarca.whitekongsoftware.com\/ca\/el-pp-de-betera-assegura-estar-convencut-que-la-regidora-de-compromis-assenyalada-pel-cas-assut-en-la-seua-condicio-de-directora-general-de-la-generalitat-donara-explicacions-publiques\/\" title=\"El PP de B\u00e9tera assegura estar &#8220;conven\u00e7ut que la regidora de Compromis assenyalada pel Cas Assut, en la seua condici\u00f3 de directora general de la Generalitat, donar\u00e0 explicacions p\u00fabliques&#8221;\u00a0\">[+] <\/a><\/div>\n","protected":false},"author":1,"featured_media":110686,"comment_status":"open","ping_status":"open","sticky":false,"template":"","format":"standard","meta":{"footnotes":""},"categories":[10937,10892,10948,10894,10947,10896,10897],"tags":[11202,10899,11978,11344],"class_list":["post-179616","post","type-post","status-publish","format-standard","has-post-thumbnail","category-betera-ca","category-camp-de-turia-ca","category-infraestructuras-ca","category-la-comarca-ca","category-politica","category-seccion-ca","category-sucesos-la-comarca-ca","tag-betera-ca","tag-camp-de-turia-ca","tag-partido-popular-ca","tag-pp-ca"],"_links":{"self":[{"href":"https:\/\/tucomarca.whitekongsoftware.com\/ca\/wp-json\/wp\/v2\/posts\/179616","targetHints":{"allow":["GET"]}}],"collection":[{"href":"https:\/\/tucomarca.whitekongsoftware.com\/ca\/wp-json\/wp\/v2\/posts"}],"about":[{"href":"https:\/\/tucomarca.whitekongsoftware.com\/ca\/wp-json\/wp\/v2\/types\/post"}],"author":[{"embeddable":true,"href":"https:\/\/tucomarca.whitekongsoftware.com\/ca\/wp-json\/wp\/v2\/users\/1"}],"replies":[{"embeddable":true,"href":"https:\/\/tucomarca.whitekongsoftware.com\/ca\/wp-json\/wp\/v2\/comments?post=179616"}],"version-history":[{"count":0,"href":"https:\/\/tucomarca.whitekongsoftware.com\/ca\/wp-json\/wp\/v2\/posts\/179616\/revisions"}],"wp:featuredmedia":[{"embeddable":true,"href":"https:\/\/tucomarca.whitekongsoftware.com\/ca\/wp-json\/wp\/v2\/media\/110686"}],"wp:attachment":[{"href":"https:\/\/tucomarca.whitekongsoftware.com\/ca\/wp-json\/wp\/v2\/media?parent=179616"}],"wp:term":[{"taxonomy":"category","embeddable":true,"href":"https:\/\/tucomarca.whitekongsoftware.com\/ca\/wp-json\/wp\/v2\/categories?post=179616"},{"taxonomy":"post_tag","embeddable":true,"href":"https:\/\/tucomarca.whitekongsoftware.com\/ca\/wp-json\/wp\/v2\/tags?post=179616"}],"curies":[{"name":"wp","href":"https:\/\/api.w.org\/{rel}","templated":true}]}}