{"id":179595,"date":"2023-03-02T10:00:00","date_gmt":"2023-03-02T09:00:00","guid":{"rendered":"https:\/\/www.tucomarca.com\/wordpress\/segunda\/?p=179595"},"modified":"2023-03-02T11:29:23","modified_gmt":"2023-03-02T10:29:23","slug":"sara-soler-sabater-ja-regna-com-a-fallera-major-de-placa-del-mercat-de-turis-despres-de-la-seua-proclamacio","status":"publish","type":"post","link":"https:\/\/tucomarca.whitekongsoftware.com\/ca\/sara-soler-sabater-ja-regna-com-a-fallera-major-de-placa-del-mercat-de-turis-despres-de-la-seua-proclamacio\/","title":{"rendered":"Sara Soler Sabater ja regna com a Fallera Major de Pla\u00e7a del Mercat de Tur\u00eds despr\u00e9s de la seua proclamaci\u00f3"},"content":{"rendered":"\n<p class=\"wp-block-paragraph\">La Falla Pla\u00e7a de Mercat de Tur\u00eds ha tancat les presentacions falleres en el municipi amb la presentaci\u00f3 de la seua Fallera Major, Sara Soler Sabater, acompanyada pels seus presidents Jose Garc\u00eda i Mois\u00e9s Renovell.\u00a0<\/p>\n\n\n\n<p class=\"wp-block-paragraph\">El teatre Ideal de Tur\u00eds ha sigut l&#8217;escenari de l&#8217;exaltaci\u00f3 de la Fallera Major de la comissi\u00f3 Pla\u00e7a del Mercat en la qual Sara ha viscut moments inoblidables per a ella, la seua comissi\u00f3 i la seua fam\u00edlia, despr\u00e9s de rebre en l&#8217;escenari a la seua cort i les emotives paraules de persones que la volen.<\/p>\n\n\n\n<p class=\"wp-block-paragraph\">La seua exaltaci\u00f3 oficial va incloure la participaci\u00f3 del m\u00f3n faller de la localitat que va culminar en pres\u00e8ncia de l&#8217;alcalde i president nat de la Junta Local Fallera, Eugenio Forta\u00f1a, Ana Val\u00e8ncia Soucase, Reina de les Festes, va tancar l&#8217;acte de presentaci\u00f3 acompanyada del regidor de Festes, Iv\u00e1n Pic\u00f3.<\/p>\n\n\n\n<p class=\"wp-block-paragraph\">Despr\u00e9s del solemne acte de presentaci\u00f3 va arribar la segona part en la qual la comissi\u00f3 represente el musical \u00abEl Gran Showman\u00bb que va posar la rematada final a una vetlada perfecta, que tindr\u00e0 la seua continu\u00eftat amb la Crida, aquest diumenge.<\/p>\n\n\n\n<figure class=\"wp-block-gallery has-nested-images columns-2 is-cropped wp-block-gallery-1 is-layout-flex wp-block-gallery-is-layout-flex\">\n<figure class=\"wp-block-image size-large\"><img loading=\"lazy\" decoding=\"async\" width=\"709\" height=\"532\" data-id=\"179582\" src=\"http:\/\/www.tucomarca.com\/wordpress\/segunda\/wp-content\/uploads\/2023\/03\/TurisMercat00.jpg\" alt=\"\" class=\"wp-image-179582\" srcset=\"https:\/\/tucomarca.whitekongsoftware.com\/wp-content\/uploads\/2023\/03\/TurisMercat00.jpg 709w, https:\/\/tucomarca.whitekongsoftware.com\/wp-content\/uploads\/2023\/03\/TurisMercat00-300x225.jpg 300w, https:\/\/tucomarca.whitekongsoftware.com\/wp-content\/uploads\/2023\/03\/TurisMercat00-678x509.jpg 678w, https:\/\/tucomarca.whitekongsoftware.com\/wp-content\/uploads\/2023\/03\/TurisMercat00-326x245.jpg 326w, https:\/\/tucomarca.whitekongsoftware.com\/wp-content\/uploads\/2023\/03\/TurisMercat00-80x60.jpg 80w\" sizes=\"auto, (max-width: 709px) 100vw, 709px\" \/><\/figure>\n\n\n\n<figure class=\"wp-block-image size-large\"><img loading=\"lazy\" decoding=\"async\" width=\"709\" height=\"532\" data-id=\"179584\" src=\"http:\/\/www.tucomarca.com\/wordpress\/segunda\/wp-content\/uploads\/2023\/03\/TurisMercat01.jpg\" alt=\"\" class=\"wp-image-179584\" srcset=\"https:\/\/tucomarca.whitekongsoftware.com\/wp-content\/uploads\/2023\/03\/TurisMercat01.jpg 709w, https:\/\/tucomarca.whitekongsoftware.com\/wp-content\/uploads\/2023\/03\/TurisMercat01-300x225.jpg 300w, https:\/\/tucomarca.whitekongsoftware.com\/wp-content\/uploads\/2023\/03\/TurisMercat01-678x509.jpg 678w, https:\/\/tucomarca.whitekongsoftware.com\/wp-content\/uploads\/2023\/03\/TurisMercat01-326x245.jpg 326w, https:\/\/tucomarca.whitekongsoftware.com\/wp-content\/uploads\/2023\/03\/TurisMercat01-80x60.jpg 80w\" sizes=\"auto, (max-width: 709px) 100vw, 709px\" \/><\/figure>\n\n\n\n<figure class=\"wp-block-image size-large\"><img loading=\"lazy\" decoding=\"async\" width=\"709\" height=\"399\" data-id=\"179586\" src=\"http:\/\/www.tucomarca.com\/wordpress\/segunda\/wp-content\/uploads\/2023\/03\/TurisMercat02.jpg\" alt=\"\" class=\"wp-image-179586\" srcset=\"https:\/\/tucomarca.whitekongsoftware.com\/wp-content\/uploads\/2023\/03\/TurisMercat02.jpg 709w, https:\/\/tucomarca.whitekongsoftware.com\/wp-content\/uploads\/2023\/03\/TurisMercat02-300x169.jpg 300w, https:\/\/tucomarca.whitekongsoftware.com\/wp-content\/uploads\/2023\/03\/TurisMercat02-678x381.jpg 678w\" sizes=\"auto, (max-width: 709px) 100vw, 709px\" \/><\/figure>\n\n\n\n<figure class=\"wp-block-image size-large\"><img loading=\"lazy\" decoding=\"async\" width=\"709\" height=\"399\" data-id=\"179590\" src=\"http:\/\/www.tucomarca.com\/wordpress\/segunda\/wp-content\/uploads\/2023\/03\/TurisMercat04.jpg\" alt=\"\" class=\"wp-image-179590\" srcset=\"https:\/\/tucomarca.whitekongsoftware.com\/wp-content\/uploads\/2023\/03\/TurisMercat04.jpg 709w, https:\/\/tucomarca.whitekongsoftware.com\/wp-content\/uploads\/2023\/03\/TurisMercat04-300x169.jpg 300w, https:\/\/tucomarca.whitekongsoftware.com\/wp-content\/uploads\/2023\/03\/TurisMercat04-678x381.jpg 678w\" sizes=\"auto, (max-width: 709px) 100vw, 709px\" \/><\/figure>\n\n\n\n<figure class=\"wp-block-image size-large\"><img loading=\"lazy\" decoding=\"async\" width=\"709\" height=\"399\" data-id=\"179592\" src=\"http:\/\/www.tucomarca.com\/wordpress\/segunda\/wp-content\/uploads\/2023\/03\/TurisMercat05.jpg\" alt=\"\" class=\"wp-image-179592\" srcset=\"https:\/\/tucomarca.whitekongsoftware.com\/wp-content\/uploads\/2023\/03\/TurisMercat05.jpg 709w, https:\/\/tucomarca.whitekongsoftware.com\/wp-content\/uploads\/2023\/03\/TurisMercat05-300x169.jpg 300w, https:\/\/tucomarca.whitekongsoftware.com\/wp-content\/uploads\/2023\/03\/TurisMercat05-678x381.jpg 678w\" sizes=\"auto, (max-width: 709px) 100vw, 709px\" \/><\/figure>\n<\/figure>\n","protected":false},"excerpt":{"rendered":"<div class=\"mh-excerpt\">La Falla Pla\u00e7a de Mercat de Tur\u00eds ha tancat les presentacions falleres en el municipi amb la presentaci\u00f3 de la seua Fallera Major, Sara Soler Sabater, acompanyada pels seus presidents Jose Garc\u00eda i Mois\u00e9s Renovell.\u00a0 <a class=\"mh-excerpt-more\" href=\"https:\/\/tucomarca.whitekongsoftware.com\/ca\/sara-soler-sabater-ja-regna-com-a-fallera-major-de-placa-del-mercat-de-turis-despres-de-la-seua-proclamacio\/\" title=\"Sara Soler Sabater ja regna com a Fallera Major de Pla\u00e7a del Mercat de Tur\u00eds despr\u00e9s de la seua proclamaci\u00f3\">[+] <\/a><\/div>\n","protected":false},"author":12,"featured_media":179589,"comment_status":"open","ping_status":"open","sticky":false,"template":"","format":"gallery","meta":{"footnotes":""},"categories":[10894,10902,11004,11007,11008,10896,11047],"tags":[12224,17140,11356,11093],"class_list":["post-179595","post","type-post","status-publish","format-gallery","has-post-thumbnail","category-la-comarca-ca","category-la-ribera-ca","category-la-semana-en-imagenes-ca","category-ocio-y-cultura-ca","category-pueblos-en-fiestas-ca","category-seccion-ca","category-turis-ca","tag-falla-placa-del-mercat-ca","tag-fallas-2023-ca","tag-ribera-alta-ca","tag-turis-ca","post_format-post-format-gallery"],"_links":{"self":[{"href":"https:\/\/tucomarca.whitekongsoftware.com\/ca\/wp-json\/wp\/v2\/posts\/179595","targetHints":{"allow":["GET"]}}],"collection":[{"href":"https:\/\/tucomarca.whitekongsoftware.com\/ca\/wp-json\/wp\/v2\/posts"}],"about":[{"href":"https:\/\/tucomarca.whitekongsoftware.com\/ca\/wp-json\/wp\/v2\/types\/post"}],"author":[{"embeddable":true,"href":"https:\/\/tucomarca.whitekongsoftware.com\/ca\/wp-json\/wp\/v2\/users\/12"}],"replies":[{"embeddable":true,"href":"https:\/\/tucomarca.whitekongsoftware.com\/ca\/wp-json\/wp\/v2\/comments?post=179595"}],"version-history":[{"count":0,"href":"https:\/\/tucomarca.whitekongsoftware.com\/ca\/wp-json\/wp\/v2\/posts\/179595\/revisions"}],"wp:featuredmedia":[{"embeddable":true,"href":"https:\/\/tucomarca.whitekongsoftware.com\/ca\/wp-json\/wp\/v2\/media\/179589"}],"wp:attachment":[{"href":"https:\/\/tucomarca.whitekongsoftware.com\/ca\/wp-json\/wp\/v2\/media?parent=179595"}],"wp:term":[{"taxonomy":"category","embeddable":true,"href":"https:\/\/tucomarca.whitekongsoftware.com\/ca\/wp-json\/wp\/v2\/categories?post=179595"},{"taxonomy":"post_tag","embeddable":true,"href":"https:\/\/tucomarca.whitekongsoftware.com\/ca\/wp-json\/wp\/v2\/tags?post=179595"}],"curies":[{"name":"wp","href":"https:\/\/api.w.org\/{rel}","templated":true}]}}