{"id":179485,"date":"2023-03-01T12:12:00","date_gmt":"2023-03-01T11:12:00","guid":{"rendered":"https:\/\/www.tucomarca.com\/wordpress\/segunda\/?p=179485"},"modified":"2023-03-01T13:22:56","modified_gmt":"2023-03-01T12:22:56","slug":"colectiva27-lassociacio-artistica-i-cultural-de-cortes-de-pallas-mostra-el-seu-treball-de-meraki-a-olympe-a-valencia","status":"publish","type":"post","link":"https:\/\/tucomarca.whitekongsoftware.com\/ca\/colectiva27-lassociacio-artistica-i-cultural-de-cortes-de-pallas-mostra-el-seu-treball-de-meraki-a-olympe-a-valencia\/","title":{"rendered":"COLECTIVA27, l&#8217;associaci\u00f3 art\u00edstica i cultural de Cortes de Pall\u00e0s, mostra el seu treball &#8220;De Meraki a Olympe&#8221; a Val\u00e8ncia"},"content":{"rendered":"\n<p class=\"wp-block-paragraph\">Aquesta associaci\u00f3 art\u00edstica i cultural formada per un grup de dones de diferents disciplines art\u00edstiques recala en la capital valenciana amb la intenci\u00f3 de mostrar el treball realitzat des del seu inici a Cortes de Pallars en 2021 fins ara.<\/p>\n\n\n\n<p class=\"wp-block-paragraph\">El dimecres, 1 de mar\u00e7, a les 18 hores es realitza la presentaci\u00f3 de C27 a la sala Ca Revolta de Val\u00e8ncia. El pr\u00f2xim dia 9 de mar\u00e7 a les 17,30 s&#8217;inaugura a Val\u00e8ncia la proposta cultural de C27, \u201cDe Meraki a Olympe\u201d. Aquesta exposici\u00f3 reflecteix el treball realitzat durant aquest temps amb una recopilaci\u00f3 de les obres exposades en els municipis que s&#8217;han incorporat a la xarxa creada per C27 i algunes obres noves, creades ex profeso per a aquesta exposici\u00f3, que condensen el treball realitzat.<\/p>\n\n\n\n<p class=\"wp-block-paragraph\">Aprofitant l&#8217;ocasi\u00f3 per a acostar la COLECTIVA27 al centre urb\u00e0 de la capital i, acompanyades per a la inauguraci\u00f3 dels diferents alcaldes de les localitats en les quals s&#8217;ha exposat, aquesta retrospectiva serveix de llan\u00e7adora per a tancar el nostre primer any d&#8217;associaci\u00f3 i obrir l&#8217;horitz\u00f3 a un 2023 ple de propostes art\u00edstiques i culturals, tenint com a objectiu principal, acostar l&#8217;art contemporani als pobles de la nostra comunitat. Est\u00e0 en el nostre ADN art\u00edstic i social, exposar, intercanviar i actuar amb les artistes locals, en espais diversos amb art comprom\u00e9s i sobretot, amb dones creatives i obertes. \u00c9s la nostra intenci\u00f3 arribar a aqueixos espais culturals i omplir-los d&#8217;art.<\/p>\n\n\n\n<p class=\"wp-block-paragraph\"><strong>&#8220;De Meraki a Olympe&#8221;<\/strong>&nbsp;comptar\u00e0 amb una performance inaugural de Rosa Mar\u00edn i Kita Pardo, totes dues artistes de la nostra col\u00b7lectiva,&nbsp;<strong>&#8220;Somnis Trencats&#8221;,<\/strong>&nbsp;tractant el tema de la viol\u00e8ncia vic\u00e0ria. A la Sala d&#8217;Exposicions de la Biblioteca Patraix-Azor\u00edn, es podran veure les obres t\u00e8xtils de Mayte Navarro Golf, els olis intimistes de Hope Campos, la naturalesa contempor\u00e0nia d&#8217;Ana Tom\u00e1s, les obres de pl\u00e0stics termofundidos de Tania Ansio, la particular visi\u00f3 del paisatge d&#8217;Inma Peir\u00f3, la naturalesa encapsulada de Kita Pardo, el conceptualisme de Tham Casany o la cer\u00e0mica creativa de Lasimone, aix\u00ed com les obres de les artistes convidades dels pobles en els quals hem exposat, Rebeka Catal\u00e1, Mariona Brines, Merche Pereira, \u00c1ngela Bataller, Sonia Mi\u00f1ana o Maria Jes\u00fas Miravalles.<\/p>\n\n\n\n<p class=\"wp-block-paragraph\">Des de COLECTIVA27, continuarem apostant perqu\u00e8 la creaci\u00f3 contempor\u00e0nia forme part de la programaci\u00f3 cultural en zones m\u00e9s desfavorides, donant pas a artistes, col\u00b7lectius i sobretot, a dones que puguen seguir el nostre exemple i fomenten l&#8217;art, en qualsevol part i condici\u00f3, ja que com b\u00e9 diu l&#8217;article 27 de la declaraci\u00f3 universal dels drets humans, al qual devem el nostre nom, &#8220;Tota persona t\u00e9 dret a prendre part lliurement en la vida cultural de la comunitat, a gaudir de les arts i a participar en el progr\u00e9s cient\u00edfic i en els beneficis que d&#8217;ell&nbsp;&nbsp;resulten&#8221;.<\/p>\n\n\n\n<figure class=\"wp-block-image size-full\"><img loading=\"lazy\" decoding=\"async\" width=\"668\" height=\"945\" src=\"http:\/\/www.tucomarca.com\/wordpress\/segunda\/wp-content\/uploads\/2023\/03\/Colectiva27Expo.jpg\" alt=\"\" class=\"wp-image-179482\" srcset=\"https:\/\/tucomarca.whitekongsoftware.com\/wp-content\/uploads\/2023\/03\/Colectiva27Expo.jpg 668w, https:\/\/tucomarca.whitekongsoftware.com\/wp-content\/uploads\/2023\/03\/Colectiva27Expo-212x300.jpg 212w\" sizes=\"auto, (max-width: 668px) 100vw, 668px\" \/><\/figure>\n","protected":false},"excerpt":{"rendered":"<div class=\"mh-excerpt\">Aquesta associaci\u00f3 art\u00edstica i cultural formada per un grup de dones de diferents disciplines art\u00edstiques recala en la capital valenciana amb la intenci\u00f3 de mostrar el treball realitzat des del seu inici a Cortes de <a class=\"mh-excerpt-more\" href=\"https:\/\/tucomarca.whitekongsoftware.com\/ca\/colectiva27-lassociacio-artistica-i-cultural-de-cortes-de-pallas-mostra-el-seu-treball-de-meraki-a-olympe-a-valencia\/\" title=\"COLECTIVA27, l&#8217;associaci\u00f3 art\u00edstica i cultural de Cortes de Pall\u00e0s, mostra el seu treball &#8220;De Meraki a Olympe&#8221; a Val\u00e8ncia\">[+] <\/a><\/div>\n","protected":false},"author":12,"featured_media":179481,"comment_status":"open","ping_status":"open","sticky":false,"template":"","format":"standard","meta":{"footnotes":""},"categories":[11019,10951,10953,10894,11007,11063,10896],"tags":[18335,11230,12792,11440],"class_list":["post-179485","post","type-post","status-publish","format-standard","has-post-thumbnail","category-agenda-ca","category-ayora-cofrentes-ca","category-cortes-de-pallas-ca","category-la-comarca-ca","category-ocio-y-cultura-ca","category-pintura-ca","category-seccion-ca","tag-colectiva27-ca","tag-cortes-de-pallas-ca","tag-exposicion-ca","tag-valle-de-ayora-cofrentes-ca"],"_links":{"self":[{"href":"https:\/\/tucomarca.whitekongsoftware.com\/ca\/wp-json\/wp\/v2\/posts\/179485","targetHints":{"allow":["GET"]}}],"collection":[{"href":"https:\/\/tucomarca.whitekongsoftware.com\/ca\/wp-json\/wp\/v2\/posts"}],"about":[{"href":"https:\/\/tucomarca.whitekongsoftware.com\/ca\/wp-json\/wp\/v2\/types\/post"}],"author":[{"embeddable":true,"href":"https:\/\/tucomarca.whitekongsoftware.com\/ca\/wp-json\/wp\/v2\/users\/12"}],"replies":[{"embeddable":true,"href":"https:\/\/tucomarca.whitekongsoftware.com\/ca\/wp-json\/wp\/v2\/comments?post=179485"}],"version-history":[{"count":0,"href":"https:\/\/tucomarca.whitekongsoftware.com\/ca\/wp-json\/wp\/v2\/posts\/179485\/revisions"}],"wp:featuredmedia":[{"embeddable":true,"href":"https:\/\/tucomarca.whitekongsoftware.com\/ca\/wp-json\/wp\/v2\/media\/179481"}],"wp:attachment":[{"href":"https:\/\/tucomarca.whitekongsoftware.com\/ca\/wp-json\/wp\/v2\/media?parent=179485"}],"wp:term":[{"taxonomy":"category","embeddable":true,"href":"https:\/\/tucomarca.whitekongsoftware.com\/ca\/wp-json\/wp\/v2\/categories?post=179485"},{"taxonomy":"post_tag","embeddable":true,"href":"https:\/\/tucomarca.whitekongsoftware.com\/ca\/wp-json\/wp\/v2\/tags?post=179485"}],"curies":[{"name":"wp","href":"https:\/\/api.w.org\/{rel}","templated":true}]}}