{"id":179450,"date":"2023-03-01T09:09:00","date_gmt":"2023-03-01T08:09:00","guid":{"rendered":"https:\/\/www.tucomarca.com\/wordpress\/segunda\/?p=179450"},"modified":"2023-03-01T12:05:04","modified_gmt":"2023-03-01T11:05:04","slug":"rafael-fora-es-reelegit-candidat-a-lalcaldia-de-godelleta-amb-la-unanimitat-de-lassemblea-socialista-local","status":"publish","type":"post","link":"https:\/\/tucomarca.whitekongsoftware.com\/ca\/rafael-fora-es-reelegit-candidat-a-lalcaldia-de-godelleta-amb-la-unanimitat-de-lassemblea-socialista-local\/","title":{"rendered":"Rafael Fora \u00e9s reelegit candidat a l&#8217;alcaldia de Godelleta amb la unanimitat de l&#8217;Assemblea socialista local"},"content":{"rendered":"\n<p class=\"wp-block-paragraph\">L&#8217;Assemblea local del Partit Socialista de Godelleta ha triat aquest dimarts per unanimitat de tots els vots emesos a l&#8217;actual alcalde del municipi, Rafael Fora, com a candidat de nou a l&#8217;alcaldia pel PSPV-PSOE. <\/p>\n\n\n\n<p class=\"wp-block-paragraph\">Rafael Fora ha manifestat sentir-se &#8220;molt orgull\u00f3s pel suport del cent per cent dels votants del PSOE a la meua candidatura, la qual cosa suposa un suport a la gesti\u00f3 que hem realitzat aquests anys&#8221;; i ha remarcat que el projecte que ell encap\u00e7ala &#8220;seguir\u00e0 en la l\u00ednia del foment del municipalisme i del progr\u00e9s de tot el municipi, ultimant els projectes que hem posat en marxa durant aquesta legislatura com ara el nou institut i col\u00b7legi; la recuperaci\u00f3 del nostre entorn natural i el nostre patrimoni, com la torre \u00e0rab; o el cicle integral de l&#8217;aigua, projecte que per cert ha cridat l&#8217;atenci\u00f3 de grans Ajuntaments com el de la ciutat de Castell\u00f3, des d&#8217;on ens han anomenat per a vam perdre consell sobre la seua posada en marxa&#8221;.<\/p>\n\n\n\n<figure class=\"wp-block-gallery has-nested-images columns-default is-cropped wp-block-gallery-1 is-layout-flex wp-block-gallery-is-layout-flex\">\n<figure class=\"wp-block-image size-large\"><img loading=\"lazy\" decoding=\"async\" width=\"768\" height=\"1024\" data-id=\"179445\" src=\"http:\/\/www.tucomarca.com\/wordpress\/segunda\/wp-content\/uploads\/2023\/03\/PSOERafaFora4.jpg\" alt=\"\" class=\"wp-image-179445\" srcset=\"https:\/\/tucomarca.whitekongsoftware.com\/wp-content\/uploads\/2023\/03\/PSOERafaFora4.jpg 768w, https:\/\/tucomarca.whitekongsoftware.com\/wp-content\/uploads\/2023\/03\/PSOERafaFora4-225x300.jpg 225w\" sizes=\"auto, (max-width: 768px) 100vw, 768px\" \/><\/figure>\n\n\n\n<figure class=\"wp-block-image size-large\"><img loading=\"lazy\" decoding=\"async\" width=\"768\" height=\"1024\" data-id=\"179443\" src=\"http:\/\/www.tucomarca.com\/wordpress\/segunda\/wp-content\/uploads\/2023\/03\/PSOERafaFora3.jpg\" alt=\"\" class=\"wp-image-179443\" srcset=\"https:\/\/tucomarca.whitekongsoftware.com\/wp-content\/uploads\/2023\/03\/PSOERafaFora3.jpg 768w, https:\/\/tucomarca.whitekongsoftware.com\/wp-content\/uploads\/2023\/03\/PSOERafaFora3-225x300.jpg 225w\" sizes=\"auto, (max-width: 768px) 100vw, 768px\" \/><\/figure>\n\n\n\n<figure class=\"wp-block-image size-large\"><img loading=\"lazy\" decoding=\"async\" width=\"768\" height=\"1024\" data-id=\"179441\" src=\"http:\/\/www.tucomarca.com\/wordpress\/segunda\/wp-content\/uploads\/2023\/03\/PSOERafaFora2.jpg\" alt=\"\" class=\"wp-image-179441\" srcset=\"https:\/\/tucomarca.whitekongsoftware.com\/wp-content\/uploads\/2023\/03\/PSOERafaFora2.jpg 768w, https:\/\/tucomarca.whitekongsoftware.com\/wp-content\/uploads\/2023\/03\/PSOERafaFora2-225x300.jpg 225w\" sizes=\"auto, (max-width: 768px) 100vw, 768px\" \/><\/figure>\n<\/figure>\n","protected":false},"excerpt":{"rendered":"<div class=\"mh-excerpt\">L&#8217;Assemblea local del Partit Socialista de Godelleta ha triat aquest dimarts per unanimitat de tots els vots emesos a l&#8217;actual alcalde del municipi, Rafael Fora, com a candidat de nou a l&#8217;alcaldia pel PSPV-PSOE. Rafael <a class=\"mh-excerpt-more\" href=\"https:\/\/tucomarca.whitekongsoftware.com\/ca\/rafael-fora-es-reelegit-candidat-a-lalcaldia-de-godelleta-amb-la-unanimitat-de-lassemblea-socialista-local\/\" title=\"Rafael Fora \u00e9s reelegit candidat a l&#8217;alcaldia de Godelleta amb la unanimitat de l&#8217;Assemblea socialista local\">[+] <\/a><\/div>\n","protected":false},"author":1,"featured_media":179440,"comment_status":"open","ping_status":"open","sticky":false,"template":"","format":"gallery","meta":{"footnotes":""},"categories":[10977,10948,10894,10912,10947,10896],"tags":[11087,10914,18270,11319],"class_list":["post-179450","post","type-post","status-publish","format-gallery","has-post-thumbnail","category-godelleta-ca","category-infraestructuras-ca","category-la-comarca-ca","category-la-hoya-ca","category-politica","category-seccion-ca","tag-godelleta-ca","tag-la-hoya-de-bunol-chiva-ca","tag-partido-socialista-ca","tag-pspv-psoe-ca","post_format-post-format-gallery"],"_links":{"self":[{"href":"https:\/\/tucomarca.whitekongsoftware.com\/ca\/wp-json\/wp\/v2\/posts\/179450","targetHints":{"allow":["GET"]}}],"collection":[{"href":"https:\/\/tucomarca.whitekongsoftware.com\/ca\/wp-json\/wp\/v2\/posts"}],"about":[{"href":"https:\/\/tucomarca.whitekongsoftware.com\/ca\/wp-json\/wp\/v2\/types\/post"}],"author":[{"embeddable":true,"href":"https:\/\/tucomarca.whitekongsoftware.com\/ca\/wp-json\/wp\/v2\/users\/1"}],"replies":[{"embeddable":true,"href":"https:\/\/tucomarca.whitekongsoftware.com\/ca\/wp-json\/wp\/v2\/comments?post=179450"}],"version-history":[{"count":0,"href":"https:\/\/tucomarca.whitekongsoftware.com\/ca\/wp-json\/wp\/v2\/posts\/179450\/revisions"}],"wp:featuredmedia":[{"embeddable":true,"href":"https:\/\/tucomarca.whitekongsoftware.com\/ca\/wp-json\/wp\/v2\/media\/179440"}],"wp:attachment":[{"href":"https:\/\/tucomarca.whitekongsoftware.com\/ca\/wp-json\/wp\/v2\/media?parent=179450"}],"wp:term":[{"taxonomy":"category","embeddable":true,"href":"https:\/\/tucomarca.whitekongsoftware.com\/ca\/wp-json\/wp\/v2\/categories?post=179450"},{"taxonomy":"post_tag","embeddable":true,"href":"https:\/\/tucomarca.whitekongsoftware.com\/ca\/wp-json\/wp\/v2\/tags?post=179450"}],"curies":[{"name":"wp","href":"https:\/\/api.w.org\/{rel}","templated":true}]}}