{"id":179306,"date":"2023-02-27T16:16:00","date_gmt":"2023-02-27T15:16:00","guid":{"rendered":"https:\/\/www.tucomarca.com\/wordpress\/segunda\/?p=179306"},"modified":"2023-02-28T12:53:00","modified_gmt":"2023-02-28T11:53:00","slug":"normalitzacio-linguistica-de-la-diputacio-tanca-sona-tan-be-amb-el-mal-del-corrector","status":"publish","type":"post","link":"https:\/\/tucomarca.whitekongsoftware.com\/ca\/normalitzacio-linguistica-de-la-diputacio-tanca-sona-tan-be-amb-el-mal-del-corrector\/","title":{"rendered":"<strong>Normalitzaci\u00f3 Ling\u00fc\u00edstica de la Diputaci\u00f3 tanca <em>Sona tan b\u00e9<\/em> amb \u2018El mal del corrector\u2019<\/strong>"},"content":{"rendered":"\n<h3 class=\"wp-block-heading\"><strong>L\u2019episodi cinqu\u00e9 de la s\u00e8rie s\u2019estrena dem\u00e0 dimarts 28 de febrer i est\u00e0 protagonitzat per la influenciadora Maria Juan<\/strong><\/h3>\n\n\n\n<h3 class=\"wp-block-heading\"><strong>La diputada de Normalitzaci\u00f3 Ling\u00fc\u00edstica, Dolors Gimeno afirma que \u201ces tracta d\u2019un xicotet homenatge a la gent que es llan\u00e7a a parlar valenci\u00e0\u201d&nbsp;<\/strong><\/h3>\n\n\n\n<p class=\"wp-block-paragraph\">La Unitat de Normalitzaci\u00f3 Ling\u00fc\u00edstica de la Diputaci\u00f3 de Val\u00e8ncia estrenar\u00e0 el dimarts 28 de febrer, l&#8217;episodi 5 de la s\u00e8rie <em>Sona tan b\u00e9<\/em>, una col\u00b7lecci\u00f3 de v\u00eddeos musicals per a promoure l&#8217;\u00fas del valenci\u00e0 en escenaris urbans.<\/p>\n\n\n\n<p class=\"wp-block-paragraph\">Una setmana despr\u00e9s de l&#8217;exitosa estrena de l\u2019episodi 4 per celebrar el Dia de la Llengua Materna, Maria Juan tancar\u00e0 <em>Sona tan b\u00e9<\/em>, amb l&#8217;episodi \u2018El mal del corrector\u2019, un conjunt d&#8217;hist\u00f2ries, totes elles amb banda sonora original, que tracten de reivindicar l&#8217;\u00fas del valenci\u00e0 d&#8217;una manera original i divertida. Els v\u00eddeos aborden diferents situacions ling\u00fc\u00edstiques que qualsevol valencianoparlant ha viscut en el dia a dia, sempre amb un enfocament positiu i alegre, amb gui\u00f3 i sota la direcci\u00f3 d&#8217;\u00c0lex Mart\u00ednez Orts.<\/p>\n\n\n\n<p class=\"wp-block-paragraph\">La diputada de Normalitzaci\u00f3 Ling\u00fc\u00edstica de la Diputaci\u00f3 de Val\u00e8ncia, Dolors Gimeno, ha assenyalat que la campanya \u201cest\u00e0 assolint els objectius amb una bona acollida a les xarxes socials, i especialment entre el p\u00fablic juvenil al qual van adre\u00e7ades principalment estes reflexions sobre l&#8217;\u00fas del valenci\u00e0\u201d. La diputada Gimeno ha explicat que amb este cinqu\u00e9 episodi \u201ces tracta d&#8217;agrair a la gent el fet que decidisca aprendre valenci\u00e0, i alhora recordar als valencianoparlants que hem d\u2019anar amb compte de no corregir en exc\u00e9s a qui apr\u00e9n una llengua per a no provocar rebuig\u201d.<\/p>\n\n\n\n<p class=\"wp-block-paragraph\">L&#8217;episodi 5, amb el t\u00edtol \u2018El mal del corrector\u2019, est\u00e0 protagonitzat per la influenciadora Maria Juan, i es podr\u00e0 veure a trav\u00e9s de les xarxes socials de la Unitat de Normalitzaci\u00f3 Ling\u00fc\u00edstica, en @ValenciaalaDipu, i en les de la Diputaci\u00f3 de Val\u00e8ncia; aix\u00ed com al web <a href=\"http:\/\/www.sonatanbe.dival.es\/\">http:\/\/www.sonatanbe.dival.es\/<\/a> i en les plataformes de YouTube i Spotify.<\/p>\n\n\n\n<p class=\"wp-block-paragraph\">Actualment, ja es poden veure els episodis de l&#8217;1 al 4, amb can\u00e7ons originals per als v\u00eddeos que han sigut interpretades per Sara Vall\u00e9s (\u2018Les paraules de la iaia\u2019), H\u00e9ctor Juezas i Saray Cerro (\u2018El tobog\u00e1n\u2019), les actrius Danai Delipetrou i Esther, i les ballarines Alba Vidal i Eugenia Morera (\u2018Quin trellat\u2019), i Cabrafotuda i Ed\u00e9n Serrano (\u2018No canvies\u2019).<\/p>\n\n\n\n<p class=\"wp-block-paragraph\">En el primer episodi de <em>Sona tan b\u00e9<\/em>, titulat \u2018Les paraules de la iaia\u2019, l&#8217;actriu Sara Vall\u00e9s interpreta una jove de ciutat que s&#8217;enamora en escoltar dues de les paraules que utilitzava la seua iaia quan ella era menuda. A trav\u00e9s d&#8217;una can\u00e7\u00f3 sat\u00edrica, fresca i amb reminisc\u00e8ncies de la m\u00fasica dels anys 60, l&#8217;actriu reivindica algunes paraules pr\u00f2pies del valenci\u00e0 que cada vegada estan m\u00e9s en des\u00fas, en especial entre la gent jove que habita les grans poblacions.<\/p>\n\n\n\n<p class=\"wp-block-paragraph\">En l&#8217;episodi 2, \u2018El tobogan\u2019, H\u00e9ctor, un jove vergony\u00f3s del barri d&#8217;Orriols, per fi, despr\u00e9s de molt de temps rumiant-s&#8217;ho, ha decidit fer-se un tatuatge amb el s\u00edmbol de la seua can\u00e7\u00f3 preferida. Armat de valor, entra en un estudi del centre de la ciutat de Val\u00e8ncia on l&#8217;at\u00e9n Saray, la tatuadora. El seu impuls immediat \u00e9s el de comunicar-se en castell\u00e0, fins que la casualitat els far\u00e0 adonar-se que comparteixen molt m\u00e9s que la passi\u00f3 per la tinta.<\/p>\n\n\n\n<p class=\"wp-block-paragraph\">Pel que fa al tercer episodi de <em>Sona tan b\u00e9<\/em>, est\u00e0 protagonitzat per les actrius Danae Delipetrou i Esther, i les ballarines Alba Vidal i Eugenia. Amb el t\u00edtol \u2018Quin trellat\u2019, mostra la hist\u00f2ria de Danae, una estudiant estrangera d&#8217;intercanvi que es va enamorar de la ciutat de Val\u00e8ncia i la seua cultura. El curs ha acabat, per\u00f2 ella ha decidit quedar-se a viure ac\u00ed. El que no s&#8217;esperava \u00e9s que, malgrat l&#8217;esfor\u00e7 que fa per aprendre valenci\u00e0, les seues amigues sempre es dirigixen a ella en angl\u00e9s, pensant que aix\u00ed li faciliten la comunicaci\u00f3. Per\u00f2 ella t\u00e9 clar que no \u00e9s aix\u00f2 el que vol.<\/p>\n\n\n\n<p class=\"wp-block-paragraph\">En l&#8217;episodi 4 \u2018No canvies\u2019, en el bar de l&#8217;avinguda del Cid on la colla d&#8217;amics sol reunir-se tots els divendres de vesprada, Cabrafotuda conta a la resta la idea que ha tingut per al proper v\u00eddeo que pujar\u00e0 a xarxes: un gag sobre el llibre \u2018Els parlars valencians\u2019. Ed\u00e9n, un amic castellanoparlant, li confessa que no sap de qu\u00e8 parla. El jove creador de contingut respon al seu company usant el castell\u00e0 i \u00e9s llavors quan Ed\u00e9n li demana, per favor, que no canvie de llengua: ell ent\u00e9n perfectament el valenci\u00e0. La situaci\u00f3 de ren\u00fancia ling\u00fc\u00edstica viscuda inspira immediatament Cabrafotuda, que decideix a l&#8217;instant compondre una can\u00e7\u00f3 sobre el que acaba de passar.<\/p>\n","protected":false},"excerpt":{"rendered":"<div class=\"mh-excerpt\">L\u2019episodi cinqu\u00e9 de la s\u00e8rie s\u2019estrena dem\u00e0 dimarts 28 de febrer i est\u00e0 protagonitzat per la influenciadora Maria Juan La diputada de Normalitzaci\u00f3 Ling\u00fc\u00edstica, Dolors Gimeno afirma que \u201ces tracta d\u2019un xicotet homenatge a la <a class=\"mh-excerpt-more\" href=\"https:\/\/tucomarca.whitekongsoftware.com\/ca\/normalitzacio-linguistica-de-la-diputacio-tanca-sona-tan-be-amb-el-mal-del-corrector\/\" title=\"Normalitzaci\u00f3 Ling\u00fc\u00edstica de la Diputaci\u00f3 tanca Sona tan b\u00e9 amb \u2018El mal del corrector\u2019\">[+] <\/a><\/div>\n","protected":false},"author":1,"featured_media":179249,"comment_status":"open","ping_status":"open","sticky":false,"template":"","format":"standard","meta":{"footnotes":""},"categories":[10948,10894,10904,11007,10896],"tags":[11199],"class_list":["post-179306","post","type-post","status-publish","format-standard","has-post-thumbnail","category-infraestructuras-ca","category-la-comarca-ca","category-sin-categorizar-ca","category-ocio-y-cultura-ca","category-seccion-ca","tag-la-comunitat-ca"],"_links":{"self":[{"href":"https:\/\/tucomarca.whitekongsoftware.com\/ca\/wp-json\/wp\/v2\/posts\/179306","targetHints":{"allow":["GET"]}}],"collection":[{"href":"https:\/\/tucomarca.whitekongsoftware.com\/ca\/wp-json\/wp\/v2\/posts"}],"about":[{"href":"https:\/\/tucomarca.whitekongsoftware.com\/ca\/wp-json\/wp\/v2\/types\/post"}],"author":[{"embeddable":true,"href":"https:\/\/tucomarca.whitekongsoftware.com\/ca\/wp-json\/wp\/v2\/users\/1"}],"replies":[{"embeddable":true,"href":"https:\/\/tucomarca.whitekongsoftware.com\/ca\/wp-json\/wp\/v2\/comments?post=179306"}],"version-history":[{"count":0,"href":"https:\/\/tucomarca.whitekongsoftware.com\/ca\/wp-json\/wp\/v2\/posts\/179306\/revisions"}],"wp:featuredmedia":[{"embeddable":true,"href":"https:\/\/tucomarca.whitekongsoftware.com\/ca\/wp-json\/wp\/v2\/media\/179249"}],"wp:attachment":[{"href":"https:\/\/tucomarca.whitekongsoftware.com\/ca\/wp-json\/wp\/v2\/media?parent=179306"}],"wp:term":[{"taxonomy":"category","embeddable":true,"href":"https:\/\/tucomarca.whitekongsoftware.com\/ca\/wp-json\/wp\/v2\/categories?post=179306"},{"taxonomy":"post_tag","embeddable":true,"href":"https:\/\/tucomarca.whitekongsoftware.com\/ca\/wp-json\/wp\/v2\/tags?post=179306"}],"curies":[{"name":"wp","href":"https:\/\/api.w.org\/{rel}","templated":true}]}}