{"id":179239,"date":"2023-02-27T16:00:00","date_gmt":"2023-02-27T15:00:00","guid":{"rendered":"https:\/\/www.tucomarca.com\/wordpress\/segunda\/?p=179239"},"modified":"2023-02-27T22:32:18","modified_gmt":"2023-02-27T21:32:18","slug":"robert-raga-presenta-una-llista-de-candidatura-a-les-municipals-amb-presencia-en-les-arees-residencials-de-la-zona-nord-central-i-sud-de-riba-roja","status":"publish","type":"post","link":"https:\/\/tucomarca.whitekongsoftware.com\/ca\/robert-raga-presenta-una-llista-de-candidatura-a-les-municipals-amb-presencia-en-les-arees-residencials-de-la-zona-nord-central-i-sud-de-riba-roja\/","title":{"rendered":"Robert Raga presenta una llista de candidatura a les municipals amb pres\u00e8ncia en les \u00e0rees residencials de la zona nord, central i sud de Riba-roja"},"content":{"rendered":"\n<h4 class=\"wp-block-heading\">La proposta del candidat rep el suport un\u00e0nime de tota la seua executiva<\/h4>\n\n\n\n<p class=\"wp-block-paragraph\">L&#8217;alcalde i candidat socialista a les eleccions municipals de Riba-roja, Robert Raga, ha presentat aquest diumenge 26 de febrer la seua proposta de llista per als comicis de maig a la seua executiva local, qui ha repaldado per unanimitat la candidatura amb clar car\u00e0cter territorial i renovat.<\/p>\n\n\n\n<p class=\"wp-block-paragraph\">En aqueix sentit, la llista que posteriorment ha sigut ratificada en assemblea local recull deu dones i deu homes procedents de les \u00e0rees residencials de la zona nord, central i sud de Riba-roja, a m\u00e9s del nucli urb\u00e0, i amb la integraci\u00f3 de membres de joventuts i independents \u201cque aportaran els seus coneixements i ganes de millorar el poble\u201d en paraules de Raga qui ha insistit en el \u201c\u00fanic objectiu de treballar pels nostres ve\u00efns i ve\u00efnes\u201d.<\/p>\n\n\n\n<p class=\"wp-block-paragraph\">En l&#8217;\u00e0rea nord estan incloses Gallipont, Santa M\u00f3nica, Molinet, Parc Montealcedo, Montealcedo, Entrenaranjos, Santa Rosa, Clot de Navarrete i Pla de la Vallesa. En la zona central se situen Masia de Traver, Val\u00e8ncia la Vella, la Carrasquereta, la Llobatera i Pous de Mart\u00ed. Finalment, la zona sud compr\u00e9n Residencial la Reva i Masia l\u2019Oliveral.&nbsp;<\/p>\n\n\n\n<p class=\"wp-block-paragraph\">\u201cIncorporem candidats amb pres\u00e8ncia en totes les nostres urbanitzacions perqu\u00e8 aquest projecte \u00e9s per a millorar Riba-roja, i el nostre poble s\u00f3n les 12 urbanitzacions que el componen, el seu nucli urb\u00e0 i els seus disseminats\u201d ha explicat Raga en una clara defensa del territorialisme i d&#8217;un municipi \u201ccohesionat\u201d.<\/p>\n\n\n\n<p class=\"wp-block-paragraph\">\u201cEstem per a millorar la vida de les persones, millorar els nostres carrers, aconseguir m\u00e9s ocupaci\u00f3 i una millor economia en Riba-roja\u201d ha assenyalat amb antusiasmo l&#8217;alcalde candidat alhora que ha recordat que malgrat haver aconseguit baixar l&#8217;atur juvenil en un 57%, \u201chem de continuar treballant per a consolidar les relacions amb les empreses del pol\u00edgon i augmentar encara m\u00e9s l&#8217;ocupabilitat dels nostres ve\u00efns que busquen treball\u201d.<\/p>\n\n\n\n<p class=\"wp-block-paragraph\">L&#8217;alcalde ha posat en valor la serietat del seu projecte i el seu car\u00e0cter \u201cpositiu\u201d, per a \u201cnom\u00e9s centrar-se en el treball que millore les nostres infraestructures i els serveis municipals com el futur centre de salut i el transport municipal gratu\u00eft i deixar de costat qualsevol indici de de confrontaci\u00f3 amb altres formacions\u201d en al\u00b7lusi\u00f3 a la campanya municipal.<\/p>\n\n\n\n<p class=\"wp-block-paragraph\">\u201cTenim tants projectes que transformen Riba-roja que nom\u00e9s podem oferir propostes i obviar tot el que no siga millorar el futur dels nostres ve\u00efns i ve\u00efnes\u201d ha insistit Raga alhora que ha oferit dades sobre els comptes p\u00fablics de l&#8217;Ajuntament que han crescut un 370% m\u00e9s que amb l&#8217;anterior equip de govern, o les inversions en infraestructures, serveis p\u00fablics i ajudes socials que mostren un clar canvi de cicle amb anteriors gestions.<\/p>\n\n\n\n<p class=\"wp-block-paragraph\">Segons fonts del partit, en les pr\u00f2ximes setmanes i previ a l&#8217;inici de la campanya es presentar\u00e0 la llista oficial a la ciutadania dels candidats a regidores i regidors pel PSPV-PSOE de Riba-roja de T\u00faria.<\/p>\n\n\n\n<p class=\"wp-block-paragraph\"><\/p>\n","protected":false},"excerpt":{"rendered":"<div class=\"mh-excerpt\">La proposta del candidat rep el suport un\u00e0nime de tota la seua executiva L&#8217;alcalde i candidat socialista a les eleccions municipals de Riba-roja, Robert Raga, ha presentat aquest diumenge 26 de febrer la seua proposta <a class=\"mh-excerpt-more\" href=\"https:\/\/tucomarca.whitekongsoftware.com\/ca\/robert-raga-presenta-una-llista-de-candidatura-a-les-municipals-amb-presencia-en-les-arees-residencials-de-la-zona-nord-central-i-sud-de-riba-roja\/\" title=\"Robert Raga presenta una llista de candidatura a les municipals amb pres\u00e8ncia en les \u00e0rees residencials de la zona nord, central i sud de Riba-roja\">[+] <\/a><\/div>\n","protected":false},"author":12,"featured_media":179236,"comment_status":"open","ping_status":"open","sticky":false,"template":"","format":"standard","meta":{"footnotes":""},"categories":[10892,10948,10894,10947,10906,10896],"tags":[10899,18828,11610,13181],"class_list":["post-179239","post","type-post","status-publish","format-standard","has-post-thumbnail","category-camp-de-turia-ca","category-infraestructuras-ca","category-la-comarca-ca","category-politica","category-riba-roja-ca","category-seccion-ca","tag-camp-de-turia-ca","tag-elecciones-municipales-2023-ca","tag-pspv-psoe-riba-roja-ca","tag-robert-raga-ca"],"_links":{"self":[{"href":"https:\/\/tucomarca.whitekongsoftware.com\/ca\/wp-json\/wp\/v2\/posts\/179239","targetHints":{"allow":["GET"]}}],"collection":[{"href":"https:\/\/tucomarca.whitekongsoftware.com\/ca\/wp-json\/wp\/v2\/posts"}],"about":[{"href":"https:\/\/tucomarca.whitekongsoftware.com\/ca\/wp-json\/wp\/v2\/types\/post"}],"author":[{"embeddable":true,"href":"https:\/\/tucomarca.whitekongsoftware.com\/ca\/wp-json\/wp\/v2\/users\/12"}],"replies":[{"embeddable":true,"href":"https:\/\/tucomarca.whitekongsoftware.com\/ca\/wp-json\/wp\/v2\/comments?post=179239"}],"version-history":[{"count":0,"href":"https:\/\/tucomarca.whitekongsoftware.com\/ca\/wp-json\/wp\/v2\/posts\/179239\/revisions"}],"wp:featuredmedia":[{"embeddable":true,"href":"https:\/\/tucomarca.whitekongsoftware.com\/ca\/wp-json\/wp\/v2\/media\/179236"}],"wp:attachment":[{"href":"https:\/\/tucomarca.whitekongsoftware.com\/ca\/wp-json\/wp\/v2\/media?parent=179239"}],"wp:term":[{"taxonomy":"category","embeddable":true,"href":"https:\/\/tucomarca.whitekongsoftware.com\/ca\/wp-json\/wp\/v2\/categories?post=179239"},{"taxonomy":"post_tag","embeddable":true,"href":"https:\/\/tucomarca.whitekongsoftware.com\/ca\/wp-json\/wp\/v2\/tags?post=179239"}],"curies":[{"name":"wp","href":"https:\/\/api.w.org\/{rel}","templated":true}]}}