{"id":179185,"date":"2023-02-27T09:15:00","date_gmt":"2023-02-27T08:15:00","guid":{"rendered":"https:\/\/www.tucomarca.com\/wordpress\/segunda\/?p=179185"},"modified":"2023-02-27T14:44:18","modified_gmt":"2023-02-27T13:44:18","slug":"fotogaleria-xest-dona-el-tret-a-les-festes-josefinas-amb-la-celebracio-de-la-gala-fallera-2023","status":"publish","type":"post","link":"https:\/\/tucomarca.whitekongsoftware.com\/ca\/fotogaleria-xest-dona-el-tret-a-les-festes-josefinas-amb-la-celebracio-de-la-gala-fallera-2023\/","title":{"rendered":"Fotogaler\u00eda: Xest dona el tret a les Festes Josefinas amb la celebraci\u00f3 de la Gala Fallera 2023"},"content":{"rendered":"\n<p class=\"wp-block-paragraph\">Dissabte passat, 25 de febrer, el teatre Liceu va acollir la celebraci\u00f3 de la Gala Fallera, un esdeveniment organitzat per l&#8217;Ajuntament juntament amb les falles de la poblaci\u00f3 i la Junta Local Fallera que va servir de preg\u00f3 de festes per a l&#8217;edici\u00f3 2023 de les Falles de Xest i de reconeixement per a falleres i fallers de la localitat.<\/p>\n\n\n\n<p class=\"wp-block-paragraph\">L&#8217;esdeveniment va estar guiat per les falleres Alba Sandoval Exp\u00f3sito, del Barri de l&#8217;Alegria, i Sara Villaescusa Rosell\u00f3, del Barri Ind\u00fastria i Comer\u00e7, els qui van posar en valor la dedicaci\u00f3 de fallers i falleres de Xest durant tot l&#8217;any.&nbsp;<\/p>\n\n\n\n<p class=\"wp-block-paragraph\">Per a comen\u00e7ar, van pujar a l&#8217;escenari les falleres majors de les dues falles de la localitat, al costat dels seus presidents, i els i les representants de la Junta Local, presidida pel regidor de Festes, Ra\u00fal Mota L\u00f3pez. Ja en l&#8217;escenari, les falleres majors de cada barri van llegir el preg\u00f3 que donava per iniciades les Festes Josefinas 2023 i, tot seguit, el regidor va procedir al lliurament de les ins\u00edgnies i les claus de la ciutat.<\/p>\n\n\n\n<p class=\"wp-block-paragraph\"><strong>Reconeixements<br><\/strong>Tal com van explicar les conductores de la gala, el m\u00f3n faller recompensa als seus membres amb els anomenats bunyols, ins\u00edgnies que entrega la junta local fallera que serveixen de reconeixement a la seua traject\u00f2ria com a fallers i falleres. El m\u00e0xim guard\u00f3, el bunyol d\u2019ore i brillants, va anar per a Encarnaci\u00f3n Ib\u00e1\u00f1ez Palmero, de la Falla Barri de l&#8217;Alegria; M\u00aa Carmen Delgado Catal\u00e1, de la Falla Ind\u00fastria i Comer\u00e7; Consuelo Canyada Blanco, de la Falla Barri de l&#8217;Alegria; Mayte Fuertes Arenas, de la Falla Barri Ind\u00fastria i Comer\u00e7; Rafael Ortega Manj\u00f3n, de la Falla Barri de l&#8217;Alegria; Jose Luis Tar\u00edn Zan\u00f3n, de la Falla Barri Ind\u00fastria i Comer\u00e7; Jessica Soriano Manzanera, de la Falla Barri de l&#8217;Alegria; i Jorge Gil Campos, el faller m\u00e9s jove de Xest que rep aquest guard\u00f3, tamb\u00e9 pertanyent a la Falla Barri de l&#8217;Alegria.<\/p>\n\n\n\n<p class=\"wp-block-paragraph\"><strong>Hist\u00f2ria de la Junta Local Fallera<br><\/strong>Despr\u00e9s dels reconeixements es va fer un recorregut per la hist\u00f2ria de la Junta Local de Xest, des dels seus inicis l&#8217;any 2009. Aix\u00ed mateix, es va explicar quina \u00e9s la composici\u00f3 de la Junta, que des de 2017 est\u00e0 formada per Falleres Majors de l&#8217;exercici anterior, representants de les dues falles de Xest, de manera que la seua participaci\u00f3 en la Junta Local no coincidisca amb l&#8217;any en qu\u00e8 ostenten el c\u00e0rrec en les seues respectives comissions. Tot seguit, van pujar a l&#8217;escenari totes les Juntes Locals des de l&#8217;any 2012.<\/p>\n\n\n\n<p class=\"wp-block-paragraph\"><strong>Tancament de l&#8217;acte<br><\/strong>Abans que sonara l&#8217;Himne Regional Valenci\u00e0 que posaria fi a la gala, el regidor de Festes va posar tancament a l&#8217;acte amb la seua intervenci\u00f3, en la qual va subratllar que l&#8217;expedient perqu\u00e8 la cavalcada de San Jos\u00e9 de Xest es reconega com a B\u00e9 d&#8217;Inter\u00e9s Tur\u00edstic s&#8217;entregar\u00e0 pr\u00f2ximament en Conselleria. \u201cUn altre any m\u00e9s estem donant la benvinguda a les nostres Festes Josefinas en aquest Teatre Liceu i celebrant, per segon any consecutiu, la Gala Fallera. Abans de res, i en nom del nostre alcalde, vull agrair la labor que est\u00e0 exercint la Junta Local. L&#8217;alcalde no pot ser ac\u00ed per problemes de salut, per\u00f2 m&#8217;ha transm\u00e9s que li espereu amb les piles carregades per a gaudir de les Falles. Li hauria agradat ser ac\u00ed per a explicar-vos de primera m\u00e0 el treball que s&#8217;ha fet per a recon\u00e9ixer i posar en valor la labor que s&#8217;ha realitzat durant m\u00e9s de set d\u00e8cades per part de les falles chestanas i perqu\u00e8 la nostra cavalcada de San Jos\u00e9 siga declarada d&#8217;Inter\u00e9s Tur\u00edstic Provincial. Us avance que quan Jose s&#8217;incorpore a l&#8217;Ajuntament, aquest expedient, que ja est\u00e0 preparat, s&#8217;emportar\u00e0 a ple i ho presentarem a la Generalitat Valenciana\u201d, anunciava Mota.<\/p>\n\n\n\n<p class=\"wp-block-paragraph\">Tal com va explicar el regidor, l&#8217;expedient recull la tradici\u00f3 fallera de la localitat, posant el punt de mira en la construcci\u00f3 de les carrosses que desfilen el Dia de San Jos\u00e9 a Xest. \u201cEntre altres coses, hem exposat el labori\u00f3s treball manual que es realitza i que, igual que els monuments fallers, \u00e9s ef\u00edmer, perqu\u00e8 les carrosses es fan i es refan any rere any. Tamb\u00e9 destaquem la nostra tradici\u00f3 fornillera i com aix\u00f2 va donar origen a les falles de Xest i a la cavalcada. La Junta treballa al costat de l&#8217;alcalde de l&#8217;Ajuntament de Xest i la Regidoria de Festes perqu\u00e8 les nostres falles tinguen el protagonisme que es mereixen, ac\u00ed i a Val\u00e8ncia. Per\u00f2 per a aix\u00f2 tamb\u00e9 es necessita la col\u00b7laboraci\u00f3 de les falles, d&#8217;associacions i de tota la ciutadania chestana. Cal conservar entre tots i totes el nostre, per aix\u00f2, des de la Junta Local fem una crida a totes les persones que vulguen col\u00b7laborar, sempre hi haur\u00e0 una porta oberta que reculla aportacions i done la benvinguda a la seua ajuda\u201d, afegia Mota.<\/p>\n\n\n\n<p class=\"wp-block-paragraph\">Finalment, el regidor i president de la Junta Local va agrair als ve\u00efns i ve\u00efnes la seua \u201ctoleracia i permissibilitat\u201d durant la celebraci\u00f3 de les falles i es va dirigir a fallers i falleres per a desitjar-los unes bones festes: \u201cque mantingueu la tenacitat, el respecte, l&#8217;entusiasme i l&#8217;amor per les festes de falles en la nostra localitat\u201d, manifestava.<\/p>\n\n\n\n<figure class=\"wp-block-gallery has-nested-images columns-2 is-cropped wp-block-gallery-1 is-layout-flex wp-block-gallery-is-layout-flex\">\n<figure class=\"wp-block-image size-large\"><img loading=\"lazy\" decoding=\"async\" width=\"709\" height=\"473\" data-id=\"179156\" src=\"http:\/\/www.tucomarca.com\/wordpress\/segunda\/wp-content\/uploads\/2023\/02\/Cheste_GalaFallera01.jpg\" alt=\"\" class=\"wp-image-179156\" srcset=\"https:\/\/tucomarca.whitekongsoftware.com\/wp-content\/uploads\/2023\/02\/Cheste_GalaFallera01.jpg 709w, https:\/\/tucomarca.whitekongsoftware.com\/wp-content\/uploads\/2023\/02\/Cheste_GalaFallera01-300x200.jpg 300w\" sizes=\"auto, (max-width: 709px) 100vw, 709px\" \/><\/figure>\n\n\n\n<figure class=\"wp-block-image size-large\"><img loading=\"lazy\" decoding=\"async\" width=\"709\" height=\"473\" data-id=\"179158\" src=\"http:\/\/www.tucomarca.com\/wordpress\/segunda\/wp-content\/uploads\/2023\/02\/Cheste_GalaFallera02.jpg\" alt=\"\" class=\"wp-image-179158\" srcset=\"https:\/\/tucomarca.whitekongsoftware.com\/wp-content\/uploads\/2023\/02\/Cheste_GalaFallera02.jpg 709w, https:\/\/tucomarca.whitekongsoftware.com\/wp-content\/uploads\/2023\/02\/Cheste_GalaFallera02-300x200.jpg 300w\" sizes=\"auto, (max-width: 709px) 100vw, 709px\" \/><\/figure>\n\n\n\n<figure class=\"wp-block-image size-large\"><img loading=\"lazy\" decoding=\"async\" width=\"709\" height=\"473\" data-id=\"179160\" src=\"http:\/\/www.tucomarca.com\/wordpress\/segunda\/wp-content\/uploads\/2023\/02\/Cheste_GalaFallera03.jpg\" alt=\"\" class=\"wp-image-179160\" srcset=\"https:\/\/tucomarca.whitekongsoftware.com\/wp-content\/uploads\/2023\/02\/Cheste_GalaFallera03.jpg 709w, https:\/\/tucomarca.whitekongsoftware.com\/wp-content\/uploads\/2023\/02\/Cheste_GalaFallera03-300x200.jpg 300w\" sizes=\"auto, (max-width: 709px) 100vw, 709px\" \/><\/figure>\n\n\n\n<figure class=\"wp-block-image size-large\"><img loading=\"lazy\" decoding=\"async\" width=\"709\" height=\"473\" data-id=\"179162\" src=\"http:\/\/www.tucomarca.com\/wordpress\/segunda\/wp-content\/uploads\/2023\/02\/Cheste_GalaFallera04.jpg\" alt=\"\" class=\"wp-image-179162\" srcset=\"https:\/\/tucomarca.whitekongsoftware.com\/wp-content\/uploads\/2023\/02\/Cheste_GalaFallera04.jpg 709w, https:\/\/tucomarca.whitekongsoftware.com\/wp-content\/uploads\/2023\/02\/Cheste_GalaFallera04-300x200.jpg 300w\" sizes=\"auto, (max-width: 709px) 100vw, 709px\" \/><\/figure>\n\n\n\n<figure class=\"wp-block-image size-large\"><img loading=\"lazy\" decoding=\"async\" width=\"709\" height=\"473\" data-id=\"179164\" src=\"http:\/\/www.tucomarca.com\/wordpress\/segunda\/wp-content\/uploads\/2023\/02\/Cheste_GalaFallera05.jpg\" alt=\"\" class=\"wp-image-179164\" srcset=\"https:\/\/tucomarca.whitekongsoftware.com\/wp-content\/uploads\/2023\/02\/Cheste_GalaFallera05.jpg 709w, https:\/\/tucomarca.whitekongsoftware.com\/wp-content\/uploads\/2023\/02\/Cheste_GalaFallera05-300x200.jpg 300w\" sizes=\"auto, (max-width: 709px) 100vw, 709px\" \/><\/figure>\n\n\n\n<figure class=\"wp-block-image size-large\"><img loading=\"lazy\" decoding=\"async\" width=\"709\" height=\"473\" data-id=\"179166\" src=\"http:\/\/www.tucomarca.com\/wordpress\/segunda\/wp-content\/uploads\/2023\/02\/Cheste_GalaFallera06.jpg\" alt=\"\" class=\"wp-image-179166\" srcset=\"https:\/\/tucomarca.whitekongsoftware.com\/wp-content\/uploads\/2023\/02\/Cheste_GalaFallera06.jpg 709w, https:\/\/tucomarca.whitekongsoftware.com\/wp-content\/uploads\/2023\/02\/Cheste_GalaFallera06-300x200.jpg 300w\" sizes=\"auto, (max-width: 709px) 100vw, 709px\" \/><\/figure>\n\n\n\n<figure class=\"wp-block-image size-large\"><img loading=\"lazy\" decoding=\"async\" width=\"709\" height=\"473\" data-id=\"179168\" src=\"http:\/\/www.tucomarca.com\/wordpress\/segunda\/wp-content\/uploads\/2023\/02\/Cheste_GalaFallera07.jpg\" alt=\"\" class=\"wp-image-179168\" srcset=\"https:\/\/tucomarca.whitekongsoftware.com\/wp-content\/uploads\/2023\/02\/Cheste_GalaFallera07.jpg 709w, https:\/\/tucomarca.whitekongsoftware.com\/wp-content\/uploads\/2023\/02\/Cheste_GalaFallera07-300x200.jpg 300w\" sizes=\"auto, (max-width: 709px) 100vw, 709px\" \/><\/figure>\n\n\n\n<figure class=\"wp-block-image size-large\"><img loading=\"lazy\" decoding=\"async\" width=\"709\" height=\"473\" data-id=\"179170\" src=\"http:\/\/www.tucomarca.com\/wordpress\/segunda\/wp-content\/uploads\/2023\/02\/Cheste_GalaFallera08.jpg\" alt=\"\" class=\"wp-image-179170\" srcset=\"https:\/\/tucomarca.whitekongsoftware.com\/wp-content\/uploads\/2023\/02\/Cheste_GalaFallera08.jpg 709w, https:\/\/tucomarca.whitekongsoftware.com\/wp-content\/uploads\/2023\/02\/Cheste_GalaFallera08-300x200.jpg 300w\" sizes=\"auto, (max-width: 709px) 100vw, 709px\" \/><\/figure>\n\n\n\n<figure class=\"wp-block-image size-large\"><img loading=\"lazy\" decoding=\"async\" width=\"709\" height=\"473\" data-id=\"179172\" src=\"http:\/\/www.tucomarca.com\/wordpress\/segunda\/wp-content\/uploads\/2023\/02\/Cheste_GalaFallera09.jpg\" alt=\"\" class=\"wp-image-179172\" srcset=\"https:\/\/tucomarca.whitekongsoftware.com\/wp-content\/uploads\/2023\/02\/Cheste_GalaFallera09.jpg 709w, https:\/\/tucomarca.whitekongsoftware.com\/wp-content\/uploads\/2023\/02\/Cheste_GalaFallera09-300x200.jpg 300w\" sizes=\"auto, (max-width: 709px) 100vw, 709px\" \/><\/figure>\n\n\n\n<figure class=\"wp-block-image size-large\"><img loading=\"lazy\" decoding=\"async\" width=\"709\" height=\"473\" data-id=\"179174\" src=\"http:\/\/www.tucomarca.com\/wordpress\/segunda\/wp-content\/uploads\/2023\/02\/Cheste_GalaFallera10.jpg\" alt=\"\" class=\"wp-image-179174\" srcset=\"https:\/\/tucomarca.whitekongsoftware.com\/wp-content\/uploads\/2023\/02\/Cheste_GalaFallera10.jpg 709w, https:\/\/tucomarca.whitekongsoftware.com\/wp-content\/uploads\/2023\/02\/Cheste_GalaFallera10-300x200.jpg 300w\" sizes=\"auto, (max-width: 709px) 100vw, 709px\" \/><\/figure>\n\n\n\n<figure class=\"wp-block-image size-large\"><img loading=\"lazy\" decoding=\"async\" width=\"709\" height=\"473\" data-id=\"179176\" src=\"http:\/\/www.tucomarca.com\/wordpress\/segunda\/wp-content\/uploads\/2023\/02\/Cheste_GalaFallera11.jpg\" alt=\"\" class=\"wp-image-179176\" srcset=\"https:\/\/tucomarca.whitekongsoftware.com\/wp-content\/uploads\/2023\/02\/Cheste_GalaFallera11.jpg 709w, https:\/\/tucomarca.whitekongsoftware.com\/wp-content\/uploads\/2023\/02\/Cheste_GalaFallera11-300x200.jpg 300w\" sizes=\"auto, (max-width: 709px) 100vw, 709px\" \/><\/figure>\n\n\n\n<figure class=\"wp-block-image size-large\"><img loading=\"lazy\" decoding=\"async\" width=\"709\" height=\"473\" data-id=\"179178\" src=\"http:\/\/www.tucomarca.com\/wordpress\/segunda\/wp-content\/uploads\/2023\/02\/Cheste_GalaFallera12.jpg\" alt=\"\" class=\"wp-image-179178\" srcset=\"https:\/\/tucomarca.whitekongsoftware.com\/wp-content\/uploads\/2023\/02\/Cheste_GalaFallera12.jpg 709w, https:\/\/tucomarca.whitekongsoftware.com\/wp-content\/uploads\/2023\/02\/Cheste_GalaFallera12-300x200.jpg 300w\" sizes=\"auto, (max-width: 709px) 100vw, 709px\" \/><\/figure>\n\n\n\n<figure class=\"wp-block-image size-large\"><img loading=\"lazy\" decoding=\"async\" width=\"709\" height=\"473\" data-id=\"179182\" src=\"http:\/\/www.tucomarca.com\/wordpress\/segunda\/wp-content\/uploads\/2023\/02\/Cheste_GalaFallera14.jpg\" alt=\"\" class=\"wp-image-179182\" srcset=\"https:\/\/tucomarca.whitekongsoftware.com\/wp-content\/uploads\/2023\/02\/Cheste_GalaFallera14.jpg 709w, https:\/\/tucomarca.whitekongsoftware.com\/wp-content\/uploads\/2023\/02\/Cheste_GalaFallera14-300x200.jpg 300w\" sizes=\"auto, (max-width: 709px) 100vw, 709px\" \/><\/figure>\n\n\n\n<figure class=\"wp-block-image size-large\"><img loading=\"lazy\" decoding=\"async\" width=\"709\" height=\"473\" data-id=\"179180\" src=\"http:\/\/www.tucomarca.com\/wordpress\/segunda\/wp-content\/uploads\/2023\/02\/Cheste_GalaFallera13.jpg\" alt=\"\" class=\"wp-image-179180\" srcset=\"https:\/\/tucomarca.whitekongsoftware.com\/wp-content\/uploads\/2023\/02\/Cheste_GalaFallera13.jpg 709w, https:\/\/tucomarca.whitekongsoftware.com\/wp-content\/uploads\/2023\/02\/Cheste_GalaFallera13-300x200.jpg 300w\" sizes=\"auto, (max-width: 709px) 100vw, 709px\" \/><\/figure>\n<\/figure>\n","protected":false},"excerpt":{"rendered":"<div class=\"mh-excerpt\">Dissabte passat, 25 de febrer, el teatre Liceu va acollir la celebraci\u00f3 de la Gala Fallera, un esdeveniment organitzat per l&#8217;Ajuntament juntament amb les falles de la poblaci\u00f3 i la Junta Local Fallera que va <a class=\"mh-excerpt-more\" href=\"https:\/\/tucomarca.whitekongsoftware.com\/ca\/fotogaleria-xest-dona-el-tret-a-les-festes-josefinas-amb-la-celebracio-de-la-gala-fallera-2023\/\" title=\"Fotogaler\u00eda: Xest dona el tret a les Festes Josefinas amb la celebraci\u00f3 de la Gala Fallera 2023\">[+] <\/a><\/div>\n","protected":false},"author":12,"featured_media":179165,"comment_status":"open","ping_status":"open","sticky":false,"template":"","format":"gallery","meta":{"footnotes":""},"categories":[10898,10894,10912,11004,11007,11008,10896,10974],"tags":[11071,18851,18852,17140,11640,10914],"class_list":["post-179185","post","type-post","status-publish","format-gallery","has-post-thumbnail","category-ventana-ca","category-la-comarca-ca","category-la-hoya-ca","category-la-semana-en-imagenes-ca","category-ocio-y-cultura-ca","category-pueblos-en-fiestas-ca","category-seccion-ca","category-cheste-ca","tag-cheste","tag-falla-barrio-de-la-alegria-2-ca","tag-falla-industria-y-comercio-ca","tag-fallas-2023-ca","tag-junta-local-fallera-de-cheste-ca","tag-la-hoya-de-bunol-chiva-ca","post_format-post-format-gallery"],"_links":{"self":[{"href":"https:\/\/tucomarca.whitekongsoftware.com\/ca\/wp-json\/wp\/v2\/posts\/179185","targetHints":{"allow":["GET"]}}],"collection":[{"href":"https:\/\/tucomarca.whitekongsoftware.com\/ca\/wp-json\/wp\/v2\/posts"}],"about":[{"href":"https:\/\/tucomarca.whitekongsoftware.com\/ca\/wp-json\/wp\/v2\/types\/post"}],"author":[{"embeddable":true,"href":"https:\/\/tucomarca.whitekongsoftware.com\/ca\/wp-json\/wp\/v2\/users\/12"}],"replies":[{"embeddable":true,"href":"https:\/\/tucomarca.whitekongsoftware.com\/ca\/wp-json\/wp\/v2\/comments?post=179185"}],"version-history":[{"count":0,"href":"https:\/\/tucomarca.whitekongsoftware.com\/ca\/wp-json\/wp\/v2\/posts\/179185\/revisions"}],"wp:featuredmedia":[{"embeddable":true,"href":"https:\/\/tucomarca.whitekongsoftware.com\/ca\/wp-json\/wp\/v2\/media\/179165"}],"wp:attachment":[{"href":"https:\/\/tucomarca.whitekongsoftware.com\/ca\/wp-json\/wp\/v2\/media?parent=179185"}],"wp:term":[{"taxonomy":"category","embeddable":true,"href":"https:\/\/tucomarca.whitekongsoftware.com\/ca\/wp-json\/wp\/v2\/categories?post=179185"},{"taxonomy":"post_tag","embeddable":true,"href":"https:\/\/tucomarca.whitekongsoftware.com\/ca\/wp-json\/wp\/v2\/tags?post=179185"}],"curies":[{"name":"wp","href":"https:\/\/api.w.org\/{rel}","templated":true}]}}