{"id":179140,"date":"2023-02-25T12:00:00","date_gmt":"2023-02-25T11:00:00","guid":{"rendered":"https:\/\/www.tucomarca.com\/wordpress\/segunda\/?p=179140"},"modified":"2023-02-26T22:07:57","modified_gmt":"2023-02-26T21:07:57","slug":"el-centre-de-salut-dalgemesi-trasllada-provisionalment-diverses-de-les-seues-consultes-amb-motiu-de-les-seues-obres-de-reforma-i-ampliacio","status":"publish","type":"post","link":"https:\/\/tucomarca.whitekongsoftware.com\/ca\/el-centre-de-salut-dalgemesi-trasllada-provisionalment-diverses-de-les-seues-consultes-amb-motiu-de-les-seues-obres-de-reforma-i-ampliacio\/","title":{"rendered":"<strong>El Centre de Salut d&#8217;Algemes\u00ed trasllada provisionalment diverses de les seues consultes amb motiu de les seues obres de reforma i ampliaci\u00f3<\/strong>"},"content":{"rendered":"\n<h4 class=\"wp-block-heading\">Seran les consultes de Rehabilitaci\u00f3, Unitat de l&#8217;Aparell Locomotor, Fisioter\u00e0pia, Matrona, Dermatologia, Psicologia Cl\u00ednica i Unitat de Deshabituaci\u00f3 Tab\u00e0quica<\/h4>\n\n\n\n<p class=\"wp-block-paragraph\">A partir del pr\u00f2xim dilluns, 27 de febrer, el Centre de Salut d&#8217;Algemes\u00ed traslladar\u00e0 provisionalment diverses de les seues consultes amb motiu de les obres de reforma i ampliaci\u00f3 que es duran a terme en el centre sanitari.<\/p>\n\n\n\n<p class=\"wp-block-paragraph\">En concret, seran els pacients de Rehabilitaci\u00f3, Unitat de l&#8217;Aparell Locomotor, Fisioter\u00e0pia, Matrona, Dermatologia, Psicologia Cl\u00ednica i Unitat de Deshabituaci\u00f3 Tab\u00e0quica, els que seran atesos a partir de la setmana vinent en el Centre Polivalent del municipi, situat al carrer Safor, n\u00famero 22, a pocs metres del centre sanitari.<\/p>\n\n\n\n<p class=\"wp-block-paragraph\">Segons ha assenyalat la Direcci\u00f3 d&#8217;Atenci\u00f3 Prim\u00e0ria del Departament de Salut de la Ribera, \u201cs&#8217;ha decidit traslladar consultes espec\u00edfiques, els pacients de les quals tenen menys necessitat d&#8217;utilitzar altres espais addicionals del centre sanitari, tant per a la realitzaci\u00f3 de tr\u00e0mits com per a sotmetre&#8217;s a ex\u00e0mens complementaris, de manera que es causen les menors mol\u00e8sties possibles als usuaris\u201d.<\/p>\n\n\n\n<p class=\"wp-block-paragraph\">L&#8217;Ajuntament d&#8217;Algemes\u00ed ha cedit al Departament de Salut de la Ribera espais en la planta baixa i en la planta segona del Centre Polivalent, on es traslladaran les consultes fins que finalitze l&#8217;ampliaci\u00f3 i reforma del Centre de Salut d&#8217;Algemes\u00ed, projecte que suposar\u00e0 una inversi\u00f3 de 1,7 milions d&#8217;euros.&nbsp;<\/p>\n\n\n\n<p class=\"wp-block-paragraph\"><strong>Reforma i ampliaci\u00f3 del CS Algemes\u00ed<\/strong><\/p>\n\n\n\n<p class=\"wp-block-paragraph\">El projecte de reforma i ampliaci\u00f3 del Centre de Salut d&#8217;Algemes\u00ed contempla la reforma de l&#8217;actual centre i la construcci\u00f3 d&#8217;un nou edifici amb planta baixa i tres altures, annex i comunicat amb l&#8217;edifici actual.&nbsp;<\/p>\n\n\n\n<p class=\"wp-block-paragraph\">L&#8217;increment d&#8217;espai permetr\u00e0 acostar t\u00e8cniques i serveis hospitalaris a la zona b\u00e0sica d&#8217;Algemes\u00ed, integrant en un \u00fanic centre l&#8217;Atenci\u00f3 Prim\u00e0ria, l&#8217;Atenci\u00f3 Especialitzada i l&#8217;Atenci\u00f3 Continuada (Urg\u00e8ncies), convertint al centre en el sis\u00e9 Centre Sanitari Integrat (CSI) del Departament de Salut de la Ribera.&nbsp;<\/p>\n\n\n\n<p class=\"wp-block-paragraph\">Aix\u00f2 millorar\u00e0 l&#8217;accessibilitat de la ciutadania al sistema sanitari, en acostar l&#8217;assist\u00e8ncia sanit\u00e0ria als seus domicilis, i completar\u00e0 la cartera de serveis d&#8217;Atenci\u00f3 Prim\u00e0ria, facilitant la introducci\u00f3 de la cirurgia menor o l&#8217;ecografia cl\u00ednica; aix\u00f2 permetr\u00e0 millorar la resposta a les seues necessitats assistencials i els evitar\u00e0 despla\u00e7aments innecessaris fins a l&#8217;Hospital d&#8217;Alzira.<\/p>\n\n\n\n<p class=\"wp-block-paragraph\"><\/p>\n","protected":false},"excerpt":{"rendered":"<div class=\"mh-excerpt\">Seran les consultes de Rehabilitaci\u00f3, Unitat de l&#8217;Aparell Locomotor, Fisioter\u00e0pia, Matrona, Dermatologia, Psicologia Cl\u00ednica i Unitat de Deshabituaci\u00f3 Tab\u00e0quica A partir del pr\u00f2xim dilluns, 27 de febrer, el Centre de Salut d&#8217;Algemes\u00ed traslladar\u00e0 provisionalment diverses <a class=\"mh-excerpt-more\" href=\"https:\/\/tucomarca.whitekongsoftware.com\/ca\/el-centre-de-salut-dalgemesi-trasllada-provisionalment-diverses-de-les-seues-consultes-amb-motiu-de-les-seues-obres-de-reforma-i-ampliacio\/\" title=\"El Centre de Salut d&#8217;Algemes\u00ed trasllada provisionalment diverses de les seues consultes amb motiu de les seues obres de reforma i ampliaci\u00f3\">[+] <\/a><\/div>\n","protected":false},"author":12,"featured_media":179139,"comment_status":"open","ping_status":"open","sticky":false,"template":"","format":"standard","meta":{"footnotes":""},"categories":[10983,11010,10948,10894,10904,10902,10947,10896],"tags":[11081,12439,14095,11356],"class_list":["post-179140","post","type-post","status-publish","format-standard","has-post-thumbnail","category-algemesi-ca","category-canal-salud","category-infraestructuras-ca","category-la-comarca-ca","category-sin-categorizar-ca","category-la-ribera-ca","category-politica","category-seccion-ca","tag-algemesi-ca","tag-centro-de-salud-ca","tag-departamento-de-salud-de-la-ribera-ca","tag-ribera-alta-ca"],"_links":{"self":[{"href":"https:\/\/tucomarca.whitekongsoftware.com\/ca\/wp-json\/wp\/v2\/posts\/179140","targetHints":{"allow":["GET"]}}],"collection":[{"href":"https:\/\/tucomarca.whitekongsoftware.com\/ca\/wp-json\/wp\/v2\/posts"}],"about":[{"href":"https:\/\/tucomarca.whitekongsoftware.com\/ca\/wp-json\/wp\/v2\/types\/post"}],"author":[{"embeddable":true,"href":"https:\/\/tucomarca.whitekongsoftware.com\/ca\/wp-json\/wp\/v2\/users\/12"}],"replies":[{"embeddable":true,"href":"https:\/\/tucomarca.whitekongsoftware.com\/ca\/wp-json\/wp\/v2\/comments?post=179140"}],"version-history":[{"count":0,"href":"https:\/\/tucomarca.whitekongsoftware.com\/ca\/wp-json\/wp\/v2\/posts\/179140\/revisions"}],"wp:featuredmedia":[{"embeddable":true,"href":"https:\/\/tucomarca.whitekongsoftware.com\/ca\/wp-json\/wp\/v2\/media\/179139"}],"wp:attachment":[{"href":"https:\/\/tucomarca.whitekongsoftware.com\/ca\/wp-json\/wp\/v2\/media?parent=179140"}],"wp:term":[{"taxonomy":"category","embeddable":true,"href":"https:\/\/tucomarca.whitekongsoftware.com\/ca\/wp-json\/wp\/v2\/categories?post=179140"},{"taxonomy":"post_tag","embeddable":true,"href":"https:\/\/tucomarca.whitekongsoftware.com\/ca\/wp-json\/wp\/v2\/tags?post=179140"}],"curies":[{"name":"wp","href":"https:\/\/api.w.org\/{rel}","templated":true}]}}