{"id":179011,"date":"2023-02-23T15:15:00","date_gmt":"2023-02-23T14:15:00","guid":{"rendered":"https:\/\/www.tucomarca.com\/wordpress\/segunda\/?p=179011"},"modified":"2023-02-23T19:41:38","modified_gmt":"2023-02-23T18:41:38","slug":"els-centres-educatius-de-xest-participen-en-un-taller-de-grafiti","status":"publish","type":"post","link":"https:\/\/tucomarca.whitekongsoftware.com\/ca\/els-centres-educatius-de-xest-participen-en-un-taller-de-grafiti\/","title":{"rendered":"Els centres educatius de Xest participen en un taller de grafiti\u00a0"},"content":{"rendered":"\n<p class=\"wp-block-paragraph\">Xest, dijous 23 de febrer de 2023. L&#8217;artista urb\u00e0 Xemayo ha impartit un taller de grafiti promogut per la regidoria d&#8217;Educaci\u00f3, que s&#8217;ha desenvolupat al llarg de dues setmanes en els centres educatius de la Xest.<\/p>\n\n\n\n<p class=\"wp-block-paragraph\">Concretament han participat en aquesta activitat els CEIP Vicente Blasco Ib\u00e1\u00f1ez, Francisco Giner dels Rius i Ana Lluch, el col\u00b7legi San Jos\u00e9 de la Muntanya, l&#8217;IES Ricardo Mar\u00edn i el Centre de Formaci\u00f3 de Persones Adultes de Xest. \u201cAtenint a la demanda dels centres, des de la regidoria d&#8217;Educaci\u00f3 vam veure que era important complementar el curr\u00edculum d&#8217;art amb formaci\u00f3 sobre l&#8217;art urb\u00e0. Com tenim al nostre poble una gran quantitat de murals que s&#8217;han anat creant a mesura que ha evolucionat el festival Graffitea Xest, va sorgir la idea d&#8217;organitzar aquest taller que acosta l&#8217;art urb\u00e0 a l&#8217;alumnat i que ho fa participar de manera col\u00b7lectiva deixant const\u00e0ncia de la seua obra en aqueix museu a l&#8217;aire lliure amb el qual comptem\u201d, ha declarat la regidora, M\u00aa \u00c1ngeles Llorente.<\/p>\n\n\n\n<p class=\"wp-block-paragraph\">\u201cL&#8217;objectiu d&#8217;aquest taller \u00e9s fer arribar a l&#8217;alumnat la cultura del grafiti, perqu\u00e8 coneguen de primera m\u00e0 el proc\u00e9s d&#8217;elaborar un mural i tamb\u00e9 perqu\u00e8 entenguen quin \u00e9s el context art\u00edstic que hi ha en el seu propi poble, gr\u00e0cies a la celebraci\u00f3 de Graffitea Xest; que est\u00e0 trencant cada vegada m\u00e9s estrats, consolidant-se com un festival molt important\u201d, ha afegit Xemayo.\u00a0<\/p>\n\n\n\n<p class=\"wp-block-paragraph\">El taller ha constat de sis sessions, una en cada centre participant, en les quals l&#8217;artista urb\u00e0 ha realitzat una xarrada introduct\u00f2ria sobre la hist\u00f2ria del grafiti i els seus valors, aix\u00ed com el seu vincle amb la cultura hip-hop. Despr\u00e9s, els i les participants han treballat activament de manera conjunta en l&#8217;elaboraci\u00f3 d&#8217;un grafiti. \u201cLa resposta de l&#8217;alumnat ha sigut molt bona. No tenen una base sobre el que \u00e9s el grafiti i per aix\u00f2 l&#8217;inter\u00e9s ha sigut m\u00e0xim, de fet es queden amb ganes de pintar m\u00e9s. Amb l&#8217;alumnat m\u00e9s major, com ha sigut el cas de l&#8217;IES, hem fet part\u00edcips als alumnes en el proc\u00e9s de creaci\u00f3 i han participat en l&#8217;elaboraci\u00f3 del disseny final, en el qual han incl\u00f2s un lema que tenen aquest curs: Mens sana in corpore sa. Per a mi, que l&#8217;art \u00e9s la meua professi\u00f3, em sembla fonamental que l&#8217;art urb\u00e0 i el grafiti es mostren en els centres educatius com a eines positives, de comunicaci\u00f3 i d&#8217;art\u201d, ha apuntat Xemayo.<\/p>\n\n\n\n<p class=\"wp-block-paragraph\">\u201cEl grafiti s&#8217;associa molt amb el vandalisme i no \u00e9s aix\u00ed, \u00e9s una forma m\u00e9s d&#8217;expressi\u00f3 art\u00edstica. Normalment ens ensenyen a dibuixar amb llapis, boli o pinzells; per\u00f2 no se&#8217;ns esmenta el grafiti i crec que \u00e9s una part de l&#8217;art que hauria d&#8217;estar inclosa en la nostra educaci\u00f3 art\u00edstica\u201d, ha manifestat Clara P\u00e9rez R\u00edos, alumna de 2n de Batxillerat. \u201cCom Xest est\u00e0 tan involucrat amb el m\u00f3n del grafiti, per a nosaltres \u00e9s una cosa que s\u00ed que tenim a prop; de fet, jo mateixa viu enfront d&#8217;un dels murals que es van pintar en el festival Graffitea i vaig poder veure tot el proc\u00e9s de dur-lo a terme. Per\u00f2 una cosa \u00e9s veure-ho i una altra fer-ho, per aix\u00f2 amb aquest taller hem apr\u00e9s a posar-lo en pr\u00e0ctica, hem vist que amb creativitat es pot fer un bon disseny i que el complicat est\u00e0 a treballar sobre la paret i manejar en aqueixa superf\u00edcie la pintura. A m\u00e9s, en el meu cas, que ja no estar\u00e9 en l&#8217;institut l&#8217;any que ve, participar en aquest taller m&#8217;ha servit per a deixar la meua petjada: quan passe per aquest carrer i veja el nostre mural em recordar\u00e9 d&#8217;aquesta experi\u00e8ncia i pensar\u00e9 que hi ha una part de mi en aquest mur\u201d.<br>Segons ha explicat Xemayo, en els diferents murals que han resultat d&#8217;aquest taller s&#8217;ha emprat pintura pl\u00e0stica per a reparar les superf\u00edcies a intervindre i s&#8217;ha fet \u00fas de pintura en esprai per a la major part dels grafiti, de manera que s&#8217;ha recorregut m\u00ednimament al treball amb pinzells i corrons.<\/p>\n\n\n\n<p class=\"wp-block-paragraph\"><\/p>\n\n\n\n<figure class=\"wp-block-image size-large\"><img loading=\"lazy\" decoding=\"async\" width=\"1024\" height=\"473\" src=\"http:\/\/www.tucomarca.com\/wordpress\/segunda\/wp-content\/uploads\/2023\/02\/Blasco_Taller-graffiti_10-1024x473.jpg\" alt=\"\" class=\"wp-image-179006\" srcset=\"https:\/\/tucomarca.whitekongsoftware.com\/wp-content\/uploads\/2023\/02\/Blasco_Taller-graffiti_10-1024x473.jpg 1024w, https:\/\/tucomarca.whitekongsoftware.com\/wp-content\/uploads\/2023\/02\/Blasco_Taller-graffiti_10-300x138.jpg 300w, https:\/\/tucomarca.whitekongsoftware.com\/wp-content\/uploads\/2023\/02\/Blasco_Taller-graffiti_10-768x354.jpg 768w, https:\/\/tucomarca.whitekongsoftware.com\/wp-content\/uploads\/2023\/02\/Blasco_Taller-graffiti_10-1536x709.jpg 1536w, https:\/\/tucomarca.whitekongsoftware.com\/wp-content\/uploads\/2023\/02\/Blasco_Taller-graffiti_10.jpg 2048w\" sizes=\"auto, (max-width: 1024px) 100vw, 1024px\" \/><\/figure>\n\n\n\n<figure class=\"wp-block-image size-large\"><img loading=\"lazy\" decoding=\"async\" width=\"1024\" height=\"576\" src=\"http:\/\/www.tucomarca.com\/wordpress\/segunda\/wp-content\/uploads\/2023\/02\/CFPA_Taller-graffiti_2-1024x576.jpg\" alt=\"\" class=\"wp-image-179008\" srcset=\"https:\/\/tucomarca.whitekongsoftware.com\/wp-content\/uploads\/2023\/02\/CFPA_Taller-graffiti_2-1024x576.jpg 1024w, https:\/\/tucomarca.whitekongsoftware.com\/wp-content\/uploads\/2023\/02\/CFPA_Taller-graffiti_2-300x169.jpg 300w, https:\/\/tucomarca.whitekongsoftware.com\/wp-content\/uploads\/2023\/02\/CFPA_Taller-graffiti_2-768x432.jpg 768w, https:\/\/tucomarca.whitekongsoftware.com\/wp-content\/uploads\/2023\/02\/CFPA_Taller-graffiti_2-1536x864.jpg 1536w, https:\/\/tucomarca.whitekongsoftware.com\/wp-content\/uploads\/2023\/02\/CFPA_Taller-graffiti_2-678x381.jpg 678w, https:\/\/tucomarca.whitekongsoftware.com\/wp-content\/uploads\/2023\/02\/CFPA_Taller-graffiti_2.jpg 2000w\" sizes=\"auto, (max-width: 1024px) 100vw, 1024px\" \/><\/figure>\n","protected":false},"excerpt":{"rendered":"<div class=\"mh-excerpt\">Xest, dijous 23 de febrer de 2023. L&#8217;artista urb\u00e0 Xemayo ha impartit un taller de grafiti promogut per la regidoria d&#8217;Educaci\u00f3, que s&#8217;ha desenvolupat al llarg de dues setmanes en els centres educatius de la <a class=\"mh-excerpt-more\" href=\"https:\/\/tucomarca.whitekongsoftware.com\/ca\/els-centres-educatius-de-xest-participen-en-un-taller-de-grafiti\/\" title=\"Els centres educatius de Xest participen en un taller de grafiti\u00a0\">[+] <\/a><\/div>\n","protected":false},"author":1,"featured_media":179005,"comment_status":"open","ping_status":"open","sticky":false,"template":"","format":"gallery","meta":{"footnotes":""},"categories":[10894,10912,11007,10896,10974],"tags":[11071,10914],"class_list":["post-179011","post","type-post","status-publish","format-gallery","has-post-thumbnail","category-la-comarca-ca","category-la-hoya-ca","category-ocio-y-cultura-ca","category-seccion-ca","category-cheste-ca","tag-cheste","tag-la-hoya-de-bunol-chiva-ca","post_format-post-format-gallery"],"_links":{"self":[{"href":"https:\/\/tucomarca.whitekongsoftware.com\/ca\/wp-json\/wp\/v2\/posts\/179011","targetHints":{"allow":["GET"]}}],"collection":[{"href":"https:\/\/tucomarca.whitekongsoftware.com\/ca\/wp-json\/wp\/v2\/posts"}],"about":[{"href":"https:\/\/tucomarca.whitekongsoftware.com\/ca\/wp-json\/wp\/v2\/types\/post"}],"author":[{"embeddable":true,"href":"https:\/\/tucomarca.whitekongsoftware.com\/ca\/wp-json\/wp\/v2\/users\/1"}],"replies":[{"embeddable":true,"href":"https:\/\/tucomarca.whitekongsoftware.com\/ca\/wp-json\/wp\/v2\/comments?post=179011"}],"version-history":[{"count":0,"href":"https:\/\/tucomarca.whitekongsoftware.com\/ca\/wp-json\/wp\/v2\/posts\/179011\/revisions"}],"wp:featuredmedia":[{"embeddable":true,"href":"https:\/\/tucomarca.whitekongsoftware.com\/ca\/wp-json\/wp\/v2\/media\/179005"}],"wp:attachment":[{"href":"https:\/\/tucomarca.whitekongsoftware.com\/ca\/wp-json\/wp\/v2\/media?parent=179011"}],"wp:term":[{"taxonomy":"category","embeddable":true,"href":"https:\/\/tucomarca.whitekongsoftware.com\/ca\/wp-json\/wp\/v2\/categories?post=179011"},{"taxonomy":"post_tag","embeddable":true,"href":"https:\/\/tucomarca.whitekongsoftware.com\/ca\/wp-json\/wp\/v2\/tags?post=179011"}],"curies":[{"name":"wp","href":"https:\/\/api.w.org\/{rel}","templated":true}]}}