{"id":178875,"date":"2023-02-22T15:00:00","date_gmt":"2023-02-22T14:00:00","guid":{"rendered":"https:\/\/www.tucomarca.com\/wordpress\/segunda\/?p=178875"},"modified":"2023-02-22T18:52:58","modified_gmt":"2023-02-22T17:52:58","slug":"el-sector-apicola-valencia-celebra-una-altra-protesta-dema-amb-una-camionada-des-de-quart-de-poblet-a-la-conselleria-dagricultura-i-les-corts","status":"publish","type":"post","link":"https:\/\/tucomarca.whitekongsoftware.com\/ca\/el-sector-apicola-valencia-celebra-una-altra-protesta-dema-amb-una-camionada-des-de-quart-de-poblet-a-la-conselleria-dagricultura-i-les-corts\/","title":{"rendered":"El sector ap\u00edcola valenci\u00e0 celebra una altra protesta dem\u00e0 amb una camionada des de Quart de Poblet a la Conselleria d&#8217;Agricultura i les Corts"},"content":{"rendered":"\n<h3 class=\"wp-block-heading\">L&#8217;acci\u00f3 es justifica a&#8221;per la falta de resposta de la Generalitat davant la situaci\u00f3 dels apicultors&#8221;<\/h3>\n\n\n\n<p class=\"wp-block-paragraph\">La totalitat d&#8217;organitzacions professionals agr\u00e0ries i entitats relacionades amb el sector ap\u00edcola de la Comunitat Valenciana han convocat una nova concentraci\u00f3 de protesta dem\u00e0, dijous 23 de febrer, amb una camionada que eixir\u00e0 de Quart de Poblet (C\/Pere el Cerimoni\u00f3s, al costat d&#8217;A3), passar\u00e0 per la Conselleria d&#8217;Agricultura i les Corts Valencianes i acabar\u00e0 de nou en Conselleria d&#8217;Agricultura.<\/p>\n\n\n\n<p class=\"wp-block-paragraph\">Reiteren la insensibilitat manifesta i falta de respostes de la Conselleria d&#8217;Agricultura, als problemes d&#8217;un sector amb una gran import\u00e0ncia econ\u00f2mica, social i mediambiental en el nostre territori. Apicultors amb els seus camions arribats des de tots els punts de la Comunitat Valenciana de La Uni\u00f3 Llauradora i Ramadera, AVA-ASAJA, Asaja Alacant, UPA-PV, CCPV-COAG, ApiAds, L&#8217;Ossa, Arva i APAC es despla\u00e7aran des de Quart de Poblet a la Conselleria d&#8217;Agricultura.<\/p>\n\n\n\n<p class=\"wp-block-paragraph\">Les organitzacions convocants denuncien que els apicultors valencians s\u00f3n els pitjors tractats de tota Espanya i es consideren discriminats respecte als seus hom\u00f2legs d&#8217;altres comunitats aut\u00f2nomes. Demanen unes ajudes agroambientals a la biodiversitat dignes, unes ajudes directes de 25 euros per rusc i la seua negativa a l&#8217;acord del Consell de la pinyol\u00e0. Tamb\u00e9 critiquen que l&#8217;apicultura transhumant estiga exclosa de les bonificacions del gasoil professional, que el pla de viabilitat auton\u00f2mic de l&#8217;apicultura porte ja dos anys en el calaix dels oblits o els preus a la baixa de la mel a conseq\u00fc\u00e8ncia de les massives importacions procedents de tercers pa\u00efsos.&nbsp;<\/p>\n","protected":false},"excerpt":{"rendered":"<div class=\"mh-excerpt\">L&#8217;acci\u00f3 es justifica a&#8221;per la falta de resposta de la Generalitat davant la situaci\u00f3 dels apicultors&#8221; La totalitat d&#8217;organitzacions professionals agr\u00e0ries i entitats relacionades amb el sector ap\u00edcola de la Comunitat Valenciana han convocat una <a class=\"mh-excerpt-more\" href=\"https:\/\/tucomarca.whitekongsoftware.com\/ca\/el-sector-apicola-valencia-celebra-una-altra-protesta-dema-amb-una-camionada-des-de-quart-de-poblet-a-la-conselleria-dagricultura-i-les-corts\/\" title=\"El sector ap\u00edcola valenci\u00e0 celebra una altra protesta dem\u00e0 amb una camionada des de Quart de Poblet a la Conselleria d&#8217;Agricultura i les Corts\">[+] <\/a><\/div>\n","protected":false},"author":1,"featured_media":171179,"comment_status":"open","ping_status":"open","sticky":false,"template":"","format":"standard","meta":{"footnotes":""},"categories":[11019,10905,10948,10894,10904,10903,10947,10896,10897],"tags":[12908,11199,18847,17550],"class_list":["post-178875","post","type-post","status-publish","format-standard","has-post-thumbnail","category-agenda-ca","category-agricultura-la-comarca-ca","category-infraestructuras-ca","category-la-comarca-ca","category-sin-categorizar-ca","category-medio-ambiente-la-comarca-ca","category-politica","category-seccion-ca","category-sucesos-la-comarca-ca","tag-apicola-ca","tag-la-comunitat-ca","tag-miel-ca","tag-protesta-ca"],"_links":{"self":[{"href":"https:\/\/tucomarca.whitekongsoftware.com\/ca\/wp-json\/wp\/v2\/posts\/178875","targetHints":{"allow":["GET"]}}],"collection":[{"href":"https:\/\/tucomarca.whitekongsoftware.com\/ca\/wp-json\/wp\/v2\/posts"}],"about":[{"href":"https:\/\/tucomarca.whitekongsoftware.com\/ca\/wp-json\/wp\/v2\/types\/post"}],"author":[{"embeddable":true,"href":"https:\/\/tucomarca.whitekongsoftware.com\/ca\/wp-json\/wp\/v2\/users\/1"}],"replies":[{"embeddable":true,"href":"https:\/\/tucomarca.whitekongsoftware.com\/ca\/wp-json\/wp\/v2\/comments?post=178875"}],"version-history":[{"count":0,"href":"https:\/\/tucomarca.whitekongsoftware.com\/ca\/wp-json\/wp\/v2\/posts\/178875\/revisions"}],"wp:featuredmedia":[{"embeddable":true,"href":"https:\/\/tucomarca.whitekongsoftware.com\/ca\/wp-json\/wp\/v2\/media\/171179"}],"wp:attachment":[{"href":"https:\/\/tucomarca.whitekongsoftware.com\/ca\/wp-json\/wp\/v2\/media?parent=178875"}],"wp:term":[{"taxonomy":"category","embeddable":true,"href":"https:\/\/tucomarca.whitekongsoftware.com\/ca\/wp-json\/wp\/v2\/categories?post=178875"},{"taxonomy":"post_tag","embeddable":true,"href":"https:\/\/tucomarca.whitekongsoftware.com\/ca\/wp-json\/wp\/v2\/tags?post=178875"}],"curies":[{"name":"wp","href":"https:\/\/api.w.org\/{rel}","templated":true}]}}