{"id":178866,"date":"2023-02-22T15:30:00","date_gmt":"2023-02-22T14:30:00","guid":{"rendered":"https:\/\/www.tucomarca.com\/wordpress\/segunda\/?p=178866"},"modified":"2023-02-22T20:09:11","modified_gmt":"2023-02-22T19:09:11","slug":"la-falla-ramon-y-cajal-de-xiva-presenta-aquest-dissabte-a-eva-manez-i-cayetana-roser-com-a-falleres-majors-2023","status":"publish","type":"post","link":"https:\/\/tucomarca.whitekongsoftware.com\/ca\/la-falla-ramon-y-cajal-de-xiva-presenta-aquest-dissabte-a-eva-manez-i-cayetana-roser-com-a-falleres-majors-2023\/","title":{"rendered":"La Falla Ram\u00f3n y Cajal de Xiva presenta aquest dissabte a Eva M\u00e1\u00f1ez i Cayetana Roser com a Falleres Majors 2023"},"content":{"rendered":"\n<p class=\"wp-block-paragraph\">Aquest dissabte, 25 de febrer, tindr\u00e0 lloc en Teatre Municipal Astoria de Xiva, l&#8217;exaltaci\u00f3 de les Falleres Majors de la comissi\u00f3 Ram\u00f3n y Cajal.<\/p>\n\n\n\n<p class=\"wp-block-paragraph\">A partir de les 19,o0 hores, est\u00e0 prevista la posada de llarg d&#8217;Eva M\u00e1\u00f1ez i de Cayetana Roser, en la seua presentaci\u00f3 estaran acompanyada pel seu president, Sergio Roser i la cort d&#8217;honor que les acompanyar\u00e0 durant aquest 2023. Les m\u00e0ximes representants de la Falla Ram\u00f3n y Cajal ja compten els dies per a poder gaudir de les festes josefinas en companyia de les seues fam\u00edlies i comissi\u00f3.<\/p>\n\n\n\n<p class=\"wp-block-paragraph\"><\/p>\n","protected":false},"excerpt":{"rendered":"<div class=\"mh-excerpt\">Aquest dissabte, 25 de febrer, tindr\u00e0 lloc en Teatre Municipal Astoria de Xiva, l&#8217;exaltaci\u00f3 de les Falleres Majors de la comissi\u00f3 Ram\u00f3n y Cajal. A partir de les 19,o0 hores, est\u00e0 prevista la posada de <a class=\"mh-excerpt-more\" href=\"https:\/\/tucomarca.whitekongsoftware.com\/ca\/la-falla-ramon-y-cajal-de-xiva-presenta-aquest-dissabte-a-eva-manez-i-cayetana-roser-com-a-falleres-majors-2023\/\" title=\"La Falla Ram\u00f3n y Cajal de Xiva presenta aquest dissabte a Eva M\u00e1\u00f1ez i Cayetana Roser com a Falleres Majors 2023\">[+] <\/a><\/div>\n","protected":false},"author":12,"featured_media":178863,"comment_status":"open","ping_status":"open","sticky":false,"template":"","format":"standard","meta":{"footnotes":""},"categories":[11019,10894,10912,11007,10896,10975],"tags":[11195,18846,10914],"class_list":["post-178866","post","type-post","status-publish","format-standard","has-post-thumbnail","category-agenda-ca","category-la-comarca-ca","category-la-hoya-ca","category-ocio-y-cultura-ca","category-seccion-ca","category-chiva-ca","tag-chiva-ca","tag-falla-ramon-y-cajal-ca","tag-la-hoya-de-bunol-chiva-ca"],"_links":{"self":[{"href":"https:\/\/tucomarca.whitekongsoftware.com\/ca\/wp-json\/wp\/v2\/posts\/178866","targetHints":{"allow":["GET"]}}],"collection":[{"href":"https:\/\/tucomarca.whitekongsoftware.com\/ca\/wp-json\/wp\/v2\/posts"}],"about":[{"href":"https:\/\/tucomarca.whitekongsoftware.com\/ca\/wp-json\/wp\/v2\/types\/post"}],"author":[{"embeddable":true,"href":"https:\/\/tucomarca.whitekongsoftware.com\/ca\/wp-json\/wp\/v2\/users\/12"}],"replies":[{"embeddable":true,"href":"https:\/\/tucomarca.whitekongsoftware.com\/ca\/wp-json\/wp\/v2\/comments?post=178866"}],"version-history":[{"count":0,"href":"https:\/\/tucomarca.whitekongsoftware.com\/ca\/wp-json\/wp\/v2\/posts\/178866\/revisions"}],"wp:featuredmedia":[{"embeddable":true,"href":"https:\/\/tucomarca.whitekongsoftware.com\/ca\/wp-json\/wp\/v2\/media\/178863"}],"wp:attachment":[{"href":"https:\/\/tucomarca.whitekongsoftware.com\/ca\/wp-json\/wp\/v2\/media?parent=178866"}],"wp:term":[{"taxonomy":"category","embeddable":true,"href":"https:\/\/tucomarca.whitekongsoftware.com\/ca\/wp-json\/wp\/v2\/categories?post=178866"},{"taxonomy":"post_tag","embeddable":true,"href":"https:\/\/tucomarca.whitekongsoftware.com\/ca\/wp-json\/wp\/v2\/tags?post=178866"}],"curies":[{"name":"wp","href":"https:\/\/api.w.org\/{rel}","templated":true}]}}