{"id":178865,"date":"2023-02-22T11:00:00","date_gmt":"2023-02-22T10:00:00","guid":{"rendered":"https:\/\/www.tucomarca.com\/wordpress\/segunda\/?p=178865"},"modified":"2023-02-22T14:50:35","modified_gmt":"2023-02-22T13:50:35","slug":"carlos-fernandez-bielsa-visita-les-obres-de-la-carretera-de-la-vega","status":"publish","type":"post","link":"https:\/\/tucomarca.whitekongsoftware.com\/ca\/carlos-fernandez-bielsa-visita-les-obres-de-la-carretera-de-la-vega\/","title":{"rendered":"Carlos Fern\u00e1ndez Bielsa visita les obres de la carretera de la Vega"},"content":{"rendered":"\n<p class=\"wp-block-paragraph\">El vicepresident de la Diputaci\u00f3 de Val\u00e8ncia, Carlos Fern\u00e1ndez Bielsa, ha visitat recentment les obres realitzades en la coneguda com a Carretera de la Vega.<\/p>\n\n\n\n<p class=\"wp-block-paragraph\">L&#8217;objectiu d&#8217;aquesta visita, que es va realitzar dimecres passat, va ser veure el resultat de les actuacions dutes a terme en aquesta carretera que transcorre entre Utiel i El Pont\u00f3.<\/p>\n\n\n\n<p class=\"wp-block-paragraph\">L&#8217;equip de govern socialista a l&#8217;Ajuntament de Requena, amb Mario S\u00e1nchez al capdavant, va aconseguir que la Diputaci\u00f3 de Val\u00e8ncia assumira la titularitat d&#8217;aquesta carretera, finan\u00e7ant a m\u00e9s l&#8217;import d&#8217;aquestes obres, que han fet d&#8217;aquesta carretera una via segura com mereixen els llogarets de la Vega.<\/p>\n\n\n\n<p class=\"wp-block-paragraph\"><\/p>\n","protected":false},"excerpt":{"rendered":"<div class=\"mh-excerpt\">El vicepresident de la Diputaci\u00f3 de Val\u00e8ncia, Carlos Fern\u00e1ndez Bielsa, ha visitat recentment les obres realitzades en la coneguda com a Carretera de la Vega. L&#8217;objectiu d&#8217;aquesta visita, que es va realitzar dimecres passat, va <a class=\"mh-excerpt-more\" href=\"https:\/\/tucomarca.whitekongsoftware.com\/ca\/carlos-fernandez-bielsa-visita-les-obres-de-la-carretera-de-la-vega\/\" title=\"Carlos Fern\u00e1ndez Bielsa visita les obres de la carretera de la Vega\">[+] <\/a><\/div>\n","protected":false},"author":1,"featured_media":178861,"comment_status":"open","ping_status":"open","sticky":false,"template":"","format":"standard","meta":{"footnotes":""},"categories":[10948,10894,10904,10947,10908,10909,10896],"tags":[11246,11099,10910],"class_list":["post-178865","post","type-post","status-publish","format-standard","has-post-thumbnail","category-infraestructuras-ca","category-la-comarca-ca","category-sin-categorizar-ca","category-politica","category-requena-ca","category-requena-utiel-ca","category-seccion-ca","tag-diputacio-de-valencia-ca","tag-requena-ca","tag-requena-utiel-ca"],"_links":{"self":[{"href":"https:\/\/tucomarca.whitekongsoftware.com\/ca\/wp-json\/wp\/v2\/posts\/178865","targetHints":{"allow":["GET"]}}],"collection":[{"href":"https:\/\/tucomarca.whitekongsoftware.com\/ca\/wp-json\/wp\/v2\/posts"}],"about":[{"href":"https:\/\/tucomarca.whitekongsoftware.com\/ca\/wp-json\/wp\/v2\/types\/post"}],"author":[{"embeddable":true,"href":"https:\/\/tucomarca.whitekongsoftware.com\/ca\/wp-json\/wp\/v2\/users\/1"}],"replies":[{"embeddable":true,"href":"https:\/\/tucomarca.whitekongsoftware.com\/ca\/wp-json\/wp\/v2\/comments?post=178865"}],"version-history":[{"count":0,"href":"https:\/\/tucomarca.whitekongsoftware.com\/ca\/wp-json\/wp\/v2\/posts\/178865\/revisions"}],"wp:featuredmedia":[{"embeddable":true,"href":"https:\/\/tucomarca.whitekongsoftware.com\/ca\/wp-json\/wp\/v2\/media\/178861"}],"wp:attachment":[{"href":"https:\/\/tucomarca.whitekongsoftware.com\/ca\/wp-json\/wp\/v2\/media?parent=178865"}],"wp:term":[{"taxonomy":"category","embeddable":true,"href":"https:\/\/tucomarca.whitekongsoftware.com\/ca\/wp-json\/wp\/v2\/categories?post=178865"},{"taxonomy":"post_tag","embeddable":true,"href":"https:\/\/tucomarca.whitekongsoftware.com\/ca\/wp-json\/wp\/v2\/tags?post=178865"}],"curies":[{"name":"wp","href":"https:\/\/api.w.org\/{rel}","templated":true}]}}