{"id":178854,"date":"2023-02-22T10:00:00","date_gmt":"2023-02-22T09:00:00","guid":{"rendered":"https:\/\/www.tucomarca.com\/wordpress\/segunda\/?p=178854"},"modified":"2023-02-22T14:36:00","modified_gmt":"2023-02-22T13:36:00","slug":"la-guardia-civil-dete-a-dues-persones-despres-dinterceptar-280-quilos-de-picada-de-tabac-illegal-a-requena","status":"publish","type":"post","link":"https:\/\/tucomarca.whitekongsoftware.com\/ca\/la-guardia-civil-dete-a-dues-persones-despres-dinterceptar-280-quilos-de-picada-de-tabac-illegal-a-requena\/","title":{"rendered":"La Gu\u00e0rdia Civil det\u00e9 a dues persones despr\u00e9s d&#8217;interceptar 280 quilos de picada de tabac il\u00b7legal a Requena"},"content":{"rendered":"\n<h3 class=\"wp-block-heading\"><strong>Els detinguts ho van ser en el marc d&#8217;un control de seguretat vi\u00e0ria i transports<\/strong><\/h3>\n\n\n\n<h3 class=\"wp-block-heading\"><strong>Se les Se&#8217;ls van intervindre 280 quilograms de picada de tabac 280 kilogramos de picadura de tabaco<\/strong><\/h3>\n\n\n\n<p class=\"wp-block-paragraph\">Efectius del Subsector de Tr\u00e0nsit de la Gu\u00e0rdia Civil de Val\u00e8ncia han procedit a la detenci\u00f3 de dues persones, de 29 i 34 anys, el mat\u00ed del dia 14 de febrer, en detectar-los quan circulaven amb una furgoneta per l&#8217;autovia A-3 (Madrid-Val\u00e8ncia), transportant 14 fardells d&#8217;una suposada mercaderia que poguera tractar-se de picada de tabac a granel envasada al buit.<br>El vehicle va al\u00e7ar les sospites dels agents en el marc d&#8217;un punt de verificaci\u00f3 de seguretat vi\u00e0ria, alcohol, drogues i transports, per la qual cosa van realitzar un registre de l&#8217;interior on van trobar el tabac ocult. Despr\u00e9s de realitzar els oportuns esbrinaments, es va comprovar que efectivament es tractava de tabac en picada, amb un pes total de 280 kg, i una valoraci\u00f3 en el mercat de 53.200 euros, la qual cosa constitueix un presumpte delicte de contraban.<br>Es va procedir a l&#8217;aprensi\u00f3 de vehicle i subst\u00e0ncia, instruint dilig\u00e8ncies que han sigut posades a disposici\u00f3 judicial del Jutjat de gu\u00e0rdia dels de Requena.<br>La Llei de repressi\u00f3 del contraban preveu penes per aquest delicte que poden aconseguir fins als cinc anys de pres\u00f3 i multa del punt al s\u00e8xtuple del valor dels b\u00e9ns, mercaderies, g\u00e8neres o efectes.<\/p>\n\n\n\n<p class=\"wp-block-paragraph\"><\/p>\n\n\n\n<p class=\"wp-block-paragraph\"><\/p>\n\n\n\n<p class=\"wp-block-paragraph\"><\/p>\n","protected":false},"excerpt":{"rendered":"<div class=\"mh-excerpt\">Els detinguts ho van ser en el marc d&#8217;un control de seguretat vi\u00e0ria i transports Se les Se&#8217;ls van intervindre 280 quilograms de picada de tabac 280 kilogramos de picadura de tabaco Efectius del Subsector <a class=\"mh-excerpt-more\" href=\"https:\/\/tucomarca.whitekongsoftware.com\/ca\/la-guardia-civil-dete-a-dues-persones-despres-dinterceptar-280-quilos-de-picada-de-tabac-illegal-a-requena\/\" title=\"La Gu\u00e0rdia Civil det\u00e9 a dues persones despr\u00e9s d&#8217;interceptar 280 quilos de picada de tabac il\u00b7legal a Requena\">[+] <\/a><\/div>\n","protected":false},"author":1,"featured_media":163472,"comment_status":"open","ping_status":"open","sticky":false,"template":"","format":"standard","meta":{"footnotes":""},"categories":[10898,10948,10894,10904,10947,10908,10909,10896,10897],"tags":[11118,11099,10910],"class_list":["post-178854","post","type-post","status-publish","format-standard","has-post-thumbnail","category-ventana-ca","category-infraestructuras-ca","category-la-comarca-ca","category-sin-categorizar-ca","category-politica","category-requena-ca","category-requena-utiel-ca","category-seccion-ca","category-sucesos-la-comarca-ca","tag-guardia-civil-ca","tag-requena-ca","tag-requena-utiel-ca"],"_links":{"self":[{"href":"https:\/\/tucomarca.whitekongsoftware.com\/ca\/wp-json\/wp\/v2\/posts\/178854","targetHints":{"allow":["GET"]}}],"collection":[{"href":"https:\/\/tucomarca.whitekongsoftware.com\/ca\/wp-json\/wp\/v2\/posts"}],"about":[{"href":"https:\/\/tucomarca.whitekongsoftware.com\/ca\/wp-json\/wp\/v2\/types\/post"}],"author":[{"embeddable":true,"href":"https:\/\/tucomarca.whitekongsoftware.com\/ca\/wp-json\/wp\/v2\/users\/1"}],"replies":[{"embeddable":true,"href":"https:\/\/tucomarca.whitekongsoftware.com\/ca\/wp-json\/wp\/v2\/comments?post=178854"}],"version-history":[{"count":0,"href":"https:\/\/tucomarca.whitekongsoftware.com\/ca\/wp-json\/wp\/v2\/posts\/178854\/revisions"}],"wp:featuredmedia":[{"embeddable":true,"href":"https:\/\/tucomarca.whitekongsoftware.com\/ca\/wp-json\/wp\/v2\/media\/163472"}],"wp:attachment":[{"href":"https:\/\/tucomarca.whitekongsoftware.com\/ca\/wp-json\/wp\/v2\/media?parent=178854"}],"wp:term":[{"taxonomy":"category","embeddable":true,"href":"https:\/\/tucomarca.whitekongsoftware.com\/ca\/wp-json\/wp\/v2\/categories?post=178854"},{"taxonomy":"post_tag","embeddable":true,"href":"https:\/\/tucomarca.whitekongsoftware.com\/ca\/wp-json\/wp\/v2\/tags?post=178854"}],"curies":[{"name":"wp","href":"https:\/\/api.w.org\/{rel}","templated":true}]}}