{"id":178759,"date":"2023-02-21T08:55:00","date_gmt":"2023-02-21T07:55:00","guid":{"rendered":"https:\/\/www.tucomarca.com\/wordpress\/segunda\/?p=178759"},"modified":"2023-02-21T11:21:15","modified_gmt":"2023-02-21T10:21:15","slug":"la-sala-el-mercat-acull-lacte-de-presentacio-en-public-de-la-comunitat-energetica-bunyol","status":"publish","type":"post","link":"https:\/\/tucomarca.whitekongsoftware.com\/ca\/la-sala-el-mercat-acull-lacte-de-presentacio-en-public-de-la-comunitat-energetica-bunyol\/","title":{"rendered":"La Sala El Mercat acull l&#8217;acte de presentaci\u00f3 en p\u00fablic de la Comunitat Energ\u00e8tica Bunyol"},"content":{"rendered":"\n<p class=\"wp-block-paragraph\">La Sala El Mercat de Bunyol acull aquest dijous, 23 de febrer, a partir de les 19,00 hores, l&#8217;acte de presentaci\u00f3 de la Comunitat Energ\u00e8tica Bunyol, &#8220;un projecte en col\u00b7laboraci\u00f3 amb l&#8217;Ajuntament de Bunyol i finan\u00e7at a trav\u00e9s del IDAE amb fons NextGen&#8221;, tal com ha informat des del consistori de la localitat la seua alcaldessa, Juncal Carrascosa.<\/p>\n\n\n\n<figure class=\"wp-block-image size-full\"><img loading=\"lazy\" decoding=\"async\" width=\"750\" height=\"624\" src=\"http:\/\/www.tucomarca.com\/wordpress\/segunda\/wp-content\/uploads\/2023\/02\/ComunidadEnergeticaBunol.jpg\" alt=\"\" class=\"wp-image-178756\" srcset=\"https:\/\/tucomarca.whitekongsoftware.com\/wp-content\/uploads\/2023\/02\/ComunidadEnergeticaBunol.jpg 750w, https:\/\/tucomarca.whitekongsoftware.com\/wp-content\/uploads\/2023\/02\/ComunidadEnergeticaBunol-300x250.jpg 300w\" sizes=\"auto, (max-width: 750px) 100vw, 750px\" \/><\/figure>\n","protected":false},"excerpt":{"rendered":"<div class=\"mh-excerpt\">La Sala El Mercat de Bunyol acull aquest dijous, 23 de febrer, a partir de les 19,00 hores, l&#8217;acte de presentaci\u00f3 de la Comunitat Energ\u00e8tica Bunyol, &#8220;un projecte en col\u00b7laboraci\u00f3 amb l&#8217;Ajuntament de Bunyol i <a class=\"mh-excerpt-more\" href=\"https:\/\/tucomarca.whitekongsoftware.com\/ca\/la-sala-el-mercat-acull-lacte-de-presentacio-en-public-de-la-comunitat-energetica-bunyol\/\" title=\"La Sala El Mercat acull l&#8217;acte de presentaci\u00f3 en p\u00fablic de la Comunitat Energ\u00e8tica Bunyol\">[+] <\/a><\/div>\n","protected":false},"author":1,"featured_media":178757,"comment_status":"open","ping_status":"open","sticky":false,"template":"","format":"standard","meta":{"footnotes":""},"categories":[11019,10911,10948,10894,10912,10947,10896],"tags":[10913,13050,10914],"class_list":["post-178759","post","type-post","status-publish","format-standard","has-post-thumbnail","category-agenda-ca","category-bunol-ca","category-infraestructuras-ca","category-la-comarca-ca","category-la-hoya-ca","category-politica","category-seccion-ca","tag-bunol-ca","tag-energia-ca","tag-la-hoya-de-bunol-chiva-ca"],"_links":{"self":[{"href":"https:\/\/tucomarca.whitekongsoftware.com\/ca\/wp-json\/wp\/v2\/posts\/178759","targetHints":{"allow":["GET"]}}],"collection":[{"href":"https:\/\/tucomarca.whitekongsoftware.com\/ca\/wp-json\/wp\/v2\/posts"}],"about":[{"href":"https:\/\/tucomarca.whitekongsoftware.com\/ca\/wp-json\/wp\/v2\/types\/post"}],"author":[{"embeddable":true,"href":"https:\/\/tucomarca.whitekongsoftware.com\/ca\/wp-json\/wp\/v2\/users\/1"}],"replies":[{"embeddable":true,"href":"https:\/\/tucomarca.whitekongsoftware.com\/ca\/wp-json\/wp\/v2\/comments?post=178759"}],"version-history":[{"count":0,"href":"https:\/\/tucomarca.whitekongsoftware.com\/ca\/wp-json\/wp\/v2\/posts\/178759\/revisions"}],"wp:featuredmedia":[{"embeddable":true,"href":"https:\/\/tucomarca.whitekongsoftware.com\/ca\/wp-json\/wp\/v2\/media\/178757"}],"wp:attachment":[{"href":"https:\/\/tucomarca.whitekongsoftware.com\/ca\/wp-json\/wp\/v2\/media?parent=178759"}],"wp:term":[{"taxonomy":"category","embeddable":true,"href":"https:\/\/tucomarca.whitekongsoftware.com\/ca\/wp-json\/wp\/v2\/categories?post=178759"},{"taxonomy":"post_tag","embeddable":true,"href":"https:\/\/tucomarca.whitekongsoftware.com\/ca\/wp-json\/wp\/v2\/tags?post=178759"}],"curies":[{"name":"wp","href":"https:\/\/api.w.org\/{rel}","templated":true}]}}