{"id":178584,"date":"2023-02-20T11:00:00","date_gmt":"2023-02-20T10:00:00","guid":{"rendered":"https:\/\/www.tucomarca.com\/wordpress\/segunda\/?p=178584"},"modified":"2023-02-22T13:56:30","modified_gmt":"2023-02-22T12:56:30","slug":"alboraig-acull-la-presentacio-del-llibre-no-volen-que-ho-sapies-amb-la-presencia-de-jesus-cintora-dins-de-la-campanya-llegim-als-pobles","status":"publish","type":"post","link":"https:\/\/tucomarca.whitekongsoftware.com\/ca\/alboraig-acull-la-presentacio-del-llibre-no-volen-que-ho-sapies-amb-la-presencia-de-jesus-cintora-dins-de-la-campanya-llegim-als-pobles\/","title":{"rendered":"Alboraig acull la presentaci\u00f3 del llibre \u201cNo volen que ho s\u00e0pies\u201d amb la pres\u00e8ncia de Jes\u00fas Cintora dins de la campanya \u00abLlegim als pobles\u00bb"},"content":{"rendered":"\n<h4 class=\"wp-block-heading\">L&#8217;acte tindr\u00e0 lloc en la sala d&#8217;actes de l&#8217;ajuntament de la localitat el pr\u00f2xim 24 de febrer a les 18,00 hores.<\/h4>\n\n\n\n<p class=\"wp-block-paragraph\">La Direcci\u00f3 General de Cultura i Patrimoni amb la seua campanya \u2018Llegim als pobles\u2019, est\u00e0 facilitant la pres\u00e8ncia d&#8217;escriptors i escriptores en els municipis de la Comunitat Valenciana.<\/p>\n\n\n\n<p class=\"wp-block-paragraph\">Alboraig va ser la primera poblaci\u00f3 de la prov\u00edncia a acollir aquest esdeveniment cultural amb la visita l&#8217;autor Joaquim Bosch el mes de juliol passat.&nbsp;<\/p>\n\n\n\n<p class=\"wp-block-paragraph\">Ara \u00e9s Jes\u00fas Cintora qui visita Alboraig dins d&#8217;aquesta campanya.&nbsp;<\/p>\n\n\n\n<p class=\"wp-block-paragraph\">El periodista Jes\u00fas Cintora impartir\u00e0 una confer\u00e8ncia per a parlar de la situaci\u00f3 del periodisme, la influ\u00e8ncia dels mitjans, pol\u00edtica, economia i assumptes socials a Alboraig. Ho far\u00e0 en el marc de la presentaci\u00f3 del seu llibre \u201cNo volen que ho s\u00e0pies\u201d, que aconsegueix la sisena edici\u00f3 i figura entre els m\u00e9s venudes en la categoria de no ficci\u00f3 des que va eixir a la venda. Cintora oferir\u00e0 una xarrada oberta a preguntes del p\u00fablic en la Sala d&#8217;actes de l&#8217;Ajuntament. Ser\u00e0 el divendres, 24 de febrer, a les 18.00 hores. L&#8217;entrada \u00e9s lliure. L&#8217;acte s&#8217;emmarca en la campanya de promoci\u00f3 de la lectura \u201cLlegim als pobles 2023\u201d, una activitat liter\u00e0ria que permet que els escriptors es desplacen a localitats de la Comunitat Valenciana per a mantindre converses amb els seus lectors. La Conselleria de Cultura, a trav\u00e9s de la Direcci\u00f3 General de Cultura i Patrimoni, t\u00e9 en marxa la segona edici\u00f3 d&#8217;aquesta campanya.<\/p>\n\n\n\n<p class=\"wp-block-paragraph\">L&#8217;autor, Jes\u00fas Cintora, ha publicat quatre llibres i \u00e9s un dels referents del periodisme pol\u00edtic i social a Espanya. En televisi\u00f3 ha presentat espais com \u201cLes coses clares\u201d, en TVE; \u201cEls matins de Quatre\u201d, en Mediaset; \u201cCarretera i manta\u201d, en La Sexta; diversos programes en la Cadena SER, on va treballar amb I\u00f1aki Gabilondo\u2026<\/p>\n\n\n\n<p class=\"wp-block-paragraph\">Cintora ha unit la publicaci\u00f3 de \u201cNo volen que ho s\u00e0pies\u201d a una gira per tota Espanya amb actes, d&#8217;entrada gratu\u00efta, oberts a les preguntes del p\u00fablic. Els assistents mostren curiositat, sobretot, per la qual cosa ocorre per darrere en el m\u00f3n de la televisi\u00f3, del periodisme en general, de la pol\u00edtica o de l&#8217;economia. El periodista, amb m\u00e9s de 25 anys d&#8217;experi\u00e8ncia presentant programes en el gremi, tant en televisi\u00f3 com en r\u00e0dio respon sense embuts.<\/p>\n\n\n\n<p class=\"wp-block-paragraph\">En \u201cNo volen que ho s\u00e0pies\u201d, Cintora investiga, opina i mostra un mapa \u201cdel vertader repartiment de poder a Espanya, dels taps que frenen els avan\u00e7os i fa una aposta per la regeneraci\u00f3\u201d. L&#8217;autor parteix d&#8217;una bella narraci\u00f3 de la seua inf\u00e0ncia a la fi dels 70 i comen\u00e7aments dels 80. Fill d&#8217;una mestressa de casa i d&#8217;un ramader de poble, Jes\u00fas Cintora s&#8217;endinsa aix\u00ed en els seus inicis en el periodisme i les traves que s&#8217;ha anat trobant per a exercir la professi\u00f3 amb no pocs bastons a les rodes.<\/p>\n\n\n\n<p class=\"wp-block-paragraph\"><strong>Algunes valoracions de Cintora en el seu llibre i en entrevistes:&nbsp;<\/strong><\/p>\n\n\n\n<p class=\"wp-block-paragraph\">\u201cEstar informats \u00e9s un m\u00fascul que una societat sana ha d&#8217;exercitar cada dia. Et fa menys vulnerable enfront d&#8217;aquells que et volen prendre el p\u00e8l i et dona eines per a prendre decisions\u201d.&nbsp; &nbsp;<\/p>\n\n\n\n<p class=\"wp-block-paragraph\">\u201cEl periodisme \u00e9s contar el que passa. Sembla senzill, per\u00f2 es torna complex o impossible quan es tracta de gent poderosa. A Espanya no s&#8217;ha comptat igual el que afecta un ciutad\u00e0 medie que a un Cap de l&#8217;Estat o a un constructor com Florentino P\u00e9rez que al meu avi, que era pe\u00f3 d&#8217;obrer\u201d.<\/p>\n\n\n\n<p class=\"wp-block-paragraph\">\u201cLa pol\u00edtica s&#8217;ha instal\u00b7lat en la convulsi\u00f3 del dia a dia. No obstant aix\u00f2, en els barris, als pobles o en el treball, les difer\u00e8ncies entre persones no es viuen d&#8217;una forma tan tibant i s&#8217;intenten anar portant amb un cert tremp. En pol\u00edtica, potser les organitzacions, la comunitat, el grup, havien de posar-se per damunt dels frecs o disputes personals i els egos. D&#8217;altra banda, ull als interessats en qu\u00e8 es produ\u00efsquen aquestes disputes. Alguns programes i periodistes compten la pol\u00edtica com si fora \u201cPassi\u00f3 d&#8217;Esparvers\u201d o \u201cDinastia\u201d. Saliven amb el salseo de la guerra interna dels partits, perqu\u00e8 els interessa menys aprofundir en els problemes de la societat. Clar, aix\u00f2 \u00faltim \u00e9s m\u00e9s arriscat enfront dels quals manen\u201d<\/p>\n\n\n\n<p class=\"wp-block-paragraph\">\u201cLa polaritzaci\u00f3 ens porta a una p\u00e8rdua de temps i d&#8217;energia. \u00c9s una cortina de fum. Mentre ens distraiem en si la culpa \u00e9s de l&#8217;un o l&#8217;altre, no s&#8217;aborden els problemes a resoldre. La pand\u00e8mia va ser un exemple clar. Discutir sobre si la responsabilitat va ser d&#8217;els uns o els altres dista molt de tractar seriosament les millores necess\u00e0ries en el nostre sistema de salut p\u00fablica. Hi ha fets com les morts en les resid\u00e8ncies que no haurien de quedar impunes i sense prendre mesures de millora amb un mantell d&#8217;opacitat\u201d.&nbsp;<\/p>\n\n\n\n<p class=\"wp-block-paragraph\">\u201cEl m\u00e0rqueting no pot menjar-se a la pol\u00edtica, que \u00e9s la gesti\u00f3 del p\u00fablic, no l&#8217;estrat\u00e8gia electoral permanent. No dic que el m\u00e0rqueting siga dolent, perqu\u00e8 hi ha elements necessaris per a arribar als ciutadans, per\u00f2 aquests no poden substituir la gesti\u00f3, que ens centrem en el realitzat, no en el gest, en la posa, en les declaracions del pol\u00edtic, m\u00e9s que en els seus fets. Aix\u00f2 \u00e9s demolidor per a un poble, perqu\u00e8 llavors val m\u00e9s l&#8217;aparen\u00e7a del que es fa que el que realment s&#8217;ha fet\u201d.<\/p>\n\n\n\n<p class=\"wp-block-paragraph\">\u201cHui dia, potser la principal ideologia \u00e9s el sentit com\u00fa. Alguna cosa que \u00e9s contrari a l&#8217;egoisme i que est\u00e0 relacionat que em quede, abans de res, amb les bones persones. Encara que \u00e9s molt dif\u00edcil detectar-les i el pal te&#8217;l poden donar on menys te l&#8217;esperes. Per aix\u00f2 a la bona gent cal guardar-la com a un tresor. Valore tamb\u00e9 als qui aconsegueixen les coses amb esfor\u00e7, no trepitjant als altres\u201d.<\/p>\n\n\n\n<p class=\"wp-block-paragraph\">\u201cEl poder \u00e9s la capacitat de manar, de decidir, de dirigir accions o inaccions. De llevar i posar. I no hem de pensar ing\u00e8nuament que ho exerceixen nom\u00e9s els representants pol\u00edtics, sin\u00f3 tamb\u00e9 poders econ\u00f2mics o medi\u00e0tics. I tots ells, des de la pol\u00edtica, l&#8217;economia o els mitjans no sempre actuen de manera neta. Hi ha tramposos que cada dia s&#8217;esperen a tindre comprat a l&#8217;\u00e0rbitre. Per aix\u00f2, el periodisme ha d&#8217;estar per a explicar-lo i \u2018No volen que ho s\u00e0pies\u2019 \u00e9s un llibre que compta molt\u201d<\/p>\n\n\n\n<p class=\"wp-block-paragraph\">\u201cUna de les xacres per a Espanya s\u00f3n les concentracions de poder. En els mitjans ocorre amb aquells que no volen compet\u00e8ncia, que eliminen a competidors, que acaparen mercat publicitari o que llepen les botes del poder m\u00e9s que fiscalitzar-lo. En l&#8217;economia passa amb els oligopolis i en la pol\u00edtica hem anat cap a un excessiu culte als l\u00edders, m\u00e9s que l&#8217;escolta i el di\u00e0leg en les organitzacions pol\u00edtiques. D&#8217;ac\u00ed tamb\u00e9 que hi haja tanta disputa interna partidista a vegades basades en q\u00fcestions personals\u201d<\/p>\n\n\n\n<p class=\"wp-block-paragraph\">\u201cEn el panorama medi\u00e0tic, a Espanya ha anat havent-hi menys programes d&#8217;investigaci\u00f3, de comptar els problemes de la ciutadania i, al mateix temps, cada vegada m\u00e9s hores de programaci\u00f3 de programes que connecten amb festes de pobles, amb el pais\u00e0 que recol\u00b7lecta una tomaca d&#8217;un quilo, ancians enamorats, temes roses, karaokes i coses aix\u00ed. I clar que ha d&#8217;haver-hi entreteniment, per\u00f2 s&#8217;ha anat retallant el dret a la informaci\u00f3, a les hores de programaci\u00f3 d&#8217;actualitat\u2026 La vida no \u00e9s sol entreteniment, tamb\u00e9 hem de tractar les preocupacions de la ciutadania. Encara que hi haja poderosos als quals no els convinga\u201d<\/p>\n\n\n\n<p class=\"wp-block-paragraph\">\u201cLa pol\u00edtica exercida per al poble \u00e9s necess\u00e0ria, perqu\u00e8 si no la fan els triats democr\u00e0ticament, la intenten fer permanentment poders econ\u00f2mics que no es presenten a les eleccions. Gerifaltes de l&#8217;economia, fons d&#8217;inversi\u00f3 o portes girat\u00f2ries s\u00f3n s\u00edmptomes de tot aix\u00f2. El m\u00f3n ha anat girant cap a una major acumulaci\u00f3 de les oligarquies i de fons que desconeixem, per\u00f2 que intervenen en la nostra sanitat, la nostra educaci\u00f3, els nostres mitjans informatius i, pel seu lloc, en les nostres vides. S\u00f3n actors que moltes vegades, pensen m\u00e9s en el benefici que en el servei, i ac\u00ed tenim un problema\u201d.<\/p>\n\n\n\n<p class=\"wp-block-paragraph\">\u201cEl respecte a la llibertat d&#8217;expressi\u00f3 cal demostrar-ho. No val com a simple esl\u00f2gan. Hi ha gent que s&#8217;ompli la boca de consignes que no compleix quan pot fer-ho\u201d<\/p>\n\n\n\n<p class=\"wp-block-paragraph\">\u201cHi ha un joc d&#8217;interessos que a vegades perverteix el dret a la informaci\u00f3. Hi ha mitjans que depenen cada vegada m\u00e9s del finan\u00e7ament que ve de l&#8217;administraci\u00f3 p\u00fablica o del poder econ\u00f2mic. Si arriba amb transpar\u00e8ncia i just\u00edcia, d&#8217;acord, per\u00f2 a vegades no es compleixen aqueixos par\u00e0metres i aix\u00f2 condiciona el que es compta i el que s&#8217;oculta. Cada vegada m\u00e9s mitjans estan lligats a l&#8217;inter\u00e9s que els qui no entenen la llibertat de premsa i creuen que ha d&#8217;explicar-se nom\u00e9s el que a ells els interessa. Hi ha mitjans i periodistes que depenen del favor econ\u00f2mic o pol\u00edtic del poder i estan en aix\u00f2 molt m\u00e9s que a comptar b\u00e9 el que passa\u201d.<\/p>\n\n\n\n<p class=\"wp-block-paragraph\"><strong>Jes\u00fas Cintora ha anat destapant els secrets de la pol\u00edtica en l&#8217;\u00faltima d\u00e8cada a Espanya publicant els llibres \u201cNo volen que ho s\u00e0pies\u201d, \u201cLa Conjura\u201d, \u201cConspiracions\u201d i \u201cL&#8217;hora de la veritat\u201d<\/strong><\/p>\n","protected":false},"excerpt":{"rendered":"<div class=\"mh-excerpt\">L&#8217;acte tindr\u00e0 lloc en la sala d&#8217;actes de l&#8217;ajuntament de la localitat el pr\u00f2xim 24 de febrer a les 18,00 hores. La Direcci\u00f3 General de Cultura i Patrimoni amb la seua campanya \u2018Llegim als pobles\u2019, <a class=\"mh-excerpt-more\" href=\"https:\/\/tucomarca.whitekongsoftware.com\/ca\/alboraig-acull-la-presentacio-del-llibre-no-volen-que-ho-sapies-amb-la-presencia-de-jesus-cintora-dins-de-la-campanya-llegim-als-pobles\/\" title=\"Alboraig acull la presentaci\u00f3 del llibre \u201cNo volen que ho s\u00e0pies\u201d amb la pres\u00e8ncia de Jes\u00fas Cintora dins de la campanya \u00abLlegim als pobles\u00bb\">[+] <\/a><\/div>\n","protected":false},"author":12,"featured_media":178582,"comment_status":"open","ping_status":"open","sticky":false,"template":"","format":"standard","meta":{"footnotes":""},"categories":[11019,10973,10894,10912,10896],"tags":[11224,18838,10914,17526],"class_list":["post-178584","post","type-post","status-publish","format-standard","has-post-thumbnail","category-agenda-ca","category-alborache-ca","category-la-comarca-ca","category-la-hoya-ca","category-seccion-ca","tag-alborache-ca","tag-jesus-cintora-ca","tag-la-hoya-de-bunol-chiva-ca","tag-llegim-als-pobles-ca"],"_links":{"self":[{"href":"https:\/\/tucomarca.whitekongsoftware.com\/ca\/wp-json\/wp\/v2\/posts\/178584","targetHints":{"allow":["GET"]}}],"collection":[{"href":"https:\/\/tucomarca.whitekongsoftware.com\/ca\/wp-json\/wp\/v2\/posts"}],"about":[{"href":"https:\/\/tucomarca.whitekongsoftware.com\/ca\/wp-json\/wp\/v2\/types\/post"}],"author":[{"embeddable":true,"href":"https:\/\/tucomarca.whitekongsoftware.com\/ca\/wp-json\/wp\/v2\/users\/12"}],"replies":[{"embeddable":true,"href":"https:\/\/tucomarca.whitekongsoftware.com\/ca\/wp-json\/wp\/v2\/comments?post=178584"}],"version-history":[{"count":0,"href":"https:\/\/tucomarca.whitekongsoftware.com\/ca\/wp-json\/wp\/v2\/posts\/178584\/revisions"}],"wp:featuredmedia":[{"embeddable":true,"href":"https:\/\/tucomarca.whitekongsoftware.com\/ca\/wp-json\/wp\/v2\/media\/178582"}],"wp:attachment":[{"href":"https:\/\/tucomarca.whitekongsoftware.com\/ca\/wp-json\/wp\/v2\/media?parent=178584"}],"wp:term":[{"taxonomy":"category","embeddable":true,"href":"https:\/\/tucomarca.whitekongsoftware.com\/ca\/wp-json\/wp\/v2\/categories?post=178584"},{"taxonomy":"post_tag","embeddable":true,"href":"https:\/\/tucomarca.whitekongsoftware.com\/ca\/wp-json\/wp\/v2\/tags?post=178584"}],"curies":[{"name":"wp","href":"https:\/\/api.w.org\/{rel}","templated":true}]}}