{"id":178549,"date":"2023-02-19T18:00:00","date_gmt":"2023-02-19T17:00:00","guid":{"rendered":"https:\/\/www.tucomarca.com\/wordpress\/segunda\/?p=178549"},"modified":"2023-02-20T10:21:12","modified_gmt":"2023-02-20T09:21:12","slug":"carlos-mazon-es-compromet-a-reforcar-la-seguretat-a-leliana-baixar-els-impostos-i-impulsar-les-politiques-dhabitatge","status":"publish","type":"post","link":"https:\/\/tucomarca.whitekongsoftware.com\/ca\/carlos-mazon-es-compromet-a-reforcar-la-seguretat-a-leliana-baixar-els-impostos-i-impulsar-les-politiques-dhabitatge\/","title":{"rendered":"Carlos Maz\u00f3n es compromet a refor\u00e7ar la seguretat a l&#8217;Eliana, baixar els impostos i impulsar les pol\u00edtiques d&#8217;habitatge"},"content":{"rendered":"\n<h3 class=\"wp-block-heading\">\u201cEn el PPCV treballem cada dia perqu\u00e8 el canvi es transmeta amb una millora de les pol\u00edtiques socials, de la sanitat, de la seguretat, i la creaci\u00f3 d&#8217;ocupaci\u00f3 i riquesa i oblit de l&#8217;infern fiscal de Puig\u201d, afirma<\/h3>\n\n\n\n<h3 class=\"wp-block-heading\">El president del PPCV ha visitat aquest mat\u00ed l&#8217;Eliana al costat de la candidata a l&#8217;alcaldia, Mar\u00eda Jos\u00e9 Marco\u00a0<\/h3>\n\n\n\n<p class=\"wp-block-paragraph\">El president del Partit Popular de la Comunitat Valenciana, Carlos Maz\u00f3n, s&#8217;ha comprom\u00e9s hui a l&#8217;Eliana a refor\u00e7ar la seguretat del municipi, baixar els impostos i impulsar les pol\u00edtiques d&#8217;habitatge.\u00a0<\/p>\n\n\n\n<p class=\"wp-block-paragraph\">En un acte aquest mat\u00ed al costat de la candidata del PP a l&#8217;alcaldia, Mar\u00eda Jos\u00e9 Marco, Maz\u00f3n ha assenyalat que el PPCV \u201cvol baixar els impostos i refor\u00e7ar la seguretat i veiem que ja arriba el temps de fer-lo\u201d. \u201cCada dia que passa el canvi est\u00e0 m\u00e9s a prop. La Comunitat Valenciana respira temps de canvi i en el PPCV treballem cada dia perqu\u00e8 aqueix canvi es transmeta amb una millora de les pol\u00edtiques socials, de la sanitat, de la seguretat, i la creaci\u00f3 d&#8217;ocupaci\u00f3 i riquesa i oblit de l&#8217;infern fiscal que ha creat Puig\u201d, ha assenyalat.&nbsp;<\/p>\n\n\n\n<p class=\"wp-block-paragraph\">Per part seua, la candidata a l&#8217;alcaldia ha afirmat que Maz\u00f3n \u201cser\u00e0 el pr\u00f2xim president de la Comunitat i el seu comprom\u00eds amb l&#8217;Eliana \u00e9s clar, atenent les peticions dels ve\u00efns per a millorar la seguretat, principalment a les urbanitzacions, aix\u00ed com la baixada d&#8217;impostos i la millora de serveis, que no s\u00f3n concordes amb els impostos que paguem\u201d.<\/p>\n\n\n\n<p class=\"wp-block-paragraph\"><\/p>\n\n\n\n<p class=\"wp-block-paragraph\"><\/p>\n","protected":false},"excerpt":{"rendered":"<div class=\"mh-excerpt\">\u201cEn el PPCV treballem cada dia perqu\u00e8 el canvi es transmeta amb una millora de les pol\u00edtiques socials, de la sanitat, de la seguretat, i la creaci\u00f3 d&#8217;ocupaci\u00f3 i riquesa i oblit de l&#8217;infern fiscal <a class=\"mh-excerpt-more\" href=\"https:\/\/tucomarca.whitekongsoftware.com\/ca\/carlos-mazon-es-compromet-a-reforcar-la-seguretat-a-leliana-baixar-els-impostos-i-impulsar-les-politiques-dhabitatge\/\" title=\"Carlos Maz\u00f3n es compromet a refor\u00e7ar la seguretat a l&#8217;Eliana, baixar els impostos i impulsar les pol\u00edtiques d&#8217;habitatge\">[+] <\/a><\/div>\n","protected":false},"author":1,"featured_media":178547,"comment_status":"open","ping_status":"open","sticky":false,"template":"","format":"standard","meta":{"footnotes":""},"categories":[10892,10948,10894,10893,10947,10896],"tags":[10395,10899,18807,18806,11993,1020,11172,10433,11582,11581],"class_list":["post-178549","post","type-post","status-publish","format-standard","has-post-thumbnail","category-camp-de-turia-ca","category-infraestructuras-ca","category-la-comarca-ca","category-leliana-ca","category-politica","category-seccion-ca","tag-camp-de-turia","tag-camp-de-turia-ca","tag-carlos-mazon-ca","tag-carlos-mazon","tag-eliana-ca","tag-eliana","tag-leliana-ca-2","tag-leliana","tag-pp-de-leliana-ca","tag-pp-de-leliana"],"_links":{"self":[{"href":"https:\/\/tucomarca.whitekongsoftware.com\/ca\/wp-json\/wp\/v2\/posts\/178549","targetHints":{"allow":["GET"]}}],"collection":[{"href":"https:\/\/tucomarca.whitekongsoftware.com\/ca\/wp-json\/wp\/v2\/posts"}],"about":[{"href":"https:\/\/tucomarca.whitekongsoftware.com\/ca\/wp-json\/wp\/v2\/types\/post"}],"author":[{"embeddable":true,"href":"https:\/\/tucomarca.whitekongsoftware.com\/ca\/wp-json\/wp\/v2\/users\/1"}],"replies":[{"embeddable":true,"href":"https:\/\/tucomarca.whitekongsoftware.com\/ca\/wp-json\/wp\/v2\/comments?post=178549"}],"version-history":[{"count":0,"href":"https:\/\/tucomarca.whitekongsoftware.com\/ca\/wp-json\/wp\/v2\/posts\/178549\/revisions"}],"wp:featuredmedia":[{"embeddable":true,"href":"https:\/\/tucomarca.whitekongsoftware.com\/ca\/wp-json\/wp\/v2\/media\/178547"}],"wp:attachment":[{"href":"https:\/\/tucomarca.whitekongsoftware.com\/ca\/wp-json\/wp\/v2\/media?parent=178549"}],"wp:term":[{"taxonomy":"category","embeddable":true,"href":"https:\/\/tucomarca.whitekongsoftware.com\/ca\/wp-json\/wp\/v2\/categories?post=178549"},{"taxonomy":"post_tag","embeddable":true,"href":"https:\/\/tucomarca.whitekongsoftware.com\/ca\/wp-json\/wp\/v2\/tags?post=178549"}],"curies":[{"name":"wp","href":"https:\/\/api.w.org\/{rel}","templated":true}]}}