{"id":178543,"date":"2023-02-20T09:00:00","date_gmt":"2023-02-20T08:00:00","guid":{"rendered":"https:\/\/www.tucomarca.com\/wordpress\/segunda\/?p=178543"},"modified":"2023-02-20T10:09:18","modified_gmt":"2023-02-20T09:09:18","slug":"els-preus-de-loli-doliva-es-disparen-per-una-minsa-produccio-i-no-compensaran-als-productors-per-les-perdues-patides","status":"publish","type":"post","link":"https:\/\/tucomarca.whitekongsoftware.com\/ca\/els-preus-de-loli-doliva-es-disparen-per-una-minsa-produccio-i-no-compensaran-als-productors-per-les-perdues-patides\/","title":{"rendered":"Els preus de l&#8217;oli d&#8217;oliva es disparen per una minsa producci\u00f3 i no compensaran als productors per les p\u00e8rdues patides"},"content":{"rendered":"\n<p class=\"wp-block-paragraph\">Els preus de l&#8217;oli d&#8217;oliva verge extra, de Requena-Utiel, han aconseguit un preu mitj\u00e0 de 6 euros per litre degut a l&#8217;escassa producci\u00f3 que hi ha hagut en la passada campanya. Encara que aquest preu resulte inassumible per a un sector molt important de consumidors, als productors no els compensar\u00e0 per les minses collites que han tingut ni pel desmesurat increment dels costos de producci\u00f3 que han tingut, per molt que encara puguen pujar les cotitzacions de l&#8217;oli.<br>En la passada campanya, la producci\u00f3 d&#8217;oliva per a l&#8217;elaboraci\u00f3 d&#8217;oli a penes va aconseguir el 20% de la qual \u00e9s habitual. Informa, <strong>Luis Ib\u00e1\u00f1ez<\/strong>.<\/p>\n","protected":false},"excerpt":{"rendered":"<div class=\"mh-excerpt\">Els preus de l&#8217;oli d&#8217;oliva verge extra, de Requena-Utiel, han aconseguit un preu mitj\u00e0 de 6 euros per litre degut a l&#8217;escassa producci\u00f3 que hi ha hagut en la passada campanya. Encara que aquest preu <a class=\"mh-excerpt-more\" href=\"https:\/\/tucomarca.whitekongsoftware.com\/ca\/els-preus-de-loli-doliva-es-disparen-per-una-minsa-produccio-i-no-compensaran-als-productors-per-les-perdues-patides\/\" title=\"Els preus de l&#8217;oli d&#8217;oliva es disparen per una minsa producci\u00f3 i no compensaran als productors per les p\u00e8rdues patides\">[+] <\/a><\/div>\n","protected":false},"author":1,"featured_media":117720,"comment_status":"open","ping_status":"open","sticky":false,"template":"","format":"standard","meta":{"footnotes":""},"categories":[10905,10898,10948,10894,10904,10903,10947,10909,10896],"tags":[13987,17405,13575,10910],"class_list":["post-178543","post","type-post","status-publish","format-standard","has-post-thumbnail","category-agricultura-la-comarca-ca","category-ventana-ca","category-infraestructuras-ca","category-la-comarca-ca","category-sin-categorizar-ca","category-medio-ambiente-la-comarca-ca","category-politica","category-requena-utiel-ca","category-seccion-ca","tag-aceite-ca","tag-olivas-ca","tag-olivos-ca","tag-requena-utiel-ca"],"_links":{"self":[{"href":"https:\/\/tucomarca.whitekongsoftware.com\/ca\/wp-json\/wp\/v2\/posts\/178543","targetHints":{"allow":["GET"]}}],"collection":[{"href":"https:\/\/tucomarca.whitekongsoftware.com\/ca\/wp-json\/wp\/v2\/posts"}],"about":[{"href":"https:\/\/tucomarca.whitekongsoftware.com\/ca\/wp-json\/wp\/v2\/types\/post"}],"author":[{"embeddable":true,"href":"https:\/\/tucomarca.whitekongsoftware.com\/ca\/wp-json\/wp\/v2\/users\/1"}],"replies":[{"embeddable":true,"href":"https:\/\/tucomarca.whitekongsoftware.com\/ca\/wp-json\/wp\/v2\/comments?post=178543"}],"version-history":[{"count":0,"href":"https:\/\/tucomarca.whitekongsoftware.com\/ca\/wp-json\/wp\/v2\/posts\/178543\/revisions"}],"wp:featuredmedia":[{"embeddable":true,"href":"https:\/\/tucomarca.whitekongsoftware.com\/ca\/wp-json\/wp\/v2\/media\/117720"}],"wp:attachment":[{"href":"https:\/\/tucomarca.whitekongsoftware.com\/ca\/wp-json\/wp\/v2\/media?parent=178543"}],"wp:term":[{"taxonomy":"category","embeddable":true,"href":"https:\/\/tucomarca.whitekongsoftware.com\/ca\/wp-json\/wp\/v2\/categories?post=178543"},{"taxonomy":"post_tag","embeddable":true,"href":"https:\/\/tucomarca.whitekongsoftware.com\/ca\/wp-json\/wp\/v2\/tags?post=178543"}],"curies":[{"name":"wp","href":"https:\/\/api.w.org\/{rel}","templated":true}]}}