{"id":178538,"date":"2023-02-16T20:00:00","date_gmt":"2023-02-16T19:00:00","guid":{"rendered":"https:\/\/www.tucomarca.com\/wordpress\/segunda\/?p=178538"},"modified":"2023-02-17T20:19:50","modified_gmt":"2023-02-17T19:19:50","slug":"ava-asaja-informa-de-com-afecta-la-pujada-del-salari-minim-interprofessional-al-sector-agrari-valencia","status":"publish","type":"post","link":"https:\/\/tucomarca.whitekongsoftware.com\/ca\/ava-asaja-informa-de-com-afecta-la-pujada-del-salari-minim-interprofessional-al-sector-agrari-valencia\/","title":{"rendered":"AVA-Asaja informa de com afecta la pujada del salari m\u00ednim interprofessional al sector agrari valenci\u00e0"},"content":{"rendered":"\n<p class=\"wp-block-paragraph\">El Govern ha publicat en el Butllet\u00ed Oficial de l&#8217;Estat (BOE) el Reial decret 99\/2023, de 14 de febrer, pel qual es fixa el salari m\u00ednim interprofessional per a 2023.<br>&#8220;Per a qualsevol activitat en l&#8217;agricultura, en la ind\u00fastria i en els serveis, sense distinci\u00f3 de sexe ni edat dels treballadors, el SIM queda fixat en 15.120 euros anuals (1.080 euros\/mes en 14 pagues).<br>Les noves quanties representen un increment del 8% respecte a les previstes en el Reial decret 152\/2022, de 22 de febrer, pel qual es fixa el SIM per a 2022, i far\u00e0 efecte des de l&#8217;1 de gener de 2023&#8243;, informen des de AVA-ASAJA.<br>&#8220;Malgrat que no s&#8217;ha negociat encara el conveni agropecuari de les prov\u00edncies de Val\u00e8ncia i Castell\u00f3, i com que el salari previst en aquest \u00e9s inferior al SIM en categories com la de pe\u00f3, treballador especialitzat, casol\u00e0 i tractorista, entre altres, caldr\u00e0 adaptar-se a aquest m\u00ednim, per la qual cosa s&#8217;aconsella a les empreses que revisen els salaris dels operaris, perqu\u00e8 poden quedar per davall del mateix i incomplir la normativa&#8221;, expliquen des de l&#8217;organitzaci\u00f3 agr\u00e0ria.<br>&#8220;L&#8217;increment del SIM, conforme al que es preveu en aquest Reial decret, no afectar\u00e0 l&#8217;estructura ni a la quantia dels salaris professionals que vingueren percebent els treballadors quan tals salaris en el seu conjunt i c\u00f2mput anual foren superiors a aquest salari m\u00ednim&#8221;, conclouen les fonts. Informa, <strong>Luis Ib\u00e1\u00f1ez<\/strong>.<\/p>\n","protected":false},"excerpt":{"rendered":"<div class=\"mh-excerpt\">El Govern ha publicat en el Butllet\u00ed Oficial de l&#8217;Estat (BOE) el Reial decret 99\/2023, de 14 de febrer, pel qual es fixa el salari m\u00ednim interprofessional per a 2023.&#8220;Per a qualsevol activitat en l&#8217;agricultura, <a class=\"mh-excerpt-more\" href=\"https:\/\/tucomarca.whitekongsoftware.com\/ca\/ava-asaja-informa-de-com-afecta-la-pujada-del-salari-minim-interprofessional-al-sector-agrari-valencia\/\" title=\"AVA-Asaja informa de com afecta la pujada del salari m\u00ednim interprofessional al sector agrari valenci\u00e0\">[+] <\/a><\/div>\n","protected":false},"author":1,"featured_media":173223,"comment_status":"open","ping_status":"open","sticky":false,"template":"","format":"standard","meta":{"footnotes":""},"categories":[10890,10905,10951,10892,11046,10898,10948,10894,10904,10903,10947,10909,10896],"tags":[11309,11924,11199],"class_list":["post-178538","post","type-post","status-publish","format-standard","has-post-thumbnail","category-ademus","category-agricultura-la-comarca-ca","category-ayora-cofrentes-ca","category-camp-de-turia-ca","category-los-serranos-ca","category-ventana-ca","category-infraestructuras-ca","category-la-comarca-ca","category-sin-categorizar-ca","category-medio-ambiente-la-comarca-ca","category-politica","category-requena-utiel-ca","category-seccion-ca","tag-agricultura-ca","tag-ava-asaja-ca","tag-la-comunitat-ca"],"_links":{"self":[{"href":"https:\/\/tucomarca.whitekongsoftware.com\/ca\/wp-json\/wp\/v2\/posts\/178538","targetHints":{"allow":["GET"]}}],"collection":[{"href":"https:\/\/tucomarca.whitekongsoftware.com\/ca\/wp-json\/wp\/v2\/posts"}],"about":[{"href":"https:\/\/tucomarca.whitekongsoftware.com\/ca\/wp-json\/wp\/v2\/types\/post"}],"author":[{"embeddable":true,"href":"https:\/\/tucomarca.whitekongsoftware.com\/ca\/wp-json\/wp\/v2\/users\/1"}],"replies":[{"embeddable":true,"href":"https:\/\/tucomarca.whitekongsoftware.com\/ca\/wp-json\/wp\/v2\/comments?post=178538"}],"version-history":[{"count":0,"href":"https:\/\/tucomarca.whitekongsoftware.com\/ca\/wp-json\/wp\/v2\/posts\/178538\/revisions"}],"wp:featuredmedia":[{"embeddable":true,"href":"https:\/\/tucomarca.whitekongsoftware.com\/ca\/wp-json\/wp\/v2\/media\/173223"}],"wp:attachment":[{"href":"https:\/\/tucomarca.whitekongsoftware.com\/ca\/wp-json\/wp\/v2\/media?parent=178538"}],"wp:term":[{"taxonomy":"category","embeddable":true,"href":"https:\/\/tucomarca.whitekongsoftware.com\/ca\/wp-json\/wp\/v2\/categories?post=178538"},{"taxonomy":"post_tag","embeddable":true,"href":"https:\/\/tucomarca.whitekongsoftware.com\/ca\/wp-json\/wp\/v2\/tags?post=178538"}],"curies":[{"name":"wp","href":"https:\/\/api.w.org\/{rel}","templated":true}]}}