{"id":178518,"date":"2023-02-17T16:00:00","date_gmt":"2023-02-17T15:00:00","guid":{"rendered":"https:\/\/www.tucomarca.com\/wordpress\/segunda\/?p=178518"},"modified":"2023-02-17T19:47:26","modified_gmt":"2023-02-17T18:47:26","slug":"el-govern-ajuda-a-sufragar-els-costos-dels-fertilitzants-per-a-palliar-els-efectes-de-lincrement-dels-costos-de-produccio","status":"publish","type":"post","link":"https:\/\/tucomarca.whitekongsoftware.com\/ca\/el-govern-ajuda-a-sufragar-els-costos-dels-fertilitzants-per-a-palliar-els-efectes-de-lincrement-dels-costos-de-produccio\/","title":{"rendered":"El Govern ajuda a sufragar els costos dels fertilitzants per a pal\u00b7liar els efectes de l&#8217;increment dels costos de producci\u00f3\u00a0"},"content":{"rendered":"\n<p class=\"wp-block-paragraph\">Agricultores de la comarca Requena-Utiel estan rebent missatges del Ministeri d&#8217;Agricultura en els quals els comuniquen que figuren en el llistat provisional de beneficiaris de les ajudes extraordin\u00e0ries que concedeix el Govern d&#8217;Espanya per als fertilitzants. <\/p>\n\n\n\n<p class=\"wp-block-paragraph\">El Ministeri d&#8217;Agricultura, Pesca i Alimentaci\u00f3, segons els agricultors, els ingressar\u00e0 l&#8217;ajuda durant el mes d&#8217;abril conforme al llistat provisional publicat en http:\/\/www.fega.gob.es, si estan d&#8217;acord amb les dades publicades i compleixen la resta de requisits. <\/p>\n\n\n\n<p class=\"wp-block-paragraph\">Es tracta d&#8217;una ajuda complement\u00e0ria a la qual anualment reben els agricultors de la Pol\u00edtica Agr\u00edcola Comunit\u00e0ria m\u00e9s coneguda com la PAC. Informa, <strong>Luis Ib\u00e1\u00f1ez<\/strong>.<\/p>\n","protected":false},"excerpt":{"rendered":"<div class=\"mh-excerpt\">Agricultores de la comarca Requena-Utiel estan rebent missatges del Ministeri d&#8217;Agricultura en els quals els comuniquen que figuren en el llistat provisional de beneficiaris de les ajudes extraordin\u00e0ries que concedeix el Govern d&#8217;Espanya per als <a class=\"mh-excerpt-more\" href=\"https:\/\/tucomarca.whitekongsoftware.com\/ca\/el-govern-ajuda-a-sufragar-els-costos-dels-fertilitzants-per-a-palliar-els-efectes-de-lincrement-dels-costos-de-produccio\/\" title=\"El Govern ajuda a sufragar els costos dels fertilitzants per a pal\u00b7liar els efectes de l&#8217;increment dels costos de producci\u00f3\u00a0\">[+] <\/a><\/div>\n","protected":false},"author":1,"featured_media":149749,"comment_status":"open","ping_status":"open","sticky":false,"template":"","format":"standard","meta":{"footnotes":""},"categories":[10905,10948,10894,10904,10947,10908,10909,10896,11059],"tags":[11309,13469,11099,10910,11174],"class_list":["post-178518","post","type-post","status-publish","format-standard","has-post-thumbnail","category-agricultura-la-comarca-ca","category-infraestructuras-ca","category-la-comarca-ca","category-sin-categorizar-ca","category-politica","category-requena-ca","category-requena-utiel-ca","category-seccion-ca","category-utiel-ca","tag-agricultura-ca","tag-pac-ca","tag-requena-ca","tag-requena-utiel-ca","tag-utiel-ca"],"_links":{"self":[{"href":"https:\/\/tucomarca.whitekongsoftware.com\/ca\/wp-json\/wp\/v2\/posts\/178518","targetHints":{"allow":["GET"]}}],"collection":[{"href":"https:\/\/tucomarca.whitekongsoftware.com\/ca\/wp-json\/wp\/v2\/posts"}],"about":[{"href":"https:\/\/tucomarca.whitekongsoftware.com\/ca\/wp-json\/wp\/v2\/types\/post"}],"author":[{"embeddable":true,"href":"https:\/\/tucomarca.whitekongsoftware.com\/ca\/wp-json\/wp\/v2\/users\/1"}],"replies":[{"embeddable":true,"href":"https:\/\/tucomarca.whitekongsoftware.com\/ca\/wp-json\/wp\/v2\/comments?post=178518"}],"version-history":[{"count":0,"href":"https:\/\/tucomarca.whitekongsoftware.com\/ca\/wp-json\/wp\/v2\/posts\/178518\/revisions"}],"wp:featuredmedia":[{"embeddable":true,"href":"https:\/\/tucomarca.whitekongsoftware.com\/ca\/wp-json\/wp\/v2\/media\/149749"}],"wp:attachment":[{"href":"https:\/\/tucomarca.whitekongsoftware.com\/ca\/wp-json\/wp\/v2\/media?parent=178518"}],"wp:term":[{"taxonomy":"category","embeddable":true,"href":"https:\/\/tucomarca.whitekongsoftware.com\/ca\/wp-json\/wp\/v2\/categories?post=178518"},{"taxonomy":"post_tag","embeddable":true,"href":"https:\/\/tucomarca.whitekongsoftware.com\/ca\/wp-json\/wp\/v2\/tags?post=178518"}],"curies":[{"name":"wp","href":"https:\/\/api.w.org\/{rel}","templated":true}]}}