{"id":178320,"date":"2023-02-16T10:00:00","date_gmt":"2023-02-16T09:00:00","guid":{"rendered":"https:\/\/www.tucomarca.com\/wordpress\/segunda\/?p=178320"},"modified":"2023-02-16T13:40:35","modified_gmt":"2023-02-16T12:40:35","slug":"beatriz-gasco-presenta-en-la-seu-del-pp-de-requena-la-proposta-de-carlos-mazon-per-a-leducacio-gratuita-i-universal-de-0-a-3-anys","status":"publish","type":"post","link":"https:\/\/tucomarca.whitekongsoftware.com\/ca\/beatriz-gasco-presenta-en-la-seu-del-pp-de-requena-la-proposta-de-carlos-mazon-per-a-leducacio-gratuita-i-universal-de-0-a-3-anys\/","title":{"rendered":"Beatriz Gasc\u00f3 presenta en la seu del PP de Requena la proposta de Carlos Maz\u00f3n per a l&#8217;educaci\u00f3 gratu\u00efta i universal de 0 a 3 anys"},"content":{"rendered":"\n<p class=\"wp-block-paragraph\">El Partit Popular de Requena obri les portes de la seua seu hui dijous 16 de febrer, a les 19,30 hores, perqu\u00e8 la portaveu d&#8217;educaci\u00f3 en les Corts Valencianes, Beatriz Gasc\u00f3 present la proposta que fa el president regional Carlos Maz\u00f3n per a l&#8217;educaci\u00f3 gratu\u00efta i universal de 0 a 3 anys.<br>Aquesta proposta inclou gratu\u00eftat, llibertat d&#8217;elecci\u00f3 de centre, sense paperassa per a les fam\u00edlies i la millor qualitat per als m\u00e9s xicotets.<br>La seu del Partit Popular de Requena situada al carrer Sant Agust\u00ed, 35 torna a acollir aix\u00ed el cicle de xarrades.\u00a0<br>En aquest curs pol\u00edtic &#8220;es realitzen xarrades sobre temes d&#8217;actualitat que preocupen els nostres ciutadans perqu\u00e8 puguen tindre informaci\u00f3 m\u00e9s directa&#8221;destaquen des de la formaci\u00f3 pol\u00edtica.<\/p>\n","protected":false},"excerpt":{"rendered":"<div class=\"mh-excerpt\">El Partit Popular de Requena obri les portes de la seua seu hui dijous 16 de febrer, a les 19,30 hores, perqu\u00e8 la portaveu d&#8217;educaci\u00f3 en les Corts Valencianes, Beatriz Gasc\u00f3 present la proposta que <a class=\"mh-excerpt-more\" href=\"https:\/\/tucomarca.whitekongsoftware.com\/ca\/beatriz-gasco-presenta-en-la-seu-del-pp-de-requena-la-proposta-de-carlos-mazon-per-a-leducacio-gratuita-i-universal-de-0-a-3-anys\/\" title=\"Beatriz Gasc\u00f3 presenta en la seu del PP de Requena la proposta de Carlos Maz\u00f3n per a l&#8217;educaci\u00f3 gratu\u00efta i universal de 0 a 3 anys\">[+] <\/a><\/div>\n","protected":false},"author":1,"featured_media":178317,"comment_status":"open","ping_status":"open","sticky":false,"template":"","format":"standard","meta":{"footnotes":""},"categories":[11019,10948,10894,10947,10908,10909,10896],"tags":[11978,11099,10910],"class_list":["post-178320","post","type-post","status-publish","format-standard","has-post-thumbnail","category-agenda-ca","category-infraestructuras-ca","category-la-comarca-ca","category-politica","category-requena-ca","category-requena-utiel-ca","category-seccion-ca","tag-partido-popular-ca","tag-requena-ca","tag-requena-utiel-ca"],"_links":{"self":[{"href":"https:\/\/tucomarca.whitekongsoftware.com\/ca\/wp-json\/wp\/v2\/posts\/178320","targetHints":{"allow":["GET"]}}],"collection":[{"href":"https:\/\/tucomarca.whitekongsoftware.com\/ca\/wp-json\/wp\/v2\/posts"}],"about":[{"href":"https:\/\/tucomarca.whitekongsoftware.com\/ca\/wp-json\/wp\/v2\/types\/post"}],"author":[{"embeddable":true,"href":"https:\/\/tucomarca.whitekongsoftware.com\/ca\/wp-json\/wp\/v2\/users\/1"}],"replies":[{"embeddable":true,"href":"https:\/\/tucomarca.whitekongsoftware.com\/ca\/wp-json\/wp\/v2\/comments?post=178320"}],"version-history":[{"count":0,"href":"https:\/\/tucomarca.whitekongsoftware.com\/ca\/wp-json\/wp\/v2\/posts\/178320\/revisions"}],"wp:featuredmedia":[{"embeddable":true,"href":"https:\/\/tucomarca.whitekongsoftware.com\/ca\/wp-json\/wp\/v2\/media\/178317"}],"wp:attachment":[{"href":"https:\/\/tucomarca.whitekongsoftware.com\/ca\/wp-json\/wp\/v2\/media?parent=178320"}],"wp:term":[{"taxonomy":"category","embeddable":true,"href":"https:\/\/tucomarca.whitekongsoftware.com\/ca\/wp-json\/wp\/v2\/categories?post=178320"},{"taxonomy":"post_tag","embeddable":true,"href":"https:\/\/tucomarca.whitekongsoftware.com\/ca\/wp-json\/wp\/v2\/tags?post=178320"}],"curies":[{"name":"wp","href":"https:\/\/api.w.org\/{rel}","templated":true}]}}