{"id":178217,"date":"2023-02-14T18:00:00","date_gmt":"2023-02-14T17:00:00","guid":{"rendered":"https:\/\/www.tucomarca.com\/wordpress\/segunda\/?p=178217"},"modified":"2023-02-14T20:50:05","modified_gmt":"2023-02-14T19:50:05","slug":"el-prya-pregunta-en-el-plenari-de-requena-per-lestat-del-drenatge-de-la-rotonda-del-mitja-davant-inundacions","status":"publish","type":"post","link":"https:\/\/tucomarca.whitekongsoftware.com\/ca\/el-prya-pregunta-en-el-plenari-de-requena-per-lestat-del-drenatge-de-la-rotonda-del-mitja-davant-inundacions\/","title":{"rendered":"El PRyA pregunta en el plenari de Requena per l&#8217;estat del drenatge de la rotonda &#8220;del mitj\u00e0&#8221; davant inundacions"},"content":{"rendered":"\n<p class=\"wp-block-paragraph\">El PRyA va preguntar en el passat ple que accions i passos havia seguit el govern socialista de Mario S\u00e1nchez per a solucionar els problemes de drenatge d&#8217;aig\u00fces fluvials en la zona situada al costat del paratge Font del Pi o conegut popularment com a \u201crotonda del mitj\u00e0&#8221;.<\/p>\n\n\n\n<p class=\"wp-block-paragraph\">&#8220;Tots recordem les inundacions que es donen en aquesta zona quan es produeixen pluges torrencials, perqu\u00e8 el drenatge actual \u00e9s incapa\u00e7 d&#8217;evacuar tanta aigua, provocant conseq\u00fc\u00e8ncies que afecten els ve\u00efns que all\u00ed viuen, al tr\u00e0nsit de vehicles, a la gasolinera pr\u00f2xima o a les s\u00e9quies de la comunitat de regants pr\u00f2ximes&#8221;, asseguren des del PRyA.<\/p>\n\n\n\n<p class=\"wp-block-paragraph\">&#8220;Doncs b\u00e9, la resposta a la pregunta del PRyA per part del regidor del PSOE es va basar en l&#8217;elaboraci\u00f3 d&#8217;un pla d&#8217;actuaci\u00f3 municipal davant riscos d&#8217;inundacions, alguna cosa que no se sap molt b\u00e9 el que \u00e9s i que sembla m\u00e9s aviat una eixida f\u00e0cil davant una pregunta inc\u00f2moda&#8221;.\u00a0<\/p>\n\n\n\n<p class=\"wp-block-paragraph\">Des del PRyA creuen que l&#8217;alcalde Mario S\u00e1nchez &#8220;ha tingut temps m\u00e9s que suficient per a tindre llest ja un projecte d&#8217;evacuaci\u00f3 d&#8217;aig\u00fces torrencials en la zona de la \u201crotonda del mitj\u00e0\u201d, havent-lo pogut pagar amb els diners del super\u00e0vit del qual tant feien gala i del qual ja no queda res&#8221;.\u00a0<\/p>\n\n\n\n<p class=\"wp-block-paragraph\">&#8220;Aquesta \u00e9s la conseq\u00fc\u00e8ncia de la inactivitat, inacci\u00f3 i mala gesti\u00f3 de l&#8217;alcalde socialista Mario S\u00e1nchez, el qual ha estat de bra\u00e7os plegats i sense mostrar inter\u00e9s per aquest assumpte, alguna cosa m\u00e9s&nbsp; que reprotxable a una persona a la qual li paguem 50.000\u20ac de sou per solucionar els nostres problemes&#8221;.&nbsp;<\/p>\n\n\n\n<p class=\"wp-block-paragraph\">Des del PRyA creuen que aquest \u00e9s &#8220;un assumpte molt important i que perjudica els ve\u00efns, per la qual cosa s&#8217;han d&#8217;escometre de manera urgent les obres necess\u00e0ries per a garantir un drenatge adequat de la zona de la \u201crotonda del mitj\u00e0\u201d davant les inundacions produ\u00efdes per pluges torrencials&#8221;.<\/p>\n\n\n\n<p class=\"wp-block-paragraph\"><\/p>\n\n\n\n<p class=\"wp-block-paragraph\"><\/p>\n\n\n\n<p class=\"wp-block-paragraph\"><\/p>\n\n\n\n<p class=\"wp-block-paragraph\"><\/p>\n\n\n\n<p class=\"wp-block-paragraph\"><\/p>\n","protected":false},"excerpt":{"rendered":"<div class=\"mh-excerpt\">El PRyA va preguntar en el passat ple que accions i passos havia seguit el govern socialista de Mario S\u00e1nchez per a solucionar els problemes de drenatge d&#8217;aig\u00fces fluvials en la zona situada al costat <a class=\"mh-excerpt-more\" href=\"https:\/\/tucomarca.whitekongsoftware.com\/ca\/el-prya-pregunta-en-el-plenari-de-requena-per-lestat-del-drenatge-de-la-rotonda-del-mitja-davant-inundacions\/\" title=\"El PRyA pregunta en el plenari de Requena per l&#8217;estat del drenatge de la rotonda &#8220;del mitj\u00e0&#8221; davant inundacions\">[+] <\/a><\/div>\n","protected":false},"author":1,"featured_media":178215,"comment_status":"open","ping_status":"open","sticky":false,"template":"","format":"standard","meta":{"footnotes":""},"categories":[10948,10894,10903,10947,10908,10909,10896],"tags":[11140,12796,11099,10910],"class_list":["post-178217","post","type-post","status-publish","format-standard","has-post-thumbnail","category-infraestructuras-ca","category-la-comarca-ca","category-medio-ambiente-la-comarca-ca","category-politica","category-requena-ca","category-requena-utiel-ca","category-seccion-ca","tag-politica-ca","tag-prya-ca","tag-requena-ca","tag-requena-utiel-ca"],"_links":{"self":[{"href":"https:\/\/tucomarca.whitekongsoftware.com\/ca\/wp-json\/wp\/v2\/posts\/178217","targetHints":{"allow":["GET"]}}],"collection":[{"href":"https:\/\/tucomarca.whitekongsoftware.com\/ca\/wp-json\/wp\/v2\/posts"}],"about":[{"href":"https:\/\/tucomarca.whitekongsoftware.com\/ca\/wp-json\/wp\/v2\/types\/post"}],"author":[{"embeddable":true,"href":"https:\/\/tucomarca.whitekongsoftware.com\/ca\/wp-json\/wp\/v2\/users\/1"}],"replies":[{"embeddable":true,"href":"https:\/\/tucomarca.whitekongsoftware.com\/ca\/wp-json\/wp\/v2\/comments?post=178217"}],"version-history":[{"count":0,"href":"https:\/\/tucomarca.whitekongsoftware.com\/ca\/wp-json\/wp\/v2\/posts\/178217\/revisions"}],"wp:featuredmedia":[{"embeddable":true,"href":"https:\/\/tucomarca.whitekongsoftware.com\/ca\/wp-json\/wp\/v2\/media\/178215"}],"wp:attachment":[{"href":"https:\/\/tucomarca.whitekongsoftware.com\/ca\/wp-json\/wp\/v2\/media?parent=178217"}],"wp:term":[{"taxonomy":"category","embeddable":true,"href":"https:\/\/tucomarca.whitekongsoftware.com\/ca\/wp-json\/wp\/v2\/categories?post=178217"},{"taxonomy":"post_tag","embeddable":true,"href":"https:\/\/tucomarca.whitekongsoftware.com\/ca\/wp-json\/wp\/v2\/tags?post=178217"}],"curies":[{"name":"wp","href":"https:\/\/api.w.org\/{rel}","templated":true}]}}