{"id":178085,"date":"2023-02-13T11:50:00","date_gmt":"2023-02-13T10:50:00","guid":{"rendered":"https:\/\/www.tucomarca.com\/wordpress\/segunda\/?p=178085"},"modified":"2023-02-13T19:30:33","modified_gmt":"2023-02-13T18:30:33","slug":"el-psoe-de-la-foia-de-bunyol-xiva-inicia-el-proces-dassemblees-per-a-triar-als-seus-cap-de-llista-per-a-les-proximes-municipals","status":"publish","type":"post","link":"https:\/\/tucomarca.whitekongsoftware.com\/ca\/el-psoe-de-la-foia-de-bunyol-xiva-inicia-el-proces-dassemblees-per-a-triar-als-seus-cap-de-llista-per-a-les-proximes-municipals\/","title":{"rendered":"El PSOE de La Foia de Bunyol-Xiva inicia el proc\u00e9s d&#8217;Assemblees per a triar als seus cap de llista per a les pr\u00f2ximes Municipals"},"content":{"rendered":"\n<p class=\"wp-block-paragraph\">El Partit Socialista de la comarca de La Foia de Bunyol-Xiva ha realitzat aquest passat cap de setmana una trobada amb la milit\u00e0ncia on s&#8217;han confirmat les dates per al desenvolupament de les pr\u00f2ximes Assemblees de les diferents agrupacions locals en les quals es triaran a les i els cap de llista per a les eleccions municipals del mes de maig. <\/p>\n\n\n\n<p class=\"wp-block-paragraph\">A l&#8217;espera de ratificar les dates de les Assemblees a celebrar a Macastre i Dosaig\u00fces, tal com ha posat de manifest la Secret\u00e0ria Comarcal del PSPV-PSOE en La Foia, Elena P\u00e9rez, &#8220;la localitat de Setaig\u00fces \u00e9s la primera a iniciar el proc\u00e9s aquest mateix dilluns; municipi al qual seguiran els de Millars (diumenge que ve 19 de febrer); Alboraig (el dia 21 de febrer); I\u00e0tova (el 24 de febrer); Xest (el 26 de febrer) i finalment els de Bunyol i Godelleta (tots dos el dia 28 de febrer)&#8221;. <\/p>\n\n\n\n<p class=\"wp-block-paragraph\">A m\u00e9s i coincidint amb l&#8217;aniversari de l&#8217;Estatut d&#8217;Autonomia, &#8220;hem assistit a la xarrada organitzada per l&#8217;Ajuntament de Bunyol que s&#8217;ha dut a terme per part del Senador i ex *President de la Generalitat, Joan Lerma; i hem aprofitat per a mantindre diversos di\u00e0legs sobre pol\u00edtica general, pol\u00edtica comarcal i punts de vista sobre els casos de corrupci\u00f3&#8221;, en paraules d&#8217;Elena P\u00e9rez.<\/p>\n","protected":false},"excerpt":{"rendered":"<div class=\"mh-excerpt\">El Partit Socialista de la comarca de La Foia de Bunyol-Xiva ha realitzat aquest passat cap de setmana una trobada amb la milit\u00e0ncia on s&#8217;han confirmat les dates per al desenvolupament de les pr\u00f2ximes Assemblees <a class=\"mh-excerpt-more\" href=\"https:\/\/tucomarca.whitekongsoftware.com\/ca\/el-psoe-de-la-foia-de-bunyol-xiva-inicia-el-proces-dassemblees-per-a-triar-als-seus-cap-de-llista-per-a-les-proximes-municipals\/\" title=\"El PSOE de La Foia de Bunyol-Xiva inicia el proc\u00e9s d&#8217;Assemblees per a triar als seus cap de llista per a les pr\u00f2ximes Municipals\">[+] <\/a><\/div>\n","protected":false},"author":1,"featured_media":178083,"comment_status":"open","ping_status":"open","sticky":false,"template":"","format":"standard","meta":{"footnotes":""},"categories":[10973,10911,10976,10977,10980,10948,10894,10912,10978,10947,10896,10979,10974,10975],"tags":[10914,11319],"class_list":["post-178085","post","type-post","status-publish","format-standard","has-post-thumbnail","category-alborache-ca","category-bunol-ca","category-dos-aguas-ca","category-godelleta-ca","category-yatova-ca","category-infraestructuras-ca","category-la-comarca-ca","category-la-hoya-ca","category-macastre-ca","category-politica","category-seccion-ca","category-siete-aguas-ca","category-cheste-ca","category-chiva-ca","tag-la-hoya-de-bunol-chiva-ca","tag-pspv-psoe-ca"],"_links":{"self":[{"href":"https:\/\/tucomarca.whitekongsoftware.com\/ca\/wp-json\/wp\/v2\/posts\/178085","targetHints":{"allow":["GET"]}}],"collection":[{"href":"https:\/\/tucomarca.whitekongsoftware.com\/ca\/wp-json\/wp\/v2\/posts"}],"about":[{"href":"https:\/\/tucomarca.whitekongsoftware.com\/ca\/wp-json\/wp\/v2\/types\/post"}],"author":[{"embeddable":true,"href":"https:\/\/tucomarca.whitekongsoftware.com\/ca\/wp-json\/wp\/v2\/users\/1"}],"replies":[{"embeddable":true,"href":"https:\/\/tucomarca.whitekongsoftware.com\/ca\/wp-json\/wp\/v2\/comments?post=178085"}],"version-history":[{"count":0,"href":"https:\/\/tucomarca.whitekongsoftware.com\/ca\/wp-json\/wp\/v2\/posts\/178085\/revisions"}],"wp:featuredmedia":[{"embeddable":true,"href":"https:\/\/tucomarca.whitekongsoftware.com\/ca\/wp-json\/wp\/v2\/media\/178083"}],"wp:attachment":[{"href":"https:\/\/tucomarca.whitekongsoftware.com\/ca\/wp-json\/wp\/v2\/media?parent=178085"}],"wp:term":[{"taxonomy":"category","embeddable":true,"href":"https:\/\/tucomarca.whitekongsoftware.com\/ca\/wp-json\/wp\/v2\/categories?post=178085"},{"taxonomy":"post_tag","embeddable":true,"href":"https:\/\/tucomarca.whitekongsoftware.com\/ca\/wp-json\/wp\/v2\/tags?post=178085"}],"curies":[{"name":"wp","href":"https:\/\/api.w.org\/{rel}","templated":true}]}}