{"id":177758,"date":"2023-02-09T10:30:00","date_gmt":"2023-02-09T09:30:00","guid":{"rendered":"https:\/\/www.tucomarca.com\/wordpress\/segunda\/?p=177758"},"modified":"2023-02-09T12:38:41","modified_gmt":"2023-02-09T11:38:41","slug":"la-xxviii-mostra-de-lembotit-de-requena-ja-te-canco-oficial","status":"publish","type":"post","link":"https:\/\/tucomarca.whitekongsoftware.com\/ca\/la-xxviii-mostra-de-lembotit-de-requena-ja-te-canco-oficial\/","title":{"rendered":"La XXVIII Mostra de l&#8217;Embotit de Requena ja t\u00e9 can\u00e7\u00f3 oficial"},"content":{"rendered":"\n<p class=\"wp-block-paragraph\"><strong>El tema, compost i interpretat per Roberto Poveda i Beatriz Alfonso, ser\u00e0 presentat en la inauguraci\u00f3 del cert\u00e1men dem\u00e0 divendres, a partir de les 12,00 hores, en el Recinte Firal de la localitat<\/strong><\/p>\n\n\n\n<p class=\"wp-block-paragraph\">Una de les novetats per a aquesta XXVIII Mostra de l&#8217;Embotit Artes\u00e0 i de Qualitat de Requena, consisteix en la creaci\u00f3 d&#8217;una can\u00e7\u00f3 oficial per a l&#8217;esdeveniment.<br>El tema, compost i interpretat per Roberto Poveda i Beatriz Alfonso, ser\u00e0 presentat en la inauguraci\u00f3, que tindr\u00e0 lloc dem\u00e0 divendres, a partir de les 12,00 hores en el recinte firal de la localitat.<br>En el tema, amb un estil alegre i pegadizo, s&#8217;enalteix la qualitat i l&#8217;artesania dels embotits de la localitat en les seues diferents varietats: llonganisses, botifarres, gos, g\u00fce\u00f1a, xori\u00e7o, sobrassada i salsitx\u00f3.<br>Amb iniciatives com aquesta, des del consistori requenense &#8220;es busca enaltir aquest tipus d&#8217;esdeveniments mitjan\u00e7ant propostes cridaneres que aconseguisquen enaltir-los i tamb\u00e9 divertir a les persones que acudisquen a ells&#8221;, tal com s&#8217;ha assenyalat des de la regidoria de Comer\u00e7 de la poblaci\u00f3. Informa, <strong>Luis Ib\u00e1\u00f1ez<\/strong>.<\/p>\n","protected":false},"excerpt":{"rendered":"<div class=\"mh-excerpt\">El tema, compost i interpretat per Roberto Poveda i Beatriz Alfonso, ser\u00e0 presentat en la inauguraci\u00f3 del cert\u00e1men dem\u00e0 divendres, a partir de les 12,00 hores, en el Recinte Firal de la localitat Una de <a class=\"mh-excerpt-more\" href=\"https:\/\/tucomarca.whitekongsoftware.com\/ca\/la-xxviii-mostra-de-lembotit-de-requena-ja-te-canco-oficial\/\" title=\"La XXVIII Mostra de l&#8217;Embotit de Requena ja t\u00e9 can\u00e7\u00f3 oficial\">[+] <\/a><\/div>\n","protected":false},"author":1,"featured_media":177759,"comment_status":"open","ping_status":"open","sticky":false,"template":"","format":"standard","meta":{"footnotes":""},"categories":[11019,11005,10898,10894,10904,11007,10908,10909,10896],"tags":[13345,11099,10910],"class_list":["post-177758","post","type-post","status-publish","format-standard","has-post-thumbnail","category-agenda-ca","category-canal-musica","category-ventana-ca","category-la-comarca-ca","category-sin-categorizar-ca","category-ocio-y-cultura-ca","category-requena-ca","category-requena-utiel-ca","category-seccion-ca","tag-feria-del-embutido-de-requena-ca","tag-requena-ca","tag-requena-utiel-ca"],"_links":{"self":[{"href":"https:\/\/tucomarca.whitekongsoftware.com\/ca\/wp-json\/wp\/v2\/posts\/177758","targetHints":{"allow":["GET"]}}],"collection":[{"href":"https:\/\/tucomarca.whitekongsoftware.com\/ca\/wp-json\/wp\/v2\/posts"}],"about":[{"href":"https:\/\/tucomarca.whitekongsoftware.com\/ca\/wp-json\/wp\/v2\/types\/post"}],"author":[{"embeddable":true,"href":"https:\/\/tucomarca.whitekongsoftware.com\/ca\/wp-json\/wp\/v2\/users\/1"}],"replies":[{"embeddable":true,"href":"https:\/\/tucomarca.whitekongsoftware.com\/ca\/wp-json\/wp\/v2\/comments?post=177758"}],"version-history":[{"count":0,"href":"https:\/\/tucomarca.whitekongsoftware.com\/ca\/wp-json\/wp\/v2\/posts\/177758\/revisions"}],"wp:featuredmedia":[{"embeddable":true,"href":"https:\/\/tucomarca.whitekongsoftware.com\/ca\/wp-json\/wp\/v2\/media\/177759"}],"wp:attachment":[{"href":"https:\/\/tucomarca.whitekongsoftware.com\/ca\/wp-json\/wp\/v2\/media?parent=177758"}],"wp:term":[{"taxonomy":"category","embeddable":true,"href":"https:\/\/tucomarca.whitekongsoftware.com\/ca\/wp-json\/wp\/v2\/categories?post=177758"},{"taxonomy":"post_tag","embeddable":true,"href":"https:\/\/tucomarca.whitekongsoftware.com\/ca\/wp-json\/wp\/v2\/tags?post=177758"}],"curies":[{"name":"wp","href":"https:\/\/api.w.org\/{rel}","templated":true}]}}