{"id":177752,"date":"2023-02-09T10:05:00","date_gmt":"2023-02-09T09:05:00","guid":{"rendered":"https:\/\/www.tucomarca.com\/wordpress\/segunda\/?p=177752"},"modified":"2023-02-09T12:29:22","modified_gmt":"2023-02-09T11:29:22","slug":"el-pp-de-requena-denuncia-que-mario-sanchez-va-prometre-un-parquing-en-font-del-pi-i-alli-nomes-hi-ha-enderrocs","status":"publish","type":"post","link":"https:\/\/tucomarca.whitekongsoftware.com\/ca\/el-pp-de-requena-denuncia-que-mario-sanchez-va-prometre-un-parquing-en-font-del-pi-i-alli-nomes-hi-ha-enderrocs\/","title":{"rendered":"El PP de Requena denuncia que Mario S\u00e1nchez &#8220;va prometre un p\u00e0rquing en Font del Pi i all\u00ed nom\u00e9s hi ha enderrocs&#8221;"},"content":{"rendered":"\n<p class=\"wp-block-paragraph\">El paratge de la Font del Pi &#8220;tan sols ha vist en aquests quatre anys d&#8217;incompliments com es depositen enderrocs i no el p\u00e0rquing que va prometre l&#8217;alcalde en 2019. La majoria absoluta de l&#8217;alcalde Mario S\u00e1nchez suma un altre incompliment m\u00e9s al seu programa de falses promeses amb el qual va aconseguir el seu segon mandat&#8221;, afirmen els populars de Requena en una nota de premsa.<br>El Partit Popular de Requena torna a denunciar &#8220;els incompliments de Mario S\u00e1nchez, que en 2019 va prometre entre moltes altres coses no realitzades un p\u00e0rquing en Font del Pi, i durant aquests quatre anys, i tamb\u00e9 ara, aqueix lloc molt visible de la zona sud de la Vila nom\u00e9s deixa veure enderrocs i brut\u00edcia&#8221;.<br>&#8220;La imatge deplorable del nostre municipi, igual que els incompliments en aquests quatre anys de govern s\u00f3n la din\u00e0mica habitual que el govern socialista ha vingut i ve desenvolupant. Els barris de la nostra ciutat s&#8217;han vist abandonats, i la imatge que ofereix el centre hist\u00f2ric hui dia mostra la deixadesa d&#8217;un govern esgotat que no \u00e9s capa\u00e7 d&#8217;oferir ni a ve\u00efns ni visitants soluciones, incapa\u00e7 de complir les seues pr\u00f2pies propostes i de donar projecci\u00f3 i futur al nostre municipi&#8221;, recalquen des de la formaci\u00f3 pol\u00edtica.\u00a0<br>Font del Pi &#8220;\u00e9s un altre exemple m\u00e9s de promeses incomplides que se sumen a una llarga llista de compromisos electorals que va adquirir Mario S\u00e1nchez i que es veuen incomplits. Requena necessita un altre govern que fa\u00e7a una cosa tan senzilla com complir la seua paraula&#8221;, conclouen els populars. Informa, <strong>Luis Ib\u00e1\u00f1ez<\/strong>.<\/p>\n","protected":false},"excerpt":{"rendered":"<div class=\"mh-excerpt\">El paratge de la Font del Pi &#8220;tan sols ha vist en aquests quatre anys d&#8217;incompliments com es depositen enderrocs i no el p\u00e0rquing que va prometre l&#8217;alcalde en 2019. La majoria absoluta de l&#8217;alcalde <a class=\"mh-excerpt-more\" href=\"https:\/\/tucomarca.whitekongsoftware.com\/ca\/el-pp-de-requena-denuncia-que-mario-sanchez-va-prometre-un-parquing-en-font-del-pi-i-alli-nomes-hi-ha-enderrocs\/\" title=\"El PP de Requena denuncia que Mario S\u00e1nchez &#8220;va prometre un p\u00e0rquing en Font del Pi i all\u00ed nom\u00e9s hi ha enderrocs&#8221;\">[+] <\/a><\/div>\n","protected":false},"author":1,"featured_media":177750,"comment_status":"open","ping_status":"open","sticky":false,"template":"","format":"standard","meta":{"footnotes":""},"categories":[10948,10894,10947,10908,10909,10896],"tags":[11978,11140,11344,11099,10910],"class_list":["post-177752","post","type-post","status-publish","format-standard","has-post-thumbnail","category-infraestructuras-ca","category-la-comarca-ca","category-politica","category-requena-ca","category-requena-utiel-ca","category-seccion-ca","tag-partido-popular-ca","tag-politica-ca","tag-pp-ca","tag-requena-ca","tag-requena-utiel-ca"],"_links":{"self":[{"href":"https:\/\/tucomarca.whitekongsoftware.com\/ca\/wp-json\/wp\/v2\/posts\/177752","targetHints":{"allow":["GET"]}}],"collection":[{"href":"https:\/\/tucomarca.whitekongsoftware.com\/ca\/wp-json\/wp\/v2\/posts"}],"about":[{"href":"https:\/\/tucomarca.whitekongsoftware.com\/ca\/wp-json\/wp\/v2\/types\/post"}],"author":[{"embeddable":true,"href":"https:\/\/tucomarca.whitekongsoftware.com\/ca\/wp-json\/wp\/v2\/users\/1"}],"replies":[{"embeddable":true,"href":"https:\/\/tucomarca.whitekongsoftware.com\/ca\/wp-json\/wp\/v2\/comments?post=177752"}],"version-history":[{"count":0,"href":"https:\/\/tucomarca.whitekongsoftware.com\/ca\/wp-json\/wp\/v2\/posts\/177752\/revisions"}],"wp:featuredmedia":[{"embeddable":true,"href":"https:\/\/tucomarca.whitekongsoftware.com\/ca\/wp-json\/wp\/v2\/media\/177750"}],"wp:attachment":[{"href":"https:\/\/tucomarca.whitekongsoftware.com\/ca\/wp-json\/wp\/v2\/media?parent=177752"}],"wp:term":[{"taxonomy":"category","embeddable":true,"href":"https:\/\/tucomarca.whitekongsoftware.com\/ca\/wp-json\/wp\/v2\/categories?post=177752"},{"taxonomy":"post_tag","embeddable":true,"href":"https:\/\/tucomarca.whitekongsoftware.com\/ca\/wp-json\/wp\/v2\/tags?post=177752"}],"curies":[{"name":"wp","href":"https:\/\/api.w.org\/{rel}","templated":true}]}}