{"id":177679,"date":"2023-02-08T09:00:00","date_gmt":"2023-02-08T08:00:00","guid":{"rendered":"https:\/\/www.tucomarca.com\/wordpress\/segunda\/?p=177679"},"modified":"2023-02-08T18:10:55","modified_gmt":"2023-02-08T17:10:55","slug":"larea-de-salut-de-manises-redueix-a-quasi-la-meitat-el-temps-despera-per-a-una-intervencio-quirurgica","status":"publish","type":"post","link":"https:\/\/tucomarca.whitekongsoftware.com\/ca\/larea-de-salut-de-manises-redueix-a-quasi-la-meitat-el-temps-despera-per-a-una-intervencio-quirurgica\/","title":{"rendered":"L&#8217;\u00e0rea de salut de Manises redueix a quasi la meitat el temps d&#8217;espera per a una intervenci\u00f3 quir\u00fargica&nbsp;"},"content":{"rendered":"\n<h4 class=\"wp-block-heading\">Els pacients de l&#8217;Hospital tarden 45 dies per a ser operats, enfront dels 88 de mitjana en la resta d&#8217;Hospitals p\u00fablics de la Comunitat<\/h4>\n\n\n\n<h4 class=\"wp-block-heading\">S&#8217;han comptabilitzat m\u00e9s de 2\u20192 milions de consultes presencials i telef\u00f2niques ateses en atenci\u00f3 prim\u00e0ria. D&#8217;aquestes, un 41,5% van ser en medicina de fam\u00edlia, un 27% en infermeria, un 12% en els punts d&#8217;atenci\u00f3 continuada (PAC) i un 8% en pediatria.<\/h4>\n\n\n\n<h4 class=\"wp-block-heading\">El departament de salut de Manises \u00e9s el departament amb m\u00e9s acreditacions de tota la Comunitat, representa el 44% de les certificacions de qualitat registrades en el Gestor de Registres de Qualitat (GERCA) de la Generalitat Valenciana<\/h4>\n\n\n\n<h4 class=\"wp-block-heading\">\u201cCuidem de la salut de les persones. La nostra obstinaci\u00f3 \u00e9s estar prop dels m\u00e9s de 199.000 habitants de la nostra \u00e0rea de salut\u201d, indica el gerent del departament de Salut, Ricardo Trujillo&nbsp;<\/h4>\n\n\n\n<p class=\"wp-block-paragraph\">L&#8217;accessibilitat&nbsp;&nbsp;en l&#8217;\u00e0mbit sanitari segueix en el punt de mira de tots. Contactar amb facilitat amb el centre de salut, que l&#8217;atenci\u00f3 rebuda siga de qualitat i que els temps d&#8217;espera siguen m\u00ednims s\u00f3n algunes de les claus que representen la qualitat dels&nbsp;centres sanitaris&nbsp;actualment.<\/p>\n\n\n\n<p class=\"wp-block-paragraph\">En aquest context, les dades d&#8217;accessibilitat de la Conselleria de Sanitat per a la intervenci\u00f3 quir\u00fargica programada en un hospital p\u00fablic de la Comunitat Valenciana en 2022 situen als pacients del Departament&nbsp; de Salut de Manises&nbsp;entre els valencians que menys dies han d&#8217;esperar per a ser operats.<\/p>\n\n\n\n<p class=\"wp-block-paragraph\">Enfront dels 88 dies de mitjana en els quals es troben la resta dels departaments, Manises va acabar l&#8217;any amb&nbsp;45 dies, situant-se aix\u00ed com la segona \u00e0rea de salut amb menys dies de l&#8217;autonomia.<\/p>\n\n\n\n<p class=\"wp-block-paragraph\">Aix\u00ed, la demora oscil\u00b7la entre els 132 dies de l&#8217;Hospital prov\u00edncia de Castell\u00f3, els 121 de l&#8217;Hospital General d&#8217;Alacant i els 120 dies del departament d&#8217;Alacant- Sant Joan, als quals 44 d&#8217;Elx-Crevillent, o els 45 de Manises, segons dades de la pr\u00f2pia Conselleria.<br>\u201cContinuem treballant per a reduir les esperes i cuidar de les persones, que \u00e9s el nostre \u00fanic objectiu. L&#8217;accessibilitat dels nostres centres&nbsp;ha sigut sempre una prioritat&nbsp;per al departament ja que representa de manera visible la qualitat assistencial que reben els nostres pacients aix\u00ed com&nbsp;l&#8217;esfor\u00e7 i la professionalitat&nbsp;del nostre personal\u201d, ha explicat&nbsp;Ricardo Trujillo, gerent del Departament de Salut de Manises.&nbsp;<\/p>\n\n\n\n<p class=\"wp-block-paragraph\">I \u00e9s que, des de la seua&nbsp;posada en marxa en 2009, el centre sanitari s&#8217;ha trobat sempre entre els hospitals amb&nbsp;menys esperes per a cirurgies i especialitats. \u201cCuidem de la salut de les persones. La nostra obstinaci\u00f3 \u00e9s estar prop dels m\u00e9s de 199.000 habitants de la nostra \u00e0rea de salut\u201d, ha indicat Ricardo Trujillo.&nbsp;<\/p>\n\n\n\n<p class=\"wp-block-paragraph\"><strong>Una atenci\u00f3 presencial i telef\u00f2nica de qualitat<\/strong><\/p>\n\n\n\n<p class=\"wp-block-paragraph\">Un altre dels indicadors de qualitat que els centres sanitaris comptabilitzen \u00e9s la&nbsp;qualitat en l&#8217;atenci\u00f3 rebuda. En aquest sentit, les queixes telef\u00f2niques s&#8217;han redu\u00eft un 34% l&#8217;any 2022 si es compara amb les rebudes durant l&#8217;anterior exercici.<\/p>\n\n\n\n<p class=\"wp-block-paragraph\">Respecte a l&#8217;atenci\u00f3 prim\u00e0ria, el departament de Salut ha comptabilitzat en 2022 m\u00e9s de 2\u20192 milions de consultes presencials i telef\u00f2niques. D&#8217;aquestes, un 41,5% van ser en medicina de fam\u00edlia, un 27% en infermeria, un 12% en els punts d&#8217;atenci\u00f3 continuada (PAC) i un 8% en pediatria.&nbsp;<\/p>\n\n\n\n<p class=\"wp-block-paragraph\">En el cas de l&#8217;atenci\u00f3 telef\u00f2nica, el Departament de Salut de Manises ha arribat a m\u00e9s pacients gr\u00e0cies a la instal\u00b7laci\u00f3 d&#8217;un&nbsp;Call Center espec\u00edfic en Atenci\u00f3 Prim\u00e0ria i l&#8217;ampliaci\u00f3 d&#8217;aquest servei a cinc poblacions, en concret a Quart de Poblet, Riba-roja de T\u00faria, Manises, Mislata&nbsp;i Aldaia.<\/p>\n\n\n\n<p class=\"wp-block-paragraph\">\u201cDurant aquest any que acaba d&#8217;acabar hem at\u00e9s un total de&nbsp;309.000 crides de pacients el que representa que hem aconseguit d&#8217;alguna manera estar m\u00e9s prop de la nostra poblaci\u00f3 protegida. Aquest servei ajuda a tindre una accessibilitat m\u00e9s efectiva i r\u00e0pida i evita despla\u00e7aments innecessaris a l&#8217;hospital o altres centres d&#8217;especialitats\u201d, ha explicat&nbsp;el gerent de l&#8217;\u00e0rea sanit\u00e0ria.<\/p>\n\n\n\n<p class=\"wp-block-paragraph\"><strong>Qualitat assistencial acreditada<\/strong><\/p>\n\n\n\n<p class=\"wp-block-paragraph\">Un altre pilar en l&#8217;assist\u00e8ncia sanit\u00e0ria \u00e9s la qualitat en el servei prestat, on l&#8217;Hospital compta amb nombrosos reconeixements al llarg de la seua traject\u00f2ria.&nbsp;<\/p>\n\n\n\n<p class=\"wp-block-paragraph\">\u201cEl departament de salut de Manises \u00e9s el departament amb m\u00e9s acreditacions de tota la Comunitat, representa el 44% de les certificacions de qualitat registrades en el Gestor de Registres de Qualitat (GERCA) de la Generalitat Valenciana. Aix\u00f2 suposa que de cada 10 acreditacions que concedeix la Generalitat a departaments de salut, quasi 5 s\u00f3n per al de Manises, assenyala Ricardo Trujillo.&nbsp;<\/p>\n\n\n\n<p class=\"wp-block-paragraph\">A m\u00e9s, el Departament de Salut de Manises \u00e9s l&#8217;\u00fanic que t\u00e9 certificat el sistema de gesti\u00f3 de qualitat en els diferents centres on presta l&#8217;atenci\u00f3 sanit\u00e0ria, \u00e9s a dir, en els consultoris, centres de salut i les seues unitats de suport, centre d&#8217;especialitats i hospital.&nbsp;<\/p>\n\n\n\n<p class=\"wp-block-paragraph\">A difer\u00e8ncia de la resta de centres certificats per acreditacions com l&#8217;ISO 9001:2015, l&#8217;abast dels centres certificats en el Departament de Salut de Manises \u00e9s integral, \u00e9s a dir, estan certificats tots els processos assistencials i tots els processos no assistencials.<\/p>\n\n\n\n<p class=\"wp-block-paragraph\"><\/p>\n","protected":false},"excerpt":{"rendered":"<div class=\"mh-excerpt\">Els pacients de l&#8217;Hospital tarden 45 dies per a ser operats, enfront dels 88 de mitjana en la resta d&#8217;Hospitals p\u00fablics de la Comunitat S&#8217;han comptabilitzat m\u00e9s de 2\u20192 milions de consultes presencials i telef\u00f2niques <a class=\"mh-excerpt-more\" href=\"https:\/\/tucomarca.whitekongsoftware.com\/ca\/larea-de-salut-de-manises-redueix-a-quasi-la-meitat-el-temps-despera-per-a-una-intervencio-quirurgica\/\" title=\"L&#8217;\u00e0rea de salut de Manises redueix a quasi la meitat el temps d&#8217;espera per a una intervenci\u00f3 quir\u00fargica&nbsp;\">[+] <\/a><\/div>\n","protected":false},"author":12,"featured_media":177678,"comment_status":"open","ping_status":"open","sticky":false,"template":"","format":"standard","meta":{"footnotes":""},"categories":[10973,10911,10892,11010,10898,10977,10980,10948,10894,10904,10912,10902,10931,10978,10947,10906,10896,11047,10974,10975],"tags":[17274,10899,11092,10914],"class_list":["post-177679","post","type-post","status-publish","format-standard","has-post-thumbnail","category-alborache-ca","category-bunol-ca","category-camp-de-turia-ca","category-canal-salud","category-ventana-ca","category-godelleta-ca","category-yatova-ca","category-infraestructuras-ca","category-la-comarca-ca","category-sin-categorizar-ca","category-la-hoya-ca","category-la-ribera-ca","category-loriguilla-ca","category-macastre-ca","category-politica","category-riba-roja-ca","category-seccion-ca","category-turis-ca","category-cheste-ca","category-chiva-ca","tag-area-de-salud-de-manises-ca","tag-camp-de-turia-ca","tag-hospital-de-manises-ca","tag-la-hoya-de-bunol-chiva-ca"],"_links":{"self":[{"href":"https:\/\/tucomarca.whitekongsoftware.com\/ca\/wp-json\/wp\/v2\/posts\/177679","targetHints":{"allow":["GET"]}}],"collection":[{"href":"https:\/\/tucomarca.whitekongsoftware.com\/ca\/wp-json\/wp\/v2\/posts"}],"about":[{"href":"https:\/\/tucomarca.whitekongsoftware.com\/ca\/wp-json\/wp\/v2\/types\/post"}],"author":[{"embeddable":true,"href":"https:\/\/tucomarca.whitekongsoftware.com\/ca\/wp-json\/wp\/v2\/users\/12"}],"replies":[{"embeddable":true,"href":"https:\/\/tucomarca.whitekongsoftware.com\/ca\/wp-json\/wp\/v2\/comments?post=177679"}],"version-history":[{"count":0,"href":"https:\/\/tucomarca.whitekongsoftware.com\/ca\/wp-json\/wp\/v2\/posts\/177679\/revisions"}],"wp:featuredmedia":[{"embeddable":true,"href":"https:\/\/tucomarca.whitekongsoftware.com\/ca\/wp-json\/wp\/v2\/media\/177678"}],"wp:attachment":[{"href":"https:\/\/tucomarca.whitekongsoftware.com\/ca\/wp-json\/wp\/v2\/media?parent=177679"}],"wp:term":[{"taxonomy":"category","embeddable":true,"href":"https:\/\/tucomarca.whitekongsoftware.com\/ca\/wp-json\/wp\/v2\/categories?post=177679"},{"taxonomy":"post_tag","embeddable":true,"href":"https:\/\/tucomarca.whitekongsoftware.com\/ca\/wp-json\/wp\/v2\/tags?post=177679"}],"curies":[{"name":"wp","href":"https:\/\/api.w.org\/{rel}","templated":true}]}}