{"id":177608,"date":"2023-02-08T10:00:00","date_gmt":"2023-02-08T09:00:00","guid":{"rendered":"https:\/\/www.tucomarca.com\/wordpress\/segunda\/?p=177608"},"modified":"2023-02-08T13:45:33","modified_gmt":"2023-02-08T12:45:33","slug":"els-productes-gastronomics-de-qualitat-representatius-del-municipi-de-requena-seran-protagonistes-en-la-xxviii-mostra-de-lembotit-artesa-i-de-qualitat","status":"publish","type":"post","link":"https:\/\/tucomarca.whitekongsoftware.com\/ca\/els-productes-gastronomics-de-qualitat-representatius-del-municipi-de-requena-seran-protagonistes-en-la-xxviii-mostra-de-lembotit-artesa-i-de-qualitat\/","title":{"rendered":"Els productes gastron\u00f2mics de qualitat representatius del municipi de Requena seran protagonistes en la XXVIII Mostra de l&#8217;Embotit Artes\u00e0 i de Qualitat"},"content":{"rendered":"\n<h3 class=\"wp-block-heading\">Requena tornar\u00e0 a ser not\u00edcia, despr\u00e9s de dos anys d&#8217;aturada obligada, per un dels seus grans patrimonis, el gastron\u00f2mic.<\/h3>\n\n\n\n<p class=\"wp-block-paragraph\">I ser\u00e0 aix\u00ed gr\u00e0cies a la celebraci\u00f3 de la XXVIII Mostra de l&#8217;Embotit Artes\u00e0 i de Qualitat, que se celebrar\u00e0 en aquest municipi del 10 al 12 de febrer, i que ha sigut presentada aquest dimarts 6 de febrer a les 11.30 hores en el Mercat de Col\u00f3n de Val\u00e8ncia.<br>Aix\u00ed doncs, els amants de la gastronomia m\u00e9s tradicional, els que gaudeixen amb un embotit realitzat amb els millors ingredients i elaborats a la manera de sempre, poden anar programant la seua visita a Requena, a un certamen que edici\u00f3 rere edici\u00f3 congrega a milers de persones de tota la Comunitat Valenciana i d&#8217;altres zones d&#8217;Espanya.<br>La festa gastron\u00f2mica tindr\u00e0 lloc en l&#8217;Edifici Multifuncional del Recinte Firal, on estaran les carnisseries de l&#8217;Associaci\u00f3 de l&#8217;Embotit amb milers de quilos de productes artesans i de qualitat per a les persones assistents, com a llonganisses, botifarres, xori\u00e7os, salsitxons, g\u00fce\u00f1as, gos o sobrassades.<br>Tamb\u00e9 es podran degustar plats com el ajoarriero o el morteruelo, cuinats per l&#8217;Associaci\u00f3 de Mestresses de casa Tyrius; o el fam\u00f3s brioix, una coca de pa amb embotit damunt, a m\u00e9s del pa bene\u00eft, elaborats per l&#8217;Associaci\u00f3 de Forners que participen en la mostra.<br>I per si aix\u00f2 fora poc, hi haur\u00e0 estands d&#8217;oli d&#8217;oliva, formatge, licors, caf\u00e9 i vi, ja que diversos cellers de la DOP Utiel-Requena tamb\u00e9 seran part de la trobada.<br>\u201cLa Mostra va unida a l&#8217;embotit, a la tradici\u00f3 i, en definitiva, a aliments de gran qualitat, per\u00f2 sobretot \u00e9s una experi\u00e8ncia completa que viuen tots aquells que s&#8217;acosten a Requena a degustar les meravelles gastron\u00f2miques i a gaudir la nostra riquesa cultural\u201d, ha afirmat Mario S\u00e1nchez , alcalde de Requena, en l&#8217;acte de presentaci\u00f3 de la Mostra.<br>La Mostra de l&#8217;Embotit Artes\u00e0 i de Qualitat de Requena posar\u00e0 a la disposici\u00f3 dels visitants m\u00e9s de 6.000 tiquets de degustacions, el preu de les quals ser\u00e0 de 10\u20ac el divendres i 12\u20ac el dissabte i diumenge.<br>Cada tiquet oferir\u00e0:<br>&#8211; 3 degustacions d&#8217;embotit.\u00a0<br>&#8211; 1 d&#8217;embotit rostit en barbacoa (excepte el divendres que ser\u00e0 en l&#8217;estand interior).<br>&#8211; 2 de vi de Requena.<br>&#8211; 1 de plats t\u00edpics elaborats per les Mestresses de casa de Requena (ajoarriero i morteruelo).<br>&#8211; 1 de producte de fleca (brioix o pa bene\u00eft).<br>&#8211; 1 botella d&#8217;aigua de San Benedetto.<br>&#8211; 1 visita gratu\u00efta a un museu o monument durant els dies de la Mostra.<br>D&#8217;altra banda, en fer la reserva dels tiquets a compte en l&#8217;Oficina de Turisme o visitar la mostra amb tren de rodalia, s&#8217;obtindr\u00e0, juntament amb la compra del tiquet de degustaci\u00f3, l&#8217;entrada gratu\u00efta a tres museus o monuments de la localitat.<br>Aquesta promoci\u00f3 ser\u00e0 v\u00e0lida tamb\u00e9 per a la compra f\u00edsica del tiquet del divendres.<br>Aix\u00ed mateix, les persones que arriben amb tren a l&#8217;esdeveniment o compren el tiquet de degustaci\u00f3, gaudiran d&#8217;un descompte del deu per cent en l&#8217;import de la compra d&#8217;embotit realitzada en la Mostra.<br>Finalment, en adquirir durant el dissabte i diumenge el tiquet de degustaci\u00f3, es regalar\u00e0 una entrada de museu o monument, v\u00e0lida per a qualsevol dia de l&#8217;any diferent als de la celebraci\u00f3 de la mostra.<br>En la presentaci\u00f3 de la Mostra de l&#8217;Embotit tamb\u00e9 s&#8217;ha revelat qui \u00e9s el \u2018Mestre Carnisser\u2019 d&#8217;enguany, una distinci\u00f3 que enguany ha recaigut al Cava de Requena, que ha aconseguit recentment el seu dret a utilitzar aquesta denominaci\u00f3, i tamb\u00e9 es proclamar\u00e0 Mondonguera d&#8217;Honor a l&#8217;advocada que ho ha fet possible, Gracia Guill\u00e9n Carrau.<\/p>\n\n\n\n<p class=\"wp-block-paragraph\"><strong>Gastronomia i cultura, de la m\u00e0<\/strong><\/p>\n\n\n\n<p class=\"wp-block-paragraph\">Com cada any, la Mostra de l&#8217;Embotit de Requena alternar\u00e0 gastronomia amb diferents actes culturals.<br>El divendres dia 7, des de les 18.00 hores, se succeiran diferents actuacions protagonitzades per l&#8217;associaci\u00f3 Majors amb Alegria i l&#8217;Escola de Dansa Mireia Cabau, a m\u00e9s de tastos comentats de caf\u00e9 i vi.<br>El dissabte a la nit, l&#8217;activitat es traslladar\u00e0 al Teatre Principal, on actuaran a partir de les 21.00 hores l&#8217;actor Pablo Chiapella i el c\u00f2mic Tian Lara, amb l&#8217;espectacle &#8220;El anticoach, desmotivant a Pablo Chiapella&#8221;.<br>Les entrades anticipades, amb un preu de 8 euros, estan a la venda en la web www.entradaonline.es i en l&#8217;Oficina de Turisme.<br>El diumenge tindr\u00e0 lloc el tradicional concurs de Cachul\u00ed als voltants del recinte firal i actuar\u00e0 el grup Cantares Vells i, previ a la clausura, s&#8217;entregaran els premis del concurs creatiu \u2018L&#8217;embotit de la meua localitat\u2019.<br>\u201cEl que volem \u00e9s que la gent ho passe b\u00e9, tant els requenenses com aquells que s&#8217;acosten amb els seus amics, la seua parella o la seua fam\u00edlia, perqu\u00e8 encara que el principal atractiu siga l&#8217;excel\u00b7lent embotit i els meravellosos vins de la zona, hi ha activitats de tota mena i per a tots els p\u00fablics\u201d, ha afirmat Josep C. Xirivella, regidor de Comer\u00e7.<br>La presentaci\u00f3 en el Mercat de Col\u00f3n tamb\u00e9 ha comptat amb la pres\u00e8ncia de Miguel Garc\u00eda, president de l&#8217;Associaci\u00f3 de l&#8217;Embotit Artes\u00e0 de Requena, que ha posat \u00e8mfasi en el treball sense descans dels carnissers i carnisseres de la localitat.<br>L&#8217;horari de la Mostra de l&#8217;Embotit de Requena ser\u00e0 el divendres de 12 a 21 hores, el dissabte de 10 a 21 hores i el diumenge de 10 a 19 hores. Informa, <strong>Luis Ib\u00e1\u00f1ez<\/strong>.<\/p>\n\n\n\n<p class=\"wp-block-paragraph\"><\/p>\n\n\n\n<p class=\"wp-block-paragraph\"><\/p>\n","protected":false},"excerpt":{"rendered":"<div class=\"mh-excerpt\">Requena tornar\u00e0 a ser not\u00edcia, despr\u00e9s de dos anys d&#8217;aturada obligada, per un dels seus grans patrimonis, el gastron\u00f2mic. I ser\u00e0 aix\u00ed gr\u00e0cies a la celebraci\u00f3 de la XXVIII Mostra de l&#8217;Embotit Artes\u00e0 i de <a class=\"mh-excerpt-more\" href=\"https:\/\/tucomarca.whitekongsoftware.com\/ca\/els-productes-gastronomics-de-qualitat-representatius-del-municipi-de-requena-seran-protagonistes-en-la-xxviii-mostra-de-lembotit-artesa-i-de-qualitat\/\" title=\"Els productes gastron\u00f2mics de qualitat representatius del municipi de Requena seran protagonistes en la XXVIII Mostra de l&#8217;Embotit Artes\u00e0 i de Qualitat\">[+] <\/a><\/div>\n","protected":false},"author":1,"featured_media":143961,"comment_status":"open","ping_status":"open","sticky":false,"template":"","format":"standard","meta":{"footnotes":""},"categories":[11019,10905,11006,10898,10894,10904,11007,10908,10909,10896],"tags":[18788,13345,15838,11099,10910],"class_list":["post-177608","post","type-post","status-publish","format-standard","has-post-thumbnail","category-agenda-ca","category-agricultura-la-comarca-ca","category-canal-vinos","category-ventana-ca","category-la-comarca-ca","category-sin-categorizar-ca","category-ocio-y-cultura-ca","category-requena-ca","category-requena-utiel-ca","category-seccion-ca","tag-embutido-ca","tag-feria-del-embutido-de-requena-ca","tag-muestra-del-embutido-artesano-ca","tag-requena-ca","tag-requena-utiel-ca"],"_links":{"self":[{"href":"https:\/\/tucomarca.whitekongsoftware.com\/ca\/wp-json\/wp\/v2\/posts\/177608","targetHints":{"allow":["GET"]}}],"collection":[{"href":"https:\/\/tucomarca.whitekongsoftware.com\/ca\/wp-json\/wp\/v2\/posts"}],"about":[{"href":"https:\/\/tucomarca.whitekongsoftware.com\/ca\/wp-json\/wp\/v2\/types\/post"}],"author":[{"embeddable":true,"href":"https:\/\/tucomarca.whitekongsoftware.com\/ca\/wp-json\/wp\/v2\/users\/1"}],"replies":[{"embeddable":true,"href":"https:\/\/tucomarca.whitekongsoftware.com\/ca\/wp-json\/wp\/v2\/comments?post=177608"}],"version-history":[{"count":0,"href":"https:\/\/tucomarca.whitekongsoftware.com\/ca\/wp-json\/wp\/v2\/posts\/177608\/revisions"}],"wp:featuredmedia":[{"embeddable":true,"href":"https:\/\/tucomarca.whitekongsoftware.com\/ca\/wp-json\/wp\/v2\/media\/143961"}],"wp:attachment":[{"href":"https:\/\/tucomarca.whitekongsoftware.com\/ca\/wp-json\/wp\/v2\/media?parent=177608"}],"wp:term":[{"taxonomy":"category","embeddable":true,"href":"https:\/\/tucomarca.whitekongsoftware.com\/ca\/wp-json\/wp\/v2\/categories?post=177608"},{"taxonomy":"post_tag","embeddable":true,"href":"https:\/\/tucomarca.whitekongsoftware.com\/ca\/wp-json\/wp\/v2\/tags?post=177608"}],"curies":[{"name":"wp","href":"https:\/\/api.w.org\/{rel}","templated":true}]}}