{"id":177539,"date":"2023-02-06T14:00:00","date_gmt":"2023-02-06T13:00:00","guid":{"rendered":"https:\/\/www.tucomarca.com\/wordpress\/segunda\/?p=177539"},"modified":"2023-02-06T15:03:51","modified_gmt":"2023-02-06T14:03:51","slug":"la-generalitat-licita-les-noves-concessions-dautobus-de-larea-metropolitana-de-valencia-nord-de-la-foia-de-bunyol-xiva-i-de-montserrat","status":"publish","type":"post","link":"https:\/\/tucomarca.whitekongsoftware.com\/ca\/la-generalitat-licita-les-noves-concessions-dautobus-de-larea-metropolitana-de-valencia-nord-de-la-foia-de-bunyol-xiva-i-de-montserrat\/","title":{"rendered":"La Generalitat licita les noves concessions d&#8217;autob\u00fas de l&#8217;\u00e0rea metropolitana de Val\u00e8ncia Nord, de la Foia de Bunyol-Xiva i de Montserrat"},"content":{"rendered":"\n<h3 class=\"wp-block-heading\"><strong>El pressupost de licitaci\u00f3 dels autobusos CV-102 Val\u00e8ncia Metropolitana Nord, CV-107 la Foia de Bunyol-Val\u00e8ncia i CV-109 Montserrat-Val\u00e8ncia ascendeix a 64 milions d&#8217;euros<\/strong><\/h3>\n\n\n\n<h3 class=\"wp-block-heading\"><strong>Els nous serveis es caracteritzen per una major cobertura territorial i adequaci\u00f3 de l&#8217;oferta a les necessitats de la demanda, per fomentar la intermodalitat i coordinar les diferents maneres de transport p\u00fablic<\/strong><\/h3>\n\n\n\n<p class=\"wp-block-paragraph\">La Conselleria de Pol\u00edtica Territorial, Obres P\u00fabliques i Mobilitat ha tret a licitaci\u00f3 les noves concessions de transport p\u00fablic regular de viatgers i viatgeres per carretera dels autobusos CV-102 Val\u00e8ncia Metropolitana Nord, CV-107 la Foia de Bunyol-Val\u00e8ncia i CV-109 Montserrat-Val\u00e8ncia.<\/p>\n\n\n\n<p class=\"wp-block-paragraph\">La Conselleria de Pol\u00edtica Territorial, Obres P\u00fabliques i Mobilitat destinar\u00e0 un pressupost de 64 milions d&#8217;euros per a donar servei de transport p\u00fablic a una poblaci\u00f3 de prop de 305.000 persones. Aquestes concessions s&#8217;emmarquen en el nou model que la Conselleria ha dissenyat per a una major efici\u00e8ncia i sostenibilitat del sistema amb l&#8217;objectiu de fomentar l&#8217;\u00fas del transport p\u00fablic.<\/p>\n\n\n\n<p class=\"wp-block-paragraph\">Aix\u00ed mateix, els nous serveis es caracteritzen, especialment, per una major cobertura territorial i adequaci\u00f3 de l&#8217;oferta a les necessitats de la demanda, aix\u00ed com per fomentar la intermodalitat i coordinar les diferents maneres de transport p\u00fablic.<\/p>\n\n\n\n<p class=\"wp-block-paragraph\"><strong>CV-102 Val\u00e8ncia Metropolitana Nord<\/strong><\/p>\n\n\n\n<p class=\"wp-block-paragraph\">El contracte de la concessi\u00f3 CV-102 Val\u00e8ncia Metropolitana Nord compr\u00e9n el Corredor que connecta la ciutat de Val\u00e8ncia amb tots els municipis i zones de platja que es troben al nord de la capital fins a La Vall d&#8217;Uix\u00f3 i ascendeix a 36.870.732,47 d&#8217;euros.<\/p>\n\n\n\n<p class=\"wp-block-paragraph\">Aquest nou contracte integrar\u00e0 els tr\u00e0nsits de la major part dels municipis de l&#8217;Horta Nord (Albalat dels Sorells, Alboraia, Alm\u00e0ssera, Bonrep\u00f2s i Mirambell, Emperador, Foios, Massalfassar, Massamagrell, Meliana, Museros, La Pobla de Farnals, el Puig de Santa Maria, Pu\u00e7ol, Rafelbunyol i Tavernes Blanques), Canet d&#8217;en Berenguer (El Camp de Morvedre) i els de la Vall d&#8217;Uix\u00f3 i Almenara, que es produeixen amb Val\u00e8ncia i amb Sagunt, aix\u00ed com els propis que es produeixen entre aquestes dues ciutats.<\/p>\n\n\n\n<p class=\"wp-block-paragraph\"><strong>CV-107 la Foia de Bunyol-Val\u00e8ncia<\/strong><\/p>\n\n\n\n<p class=\"wp-block-paragraph\">Quant a la CV-107 la Foia de Bunyol-Val\u00e8ncia, amb un pressupost de 20.747.585,32 euros, connectar\u00e0 tots els municipis de la Foia de Bunyol, a excepci\u00f3 de Setaig\u00fces i Dosaig\u00fces, i el municipi de Tor\u00eds, pertanyent a la comarca de la Ribera Alta amb la ciutat de Val\u00e8ncia.<\/p>\n\n\n\n<p class=\"wp-block-paragraph\">A m\u00e9s, es refor\u00e7ar\u00e0 la connexi\u00f3 amb l&#8217;Hospital de Manises i el Centre d&#8217;Especialitats d&#8217;Aldaia, el complex educatiu de Xest i les estacions de Renfe-Rodalia a Bunyol, Xiva i Xest.<\/p>\n\n\n\n<p class=\"wp-block-paragraph\">Amb el prop\u00f2sit de fomentar la intermodalitat i aprofitar de forma m\u00e9s eficient els recursos de la Generalitat, la majoria de les rutes tenen com a destinaci\u00f3 final l&#8217;estaci\u00f3 d&#8217;autobusos de Val\u00e8ncia, previ pas per l&#8217;estaci\u00f3 de metro d&#8217;\u00c1ngel Guimer\u00e1, on els passatgers i passatgeres podran fer transbord amb Metrovalencia.<\/p>\n\n\n\n<p class=\"wp-block-paragraph\"><strong>CV-109 Montserrat-Val\u00e8ncia<\/strong><\/p>\n\n\n\n<p class=\"wp-block-paragraph\">En relaci\u00f3 a la CV-109 Montserrat-Val\u00e8ncia, amb un pressupost de 6.593.595,36 euros, comunicar\u00e0 els municipis municipis de les subcomarcas de La Vall dels Alcalans (Montserrat, Montroi i Real) i el Marquesat (Alfarb, Catadau i Llombai), a m\u00e9s de Millars i Dosaig\u00fces, amb Torrent i Val\u00e8ncia.<\/p>\n\n\n\n<p class=\"wp-block-paragraph\">Tamb\u00e9 es potenciar\u00e1 la intermodalitat amb Metrovalencia, a Torrent, per la qual cosa es generaran noves l\u00ednies de transport regular que atendran m\u00e9s efica\u00e7ment totes les necessitats de mobilitat de la poblaci\u00f3 a la qual es donar\u00e0 servei i s&#8217;augmentar\u00e0 significativament la seua oferta.<\/p>\n\n\n\n<p class=\"wp-block-paragraph\"><\/p>\n\n\n\n<p class=\"wp-block-paragraph\"><\/p>\n\n\n\n<p class=\"wp-block-paragraph\"><\/p>\n\n\n\n<p class=\"wp-block-paragraph\"><\/p>\n\n\n\n<p class=\"wp-block-paragraph\"><\/p>\n\n\n\n<p class=\"wp-block-paragraph\"><\/p>\n\n\n\n<p class=\"wp-block-paragraph\"><\/p>\n\n\n\n<p class=\"wp-block-paragraph\"><\/p>\n\n\n\n<p class=\"wp-block-paragraph\"><\/p>\n\n\n\n<p class=\"wp-block-paragraph\"><\/p>\n\n\n\n<p class=\"wp-block-paragraph\"><\/p>\n\n\n\n<p class=\"wp-block-paragraph\"><\/p>\n","protected":false},"excerpt":{"rendered":"<div class=\"mh-excerpt\">El pressupost de licitaci\u00f3 dels autobusos CV-102 Val\u00e8ncia Metropolitana Nord, CV-107 la Foia de Bunyol-Val\u00e8ncia i CV-109 Montserrat-Val\u00e8ncia ascendeix a 64 milions d&#8217;euros Els nous serveis es caracteritzen per una major cobertura territorial i adequaci\u00f3 <a class=\"mh-excerpt-more\" href=\"https:\/\/tucomarca.whitekongsoftware.com\/ca\/la-generalitat-licita-les-noves-concessions-dautobus-de-larea-metropolitana-de-valencia-nord-de-la-foia-de-bunyol-xiva-i-de-montserrat\/\" title=\"La Generalitat licita les noves concessions d&#8217;autob\u00fas de l&#8217;\u00e0rea metropolitana de Val\u00e8ncia Nord, de la Foia de Bunyol-Xiva i de Montserrat\">[+] <\/a><\/div>\n","protected":false},"author":1,"featured_media":176377,"comment_status":"open","ping_status":"open","sticky":false,"template":"","format":"standard","meta":{"footnotes":""},"categories":[10973,10982,10911,10976,10898,10963,10904,10912,10902,10997,10970,11000,11001,11051,11047,10974,10975],"tags":[11094,10914],"class_list":["post-177539","post","type-post","status-publish","format-standard","has-post-thumbnail","category-alborache-ca","category-alfarp-ca","category-bunol-ca","category-dos-aguas-ca","category-ventana-ca","category-la-canal-de-navarres-ca","category-sin-categorizar-ca","category-la-hoya-ca","category-la-ribera-ca","category-llombai-ca","category-millares-ca","category-monserrat-ca","category-montroi-ca","category-real-de-montroi-ca","category-turis-ca","category-cheste-ca","category-chiva-ca","tag-la-canal-de-navarres","tag-la-hoya-de-bunol-chiva-ca"],"_links":{"self":[{"href":"https:\/\/tucomarca.whitekongsoftware.com\/ca\/wp-json\/wp\/v2\/posts\/177539","targetHints":{"allow":["GET"]}}],"collection":[{"href":"https:\/\/tucomarca.whitekongsoftware.com\/ca\/wp-json\/wp\/v2\/posts"}],"about":[{"href":"https:\/\/tucomarca.whitekongsoftware.com\/ca\/wp-json\/wp\/v2\/types\/post"}],"author":[{"embeddable":true,"href":"https:\/\/tucomarca.whitekongsoftware.com\/ca\/wp-json\/wp\/v2\/users\/1"}],"replies":[{"embeddable":true,"href":"https:\/\/tucomarca.whitekongsoftware.com\/ca\/wp-json\/wp\/v2\/comments?post=177539"}],"version-history":[{"count":0,"href":"https:\/\/tucomarca.whitekongsoftware.com\/ca\/wp-json\/wp\/v2\/posts\/177539\/revisions"}],"wp:featuredmedia":[{"embeddable":true,"href":"https:\/\/tucomarca.whitekongsoftware.com\/ca\/wp-json\/wp\/v2\/media\/176377"}],"wp:attachment":[{"href":"https:\/\/tucomarca.whitekongsoftware.com\/ca\/wp-json\/wp\/v2\/media?parent=177539"}],"wp:term":[{"taxonomy":"category","embeddable":true,"href":"https:\/\/tucomarca.whitekongsoftware.com\/ca\/wp-json\/wp\/v2\/categories?post=177539"},{"taxonomy":"post_tag","embeddable":true,"href":"https:\/\/tucomarca.whitekongsoftware.com\/ca\/wp-json\/wp\/v2\/tags?post=177539"}],"curies":[{"name":"wp","href":"https:\/\/api.w.org\/{rel}","templated":true}]}}