{"id":177532,"date":"2023-02-06T09:45:00","date_gmt":"2023-02-06T08:45:00","guid":{"rendered":"https:\/\/www.tucomarca.com\/wordpress\/segunda\/?p=177532"},"modified":"2023-02-06T14:47:17","modified_gmt":"2023-02-06T13:47:17","slug":"el-cd-bunyol-acaricia-els-llocs-de-promocio-despres-de-la-seua-ultima-golejada-al-sa-benaixeve-cf-4-0","status":"publish","type":"post","link":"https:\/\/tucomarca.whitekongsoftware.com\/ca\/el-cd-bunyol-acaricia-els-llocs-de-promocio-despres-de-la-seua-ultima-golejada-al-sa-benaixeve-cf-4-0\/","title":{"rendered":"El CD Bunyol acaricia els llocs de promoci\u00f3 despr\u00e9s de la seua \u00faltima golejada al Sant Antoni de Benaixeve CF (4-0)\u00a0"},"content":{"rendered":"\n<p class=\"wp-block-paragraph\">El CD Bunyol segueix amb pas ferm la seua disparada carrera cap als llocs de promoci\u00f3 gr\u00e0cies a les seues \u00faltimes vict\u00f2ries segellades a m\u00e9s amb golejada. <\/p>\n\n\n\n<p class=\"wp-block-paragraph\">El Sant Antoni de Benaixeve CF ha sigut l&#8217;\u00faltima v\u00edctima dels blancs als quals aquests li han endossat un 4 a 0 en la seua visita al feu del Beltr\u00e1n. <\/p>\n\n\n\n<p class=\"wp-block-paragraph\">Malgrat el bon partit jugat pels locals, no va ser fins pr\u00e0cticament el final de l&#8217;\u00faltima part del xoc quan els blancs van aconseguir obrir la llanda dels gols. El primer d&#8217;ells va ser a c\u00e0rrec de Blas en el minut 65; i quatre minuts despr\u00e9s va ser Albert el que va aconseguir el segon per als locals. El tercer arribaria en el minut 74 per mediaci\u00f3 de Richy; i el quart i \u00faltim de la vesprada l&#8217;anotaria de nou Blas en el minut 85 per a arredonir un marcador d&#8217;una vict\u00f2ria que plena de moral al CD Bunyol per al seu \u00faltim assalt als llocs de cap. <\/p>\n\n\n\n<p class=\"wp-block-paragraph\">Amb aquesta nova vict\u00f2ria (i golejada) consecutiva, el CD Bunyol se situa en el lloc cinqu\u00e9 de la taula amb 39 punts; dos menys que el quart classificat, el CF Recanvis Col\u00f3n; i tres punts menys que el tercer, la UE l&#8217;Alc\u00fadia, que compta amb 42. Amb 43 punts se situa a m\u00e9s el segon classificat del grup segon de la taula de Regional Preferent, el Paiporta CF; mentre que el CD Utiel continua ostentant el lideratge gr\u00e0cies als seus 51 punts. <\/p>\n\n\n\n<p class=\"wp-block-paragraph\">La setmana vinent el CD Bunyol visitar\u00e0 el camp municipal El Canal\u00f3 del Mislata CF, rival situat en el lloc des\u00e9 de la classificaci\u00f3 en virtut dels seus 25 punts.<\/p>\n\n\n\n<figure class=\"wp-block-image size-large\"><img loading=\"lazy\" decoding=\"async\" width=\"1024\" height=\"770\" src=\"http:\/\/www.tucomarca.com\/wordpress\/segunda\/wp-content\/uploads\/2023\/02\/BunolSABenageber2-1024x770.jpg\" alt=\"\" class=\"wp-image-177527\" srcset=\"https:\/\/tucomarca.whitekongsoftware.com\/wp-content\/uploads\/2023\/02\/BunolSABenageber2-1024x770.jpg 1024w, https:\/\/tucomarca.whitekongsoftware.com\/wp-content\/uploads\/2023\/02\/BunolSABenageber2-300x225.jpg 300w, https:\/\/tucomarca.whitekongsoftware.com\/wp-content\/uploads\/2023\/02\/BunolSABenageber2-768x577.jpg 768w, https:\/\/tucomarca.whitekongsoftware.com\/wp-content\/uploads\/2023\/02\/BunolSABenageber2-1536x1154.jpg 1536w, https:\/\/tucomarca.whitekongsoftware.com\/wp-content\/uploads\/2023\/02\/BunolSABenageber2-678x509.jpg 678w, https:\/\/tucomarca.whitekongsoftware.com\/wp-content\/uploads\/2023\/02\/BunolSABenageber2-326x245.jpg 326w, https:\/\/tucomarca.whitekongsoftware.com\/wp-content\/uploads\/2023\/02\/BunolSABenageber2-80x60.jpg 80w, https:\/\/tucomarca.whitekongsoftware.com\/wp-content\/uploads\/2023\/02\/BunolSABenageber2.jpg 2048w\" sizes=\"auto, (max-width: 1024px) 100vw, 1024px\" \/><\/figure>\n","protected":false},"excerpt":{"rendered":"<div class=\"mh-excerpt\">El CD Bunyol segueix amb pas ferm la seua disparada carrera cap als llocs de promoci\u00f3 gr\u00e0cies a les seues \u00faltimes vict\u00f2ries segellades a m\u00e9s amb golejada. El Sant Antoni de Benaixeve CF ha sigut <a class=\"mh-excerpt-more\" href=\"https:\/\/tucomarca.whitekongsoftware.com\/ca\/el-cd-bunyol-acaricia-els-llocs-de-promocio-despres-de-la-seua-ultima-golejada-al-sa-benaixeve-cf-4-0\/\" title=\"El CD Bunyol acaricia els llocs de promoci\u00f3 despr\u00e9s de la seua \u00faltima golejada al Sant Antoni de Benaixeve CF (4-0)\u00a0\">[+] <\/a><\/div>\n","protected":false},"author":1,"featured_media":177530,"comment_status":"open","ping_status":"open","sticky":false,"template":"","format":"standard","meta":{"footnotes":""},"categories":[10911,10892,11015,11003,10912,10934,10896],"tags":[10899,11126,11074,11075,10914,11147],"class_list":["post-177532","post","type-post","status-publish","format-standard","has-post-thumbnail","category-bunol-ca","category-camp-de-turia-ca","category-canal-futbol","category-sports","category-la-hoya-ca","category-san-antonio-de-benageber-ca","category-seccion-ca","tag-camp-de-turia-ca","tag-cd-bunol-ca","tag-deportes-ca","tag-futbol-ca","tag-la-hoya-de-bunol-chiva-ca","tag-san-antoni-de-benageber"],"_links":{"self":[{"href":"https:\/\/tucomarca.whitekongsoftware.com\/ca\/wp-json\/wp\/v2\/posts\/177532","targetHints":{"allow":["GET"]}}],"collection":[{"href":"https:\/\/tucomarca.whitekongsoftware.com\/ca\/wp-json\/wp\/v2\/posts"}],"about":[{"href":"https:\/\/tucomarca.whitekongsoftware.com\/ca\/wp-json\/wp\/v2\/types\/post"}],"author":[{"embeddable":true,"href":"https:\/\/tucomarca.whitekongsoftware.com\/ca\/wp-json\/wp\/v2\/users\/1"}],"replies":[{"embeddable":true,"href":"https:\/\/tucomarca.whitekongsoftware.com\/ca\/wp-json\/wp\/v2\/comments?post=177532"}],"version-history":[{"count":0,"href":"https:\/\/tucomarca.whitekongsoftware.com\/ca\/wp-json\/wp\/v2\/posts\/177532\/revisions"}],"wp:featuredmedia":[{"embeddable":true,"href":"https:\/\/tucomarca.whitekongsoftware.com\/ca\/wp-json\/wp\/v2\/media\/177530"}],"wp:attachment":[{"href":"https:\/\/tucomarca.whitekongsoftware.com\/ca\/wp-json\/wp\/v2\/media?parent=177532"}],"wp:term":[{"taxonomy":"category","embeddable":true,"href":"https:\/\/tucomarca.whitekongsoftware.com\/ca\/wp-json\/wp\/v2\/categories?post=177532"},{"taxonomy":"post_tag","embeddable":true,"href":"https:\/\/tucomarca.whitekongsoftware.com\/ca\/wp-json\/wp\/v2\/tags?post=177532"}],"curies":[{"name":"wp","href":"https:\/\/api.w.org\/{rel}","templated":true}]}}