{"id":177522,"date":"2023-02-06T12:00:00","date_gmt":"2023-02-06T11:00:00","guid":{"rendered":"https:\/\/www.tucomarca.com\/wordpress\/segunda\/?p=177522"},"modified":"2023-02-06T13:23:38","modified_gmt":"2023-02-06T12:23:38","slug":"lequip-de-govern-socialista-de-requena-construeix-una-rampa-per-als-vianants-per-a-accedir-a-bassa-de-moros","status":"publish","type":"post","link":"https:\/\/tucomarca.whitekongsoftware.com\/ca\/lequip-de-govern-socialista-de-requena-construeix-una-rampa-per-als-vianants-per-a-accedir-a-bassa-de-moros\/","title":{"rendered":"L&#8217;equip de govern socialista de Requena construeix una rampa per als vianants per a accedir a Bassa de Moros"},"content":{"rendered":"\n<p class=\"wp-block-paragraph\">L&#8217;equip de govern socialista de l&#8217;Ajuntament de Requena &#8220;comen\u00e7ar\u00e0 en breu les obres per a la construcci\u00f3 d&#8217;una rampa per als vianants per a accedir a la zona de Bassa de Moros. En concret, la rampa per als vianants, que compta amb un pressupost de 126.557,49 euros, comunicar\u00e0 el Carrer Tel\u00e8grafs amb l&#8217;Avinguda Constituci\u00f3, amb la finalitat de facilitar l&#8217;accessibilitat i la connexi\u00f3 entre tots dos carrers i complementar d&#8217;aquesta manera l&#8217;enlla\u00e7 actual entre les dues vies que es produeix mitjan\u00e7ant una escala met\u00e0l\u00b7lica&#8221;, han afirmat en una nota de premsa emesa pel Partit Socialista de Requena.<br>&#8220;Es mantindr\u00e0 la zona enjardinada a l&#8217;entorn de la rampa, integrant d&#8217;aquesta manera la rampa al jard\u00ed i reduint l&#8217;impacte visual d&#8217;aquesta. Durant aquest mandat, l&#8217;equip de govern socialista ha acabat les obres de millora de la pista esportiva de Bassa de Moros i, en breu, es renovaran les llumin\u00e0ries de la zona&#8221;, agreguen. Informa, <strong>Luis Ib\u00e1\u00f1ez<\/strong>.<\/p>\n","protected":false},"excerpt":{"rendered":"<div class=\"mh-excerpt\">L&#8217;equip de govern socialista de l&#8217;Ajuntament de Requena &#8220;comen\u00e7ar\u00e0 en breu les obres per a la construcci\u00f3 d&#8217;una rampa per als vianants per a accedir a la zona de Bassa de Moros. En concret, la <a class=\"mh-excerpt-more\" href=\"https:\/\/tucomarca.whitekongsoftware.com\/ca\/lequip-de-govern-socialista-de-requena-construeix-una-rampa-per-als-vianants-per-a-accedir-a-bassa-de-moros\/\" title=\"L&#8217;equip de govern socialista de Requena construeix una rampa per als vianants per a accedir a Bassa de Moros\">[+] <\/a><\/div>\n","protected":false},"author":1,"featured_media":177520,"comment_status":"open","ping_status":"open","sticky":false,"template":"","format":"standard","meta":{"footnotes":""},"categories":[10948,10894,10947,10908,10909,10896],"tags":[11099,10910],"class_list":["post-177522","post","type-post","status-publish","format-standard","has-post-thumbnail","category-infraestructuras-ca","category-la-comarca-ca","category-politica","category-requena-ca","category-requena-utiel-ca","category-seccion-ca","tag-requena-ca","tag-requena-utiel-ca"],"_links":{"self":[{"href":"https:\/\/tucomarca.whitekongsoftware.com\/ca\/wp-json\/wp\/v2\/posts\/177522","targetHints":{"allow":["GET"]}}],"collection":[{"href":"https:\/\/tucomarca.whitekongsoftware.com\/ca\/wp-json\/wp\/v2\/posts"}],"about":[{"href":"https:\/\/tucomarca.whitekongsoftware.com\/ca\/wp-json\/wp\/v2\/types\/post"}],"author":[{"embeddable":true,"href":"https:\/\/tucomarca.whitekongsoftware.com\/ca\/wp-json\/wp\/v2\/users\/1"}],"replies":[{"embeddable":true,"href":"https:\/\/tucomarca.whitekongsoftware.com\/ca\/wp-json\/wp\/v2\/comments?post=177522"}],"version-history":[{"count":0,"href":"https:\/\/tucomarca.whitekongsoftware.com\/ca\/wp-json\/wp\/v2\/posts\/177522\/revisions"}],"wp:featuredmedia":[{"embeddable":true,"href":"https:\/\/tucomarca.whitekongsoftware.com\/ca\/wp-json\/wp\/v2\/media\/177520"}],"wp:attachment":[{"href":"https:\/\/tucomarca.whitekongsoftware.com\/ca\/wp-json\/wp\/v2\/media?parent=177522"}],"wp:term":[{"taxonomy":"category","embeddable":true,"href":"https:\/\/tucomarca.whitekongsoftware.com\/ca\/wp-json\/wp\/v2\/categories?post=177522"},{"taxonomy":"post_tag","embeddable":true,"href":"https:\/\/tucomarca.whitekongsoftware.com\/ca\/wp-json\/wp\/v2\/tags?post=177522"}],"curies":[{"name":"wp","href":"https:\/\/api.w.org\/{rel}","templated":true}]}}