{"id":177509,"date":"2023-02-06T10:00:00","date_gmt":"2023-02-06T09:00:00","guid":{"rendered":"https:\/\/www.tucomarca.com\/wordpress\/segunda\/?p=177509"},"modified":"2023-02-06T13:00:58","modified_gmt":"2023-02-06T12:00:58","slug":"riba-roja-adjudica-per-47-milions-deuros-la-parcella-de-la-itv-de-15-833-metres-quadrats-dextensio-i-exigeix-a-la-nova-empresa-a-edificar-la-en-un-termini-maxim-de-4-anys","status":"publish","type":"post","link":"https:\/\/tucomarca.whitekongsoftware.com\/ca\/riba-roja-adjudica-per-47-milions-deuros-la-parcella-de-la-itv-de-15-833-metres-quadrats-dextensio-i-exigeix-a-la-nova-empresa-a-edificar-la-en-un-termini-maxim-de-4-anys\/","title":{"rendered":"Riba-roja adjudica per 4\u20197 milions d&#8217;euros la parcel\u00b7la de la ITV de 15.833 metres quadrats d&#8217;extensi\u00f3 i exigeix a la nova empresa a edificar-la en un termini m\u00e0xim de 4 anys\u00a0"},"content":{"rendered":"\n<h4 class=\"wp-block-heading\">El ple municipal rubrica la venda dels terrenys municipals a una mercantil privada despr\u00e9s de v\u00e9ncer el conveni que es va signar l&#8217;any 1988 per a albergar el servei de la Inspecci\u00f3 de vehicles&nbsp;<\/h4>\n\n\n\n<p class=\"wp-block-paragraph\">El ple de l&#8217;Ajuntament de Riba-roja de T\u00faria ha aprovat l&#8217;adjudicaci\u00f3 d&#8217;una parcel\u00b7la de 15.833 metres quadrats de titularitat municipal situada en el pol\u00edgon El Oliveral per un import de 4\u20197 milions d&#8217;euros. La parcel\u00b7la alienada alberga, actualment, el servei de la Inspecci\u00f3 T\u00e8cnica de Vehicles (ITV) en virtut de l&#8217;acord que l&#8217;any 1988 es va signar entre l&#8217;ajuntament i la Generalitat Valenciana.&nbsp;<\/p>\n\n\n\n<p class=\"wp-block-paragraph\">El ple municipal del passat mes de maig de 2022 va adoptar l&#8217;acord de no prorrogar la cessi\u00f3 dels terrenys a l&#8217;administraci\u00f3 auton\u00f2mica dels terrenys de la ITV i obliga al desmantellament de les instal\u00b7lacions amb un termini m\u00e0xim fixat el pr\u00f2xim 31 de mar\u00e7 de 2024. L&#8217;acord de l&#8217;alienaci\u00f3 afavorida pel govern del PSPV ha comptat amb el suport, a m\u00e9s, de Comprom\u00eds, Ciutadans i l\u2019Esquerra i l&#8217;abstenci\u00f3 del Partit Popular, Vox i Podem Riba-roja Pot.&nbsp;<\/p>\n\n\n\n<p class=\"wp-block-paragraph\">L&#8217;acord de cessi\u00f3 dels terrenys va ser rubricat entre totes dues parts \u2013Ajuntament de Riba-roja de T\u00faria i Seguretat i Promoci\u00f3 Industrial (Sepiva)- al maig de 1988 i en ell s&#8217;establia una vig\u00e8ncia de 33 anys per un b\u00e9 de propietat municipal qualificat com a s\u00f2l urb\u00e0 industrial edificable, segons la nomenclatura de la refer\u00e8ncia cadastral. L&#8217;ajuntament ha oferit a la Generalitat Valenciana altres terrenys en una zona industrial per a continuar amb la prestaci\u00f3 d&#8217;aquest servei.&nbsp;<\/p>\n\n\n\n<p class=\"wp-block-paragraph\">El plec de condicions elaborat per a la venda dels terrenys establia l&#8217;obligaci\u00f3 del futur adjudicatari d&#8217;edificar la parcel\u00b7la en un m\u00e0xim de 4 anys amb l&#8217;objectiu principal d&#8217;evitar qualsevol possible especulaci\u00f3 urban\u00edstica. D&#8217;aquesta manera, el nou propietari dels terrenys haur\u00e0 de realitzar una actuaci\u00f3 en la parcel\u00b7la per a adaptar-la a l&#8217;activitat econ\u00f2mica que el mateix puga dur a terme en el futur en el termini de temps fixat en el conveni.&nbsp;<\/p>\n\n\n\n<p class=\"wp-block-paragraph\">Cal recordar que els 33 anys previstos en el conveni per a la finalitzaci\u00f3 de la cessi\u00f3 dels terrenys van concloure el passat 20 de maig de 2021, si b\u00e9 el termini per al desmantellament es va ampliar fins al pr\u00f2xim 31 de mar\u00e7 de 2024 despr\u00e9s de la sol\u00b7licitud de l&#8217;Institut Valenci\u00e0 de Competitivitat Empresarial (IVACE), si b\u00e9 la Generalitat sol\u00b7licitava un termini major consistent en altres quatre anys m\u00e9s, \u00e9s a dir, fins a maig de l&#8217;exercici de 2025.&nbsp;<\/p>\n\n\n\n<p class=\"wp-block-paragraph\">La negativa a ampliar el conveni de cessi\u00f3 dels terrenys de la ITV est\u00e0 basada en diversos informes municipals en els quals es defensa la decisi\u00f3 a la vista de la conjuntura econ\u00f2mica actual, amb un increment de l&#8217;activitat en els pol\u00edgons industrials de Riba-roja de T\u00faria, tant en la construcci\u00f3 de les naus com en els instruments de qualitat ambiental, d&#8217;acord amb les estad\u00edstiques com les sol\u00b7licituds d&#8217;obres i activitats, aix\u00ed com la densitat del tr\u00e0nsit rodat.&nbsp;<\/p>\n\n\n\n<p class=\"wp-block-paragraph\">L&#8217;equip de govern de Riba-roja de T\u00faria defensa, a m\u00e9s, aquesta mesura en la necessitat de regular el mercat del s\u00f2l mitjan\u00e7ant la venda de parcel\u00b7les en s\u00f2l industrial que permeten la implantaci\u00f3 de noves empreses i la creaci\u00f3 de llocs de treball amb la citada parcel\u00b7la urbana per a \u00fas industrial i terciari en el Oliveral. Un altre informe de la Prefectura de la Policia Local arg\u00fceix el trasllat de la ITV \u201ca una zona on es donen unes condicions m\u00e9s concordes que garantisquen una \u00f2ptima seguretat vi\u00e0ria als conductors i als altres usuaris de la via\u201d.&nbsp;<\/p>\n\n\n\n<p class=\"wp-block-paragraph\">L&#8217;empresa adjudicat\u00e0ria dels terrenys est\u00e0 alineada amb alguns Objectius de Desenvolupament Sostenible (ODS) com la garantia d&#8217;accedir a una energia assequible, segura, sostenible i moderna, construir infraestructures basades en la resili\u00e8ncia, promoure la industrialitzaci\u00f3 sostenible i fomentar la innovaci\u00f3 i, finalment, es compromet a l&#8217;adopci\u00f3 de les mesures urgents per a combatre el canvi clim\u00e0tic i els seus efectes.&nbsp;<\/p>\n\n\n\n<p class=\"wp-block-paragraph\">El Departament de Foment Econ\u00f2mic de l&#8217;Ajuntament de Riba-roja de T\u00faria defensa la recuperaci\u00f3 \u201cnecess\u00e0ria\u201d i \u201cconvenient\u201d del citat immoble situat en ple pol\u00edgon industrial del Oliveral, al costat de les principals vies de comunicaci\u00f3 com l&#8217;AP7 i la Nacional III, en constatar-se la falta de parcel\u00b7les destinades a un \u00fas industrial o de la log\u00edstica. D&#8217;aquesta manera, l&#8217;ajuntament considera que els terrenys es podrien destinar, principalment, a empreses \u201cpioneres en tecnologia i innovaci\u00f3 que puguen generar ocupaci\u00f3 de qualitat i riquesa en la localitat\u201d.&nbsp;<\/p>\n\n\n\n<p class=\"wp-block-paragraph\">L&#8217;alcalde de Riba-roja de T\u00faria, Robert Raga, ha subratllat que es tracta d&#8217;una operaci\u00f3 urban\u00edstica \u201chist\u00f2rica per al nostre municipi que permet la venda d&#8217;una parcel\u00b7la per un preu raonable que redundar\u00e0 en el benefici general, amb la creaci\u00f3 d&#8217;ocupaci\u00f3 i riquesa, les arques municipals ingressen 4\u20197 milions d&#8217;euros i, al mateix temps, potenciem la innovaci\u00f3 i la competitivitat de les empreses situades en els pol\u00edgons; cal remarcar, tamb\u00e9, que el servei de la ITV continuar\u00e0 en altres terrenys que s&#8217;han oferit a l&#8217;IVACE\u201d.<\/p>\n\n\n\n<p class=\"wp-block-paragraph\"><\/p>\n","protected":false},"excerpt":{"rendered":"<div class=\"mh-excerpt\">El ple municipal rubrica la venda dels terrenys municipals a una mercantil privada despr\u00e9s de v\u00e9ncer el conveni que es va signar l&#8217;any 1988 per a albergar el servei de la Inspecci\u00f3 de vehicles&nbsp; El <a class=\"mh-excerpt-more\" href=\"https:\/\/tucomarca.whitekongsoftware.com\/ca\/riba-roja-adjudica-per-47-milions-deuros-la-parcella-de-la-itv-de-15-833-metres-quadrats-dextensio-i-exigeix-a-la-nova-empresa-a-edificar-la-en-un-termini-maxim-de-4-anys\/\" title=\"Riba-roja adjudica per 4\u20197 milions d&#8217;euros la parcel\u00b7la de la ITV de 15.833 metres quadrats d&#8217;extensi\u00f3 i exigeix a la nova empresa a edificar-la en un termini m\u00e0xim de 4 anys\u00a0\">[+] <\/a><\/div>\n","protected":false},"author":12,"featured_media":177506,"comment_status":"open","ping_status":"open","sticky":false,"template":"","format":"standard","meta":{"footnotes":""},"categories":[10892,10948,10894,10947,10906,10896],"tags":[10899,11723,15024],"class_list":["post-177509","post","type-post","status-publish","format-standard","has-post-thumbnail","category-camp-de-turia-ca","category-infraestructuras-ca","category-la-comarca-ca","category-politica","category-riba-roja-ca","category-seccion-ca","tag-camp-de-turia-ca","tag-itv-ca","tag-riba-roja-de-turia-ca"],"_links":{"self":[{"href":"https:\/\/tucomarca.whitekongsoftware.com\/ca\/wp-json\/wp\/v2\/posts\/177509","targetHints":{"allow":["GET"]}}],"collection":[{"href":"https:\/\/tucomarca.whitekongsoftware.com\/ca\/wp-json\/wp\/v2\/posts"}],"about":[{"href":"https:\/\/tucomarca.whitekongsoftware.com\/ca\/wp-json\/wp\/v2\/types\/post"}],"author":[{"embeddable":true,"href":"https:\/\/tucomarca.whitekongsoftware.com\/ca\/wp-json\/wp\/v2\/users\/12"}],"replies":[{"embeddable":true,"href":"https:\/\/tucomarca.whitekongsoftware.com\/ca\/wp-json\/wp\/v2\/comments?post=177509"}],"version-history":[{"count":0,"href":"https:\/\/tucomarca.whitekongsoftware.com\/ca\/wp-json\/wp\/v2\/posts\/177509\/revisions"}],"wp:featuredmedia":[{"embeddable":true,"href":"https:\/\/tucomarca.whitekongsoftware.com\/ca\/wp-json\/wp\/v2\/media\/177506"}],"wp:attachment":[{"href":"https:\/\/tucomarca.whitekongsoftware.com\/ca\/wp-json\/wp\/v2\/media?parent=177509"}],"wp:term":[{"taxonomy":"category","embeddable":true,"href":"https:\/\/tucomarca.whitekongsoftware.com\/ca\/wp-json\/wp\/v2\/categories?post=177509"},{"taxonomy":"post_tag","embeddable":true,"href":"https:\/\/tucomarca.whitekongsoftware.com\/ca\/wp-json\/wp\/v2\/tags?post=177509"}],"curies":[{"name":"wp","href":"https:\/\/api.w.org\/{rel}","templated":true}]}}