{"id":177490,"date":"2023-02-06T10:00:00","date_gmt":"2023-02-06T09:00:00","guid":{"rendered":"https:\/\/www.tucomarca.com\/wordpress\/segunda\/?p=177490"},"modified":"2023-02-06T11:41:41","modified_gmt":"2023-02-06T10:41:41","slug":"el-pp-de-requena-critica-al-govern-de-mario-sanchez-no-haver-complit-la-seua-promesa-de-rehabilitar-el-teatre-principal","status":"publish","type":"post","link":"https:\/\/tucomarca.whitekongsoftware.com\/ca\/el-pp-de-requena-critica-al-govern-de-mario-sanchez-no-haver-complit-la-seua-promesa-de-rehabilitar-el-teatre-principal\/","title":{"rendered":"El PP de Requena critica al govern de Mario S\u00e1nchez &#8220;no haver complit la seua promesa de rehabilitar el teatre Principal&#8221;"},"content":{"rendered":"\n<p class=\"wp-block-paragraph\">El Partit Popular de Requena denuncia, una vegada m\u00e9s, &#8220;la falta de paraula i comprom\u00eds de l&#8217;alcalde Mario S\u00e1nchez i del seu equip de govern, els qui van oferir un programa electoral molt per damunt de les seues possibilitats i \u00e9s ara a la fi de la legislatura quan es pot mostrar clarament l&#8217;engany amb el qual mitjan\u00e7ant els seus compromisos van arribar a una majoria absoluta que no ha servit per a res. Prometien la rehabilitaci\u00f3 del teatre Principal, aix\u00ed com intervencions en el teatre de Sant Antoni&#8221;.\u00a0<br>&#8220;El teatre Principal segueix sense la seua rehabilitaci\u00f3 i sense que s&#8217;hagen substitu\u00eft les butaques ni molt menys s&#8217;haja instal\u00b7lat o previst un sistema de climatitzaci\u00f3. Alguna cosa que prev\u00e9iem que fora aix\u00ed en les passades eleccions, i que en 2023 es veu clarament com un altre gran incompliment m\u00e9s al qual ens t\u00e9 acostumat aquest govern i les intervencions en el de Sant Antoni, segueixen igual&#8221;, recalquen els populars. Informa, <strong>Luis Ib\u00e1\u00f1ez<\/strong>.<\/p>\n","protected":false},"excerpt":{"rendered":"<div class=\"mh-excerpt\">El Partit Popular de Requena denuncia, una vegada m\u00e9s, &#8220;la falta de paraula i comprom\u00eds de l&#8217;alcalde Mario S\u00e1nchez i del seu equip de govern, els qui van oferir un programa electoral molt per damunt <a class=\"mh-excerpt-more\" href=\"https:\/\/tucomarca.whitekongsoftware.com\/ca\/el-pp-de-requena-critica-al-govern-de-mario-sanchez-no-haver-complit-la-seua-promesa-de-rehabilitar-el-teatre-principal\/\" title=\"El PP de Requena critica al govern de Mario S\u00e1nchez &#8220;no haver complit la seua promesa de rehabilitar el teatre Principal&#8221;\">[+] <\/a><\/div>\n","protected":false},"author":1,"featured_media":174619,"comment_status":"open","ping_status":"open","sticky":false,"template":"","format":"standard","meta":{"footnotes":""},"categories":[10948,10894,10947,10908,10909,10896],"tags":[11978,11099,10910],"class_list":["post-177490","post","type-post","status-publish","format-standard","has-post-thumbnail","category-infraestructuras-ca","category-la-comarca-ca","category-politica","category-requena-ca","category-requena-utiel-ca","category-seccion-ca","tag-partido-popular-ca","tag-requena-ca","tag-requena-utiel-ca"],"_links":{"self":[{"href":"https:\/\/tucomarca.whitekongsoftware.com\/ca\/wp-json\/wp\/v2\/posts\/177490","targetHints":{"allow":["GET"]}}],"collection":[{"href":"https:\/\/tucomarca.whitekongsoftware.com\/ca\/wp-json\/wp\/v2\/posts"}],"about":[{"href":"https:\/\/tucomarca.whitekongsoftware.com\/ca\/wp-json\/wp\/v2\/types\/post"}],"author":[{"embeddable":true,"href":"https:\/\/tucomarca.whitekongsoftware.com\/ca\/wp-json\/wp\/v2\/users\/1"}],"replies":[{"embeddable":true,"href":"https:\/\/tucomarca.whitekongsoftware.com\/ca\/wp-json\/wp\/v2\/comments?post=177490"}],"version-history":[{"count":0,"href":"https:\/\/tucomarca.whitekongsoftware.com\/ca\/wp-json\/wp\/v2\/posts\/177490\/revisions"}],"wp:featuredmedia":[{"embeddable":true,"href":"https:\/\/tucomarca.whitekongsoftware.com\/ca\/wp-json\/wp\/v2\/media\/174619"}],"wp:attachment":[{"href":"https:\/\/tucomarca.whitekongsoftware.com\/ca\/wp-json\/wp\/v2\/media?parent=177490"}],"wp:term":[{"taxonomy":"category","embeddable":true,"href":"https:\/\/tucomarca.whitekongsoftware.com\/ca\/wp-json\/wp\/v2\/categories?post=177490"},{"taxonomy":"post_tag","embeddable":true,"href":"https:\/\/tucomarca.whitekongsoftware.com\/ca\/wp-json\/wp\/v2\/tags?post=177490"}],"curies":[{"name":"wp","href":"https:\/\/api.w.org\/{rel}","templated":true}]}}