{"id":177408,"date":"2023-02-03T08:00:00","date_gmt":"2023-02-03T07:00:00","guid":{"rendered":"https:\/\/www.tucomarca.com\/wordpress\/segunda\/?p=177408"},"modified":"2023-02-03T13:16:51","modified_gmt":"2023-02-03T12:16:51","slug":"la-unio-reclama-ajudes-directes-per-als-productors-dametla-com-han-aprovat-ja-altres-comunitats-autonomes-i-un-pla-ambicios-de-reestructuracio","status":"publish","type":"post","link":"https:\/\/tucomarca.whitekongsoftware.com\/ca\/la-unio-reclama-ajudes-directes-per-als-productors-dametla-com-han-aprovat-ja-altres-comunitats-autonomes-i-un-pla-ambicios-de-reestructuracio\/","title":{"rendered":"La Uni\u00f3 reclama ajudes directes per als productors d&#8217;ametla com han aprovat ja altres comunitats aut\u00f2nomes i un pla ambici\u00f3s de reestructuraci\u00f3"},"content":{"rendered":"\n<p class=\"wp-block-paragraph\">La Uni\u00f3 Llauradora den\u00fancia &#8220;la falta de resposta de la Conselleria d&#8217;Agricultura a les m\u00faltiples propostes presentades pel sector de l&#8217;ametla de la Comunitat Valenciana al llarg dels \u00faltims mesos, a causa de la dif\u00edcil situaci\u00f3 per la qual travessen els productors despr\u00e9s d&#8217;una nefasta campanya i una pujada de costos de producci\u00f3 sense precedents.<br>Un total de 20 escrits s&#8217;han registrat davant la Conselleria d&#8217;Agricultura des de 2020 amb peticions per al sector de fruita seca, 11 d&#8217;ells l&#8217;any passat, i que comptaven amb 34 propostes diferents. Malgrat aquest al\u00b7luvi\u00f3 d&#8217;informaci\u00f3, poc o res s&#8217;ha avan\u00e7at&#8221;.<br>La Conselleria d&#8217;Agricultura segueix &#8220;sense concedir ajudes directes als agricultors valencians per a compensar les p\u00e8rdues en la producci\u00f3 -m\u00e9s del 70% de reducci\u00f3 de collita en el nostre territori-, igual que han fet ja altres Governs auton\u00f2mics com Arag\u00f3, Catalunya o M\u00farcia. Es tractaria d&#8217;alleujar de manera immediata la situaci\u00f3 econ\u00f2mica dels productors a conseq\u00fc\u00e8ncia de la nefasta campanya d&#8217;enguany on les inclem\u00e8ncies meteorol\u00f2giques han deixat pr\u00e0cticament sense collita la major part de les explotacions.<br>Agricultura continua tamb\u00e9 sense presentar un pla de reestructuraci\u00f3 per al sector de fruita seca, tal com li han sol\u00b7licitat la Uni\u00f3 Llauradora i els integrants del Grup de Treball Auton\u00f2mic de Fruita seca a fi d&#8217;aconseguir la viabilitat d&#8217;aquests cultius, principalment el d&#8217;ametles en la Comunitat Valenciana&#8221; afirmen des de l&#8217;organitzaci\u00f3 agr\u00e0ria. Informa, <strong>Luis Ib\u00e1\u00f1ez<\/strong>.<\/p>\n\n\n\n<p class=\"wp-block-paragraph\">.<\/p>\n","protected":false},"excerpt":{"rendered":"<div class=\"mh-excerpt\">La Uni\u00f3 Llauradora den\u00fancia &#8220;la falta de resposta de la Conselleria d&#8217;Agricultura a les m\u00faltiples propostes presentades pel sector de l&#8217;ametla de la Comunitat Valenciana al llarg dels \u00faltims mesos, a causa de la dif\u00edcil <a class=\"mh-excerpt-more\" href=\"https:\/\/tucomarca.whitekongsoftware.com\/ca\/la-unio-reclama-ajudes-directes-per-als-productors-dametla-com-han-aprovat-ja-altres-comunitats-autonomes-i-un-pla-ambicios-de-reestructuracio\/\" title=\"La Uni\u00f3 reclama ajudes directes per als productors d&#8217;ametla com han aprovat ja altres comunitats aut\u00f2nomes i un pla ambici\u00f3s de reestructuraci\u00f3\">[+] <\/a><\/div>\n","protected":false},"author":1,"featured_media":119350,"comment_status":"open","ping_status":"open","sticky":false,"template":"","format":"standard","meta":{"footnotes":""},"categories":[10890,10905,10951,10892,11046,10898,10948,10894,10904,10912,10947,10909,10896],"tags":[11309,14144,10899,10914,10910],"class_list":["post-177408","post","type-post","status-publish","format-standard","has-post-thumbnail","category-ademus","category-agricultura-la-comarca-ca","category-ayora-cofrentes-ca","category-camp-de-turia-ca","category-los-serranos-ca","category-ventana-ca","category-infraestructuras-ca","category-la-comarca-ca","category-sin-categorizar-ca","category-la-hoya-ca","category-politica","category-requena-utiel-ca","category-seccion-ca","tag-agricultura-ca","tag-almendros-ca","tag-camp-de-turia-ca","tag-la-hoya-de-bunol-chiva-ca","tag-requena-utiel-ca"],"_links":{"self":[{"href":"https:\/\/tucomarca.whitekongsoftware.com\/ca\/wp-json\/wp\/v2\/posts\/177408","targetHints":{"allow":["GET"]}}],"collection":[{"href":"https:\/\/tucomarca.whitekongsoftware.com\/ca\/wp-json\/wp\/v2\/posts"}],"about":[{"href":"https:\/\/tucomarca.whitekongsoftware.com\/ca\/wp-json\/wp\/v2\/types\/post"}],"author":[{"embeddable":true,"href":"https:\/\/tucomarca.whitekongsoftware.com\/ca\/wp-json\/wp\/v2\/users\/1"}],"replies":[{"embeddable":true,"href":"https:\/\/tucomarca.whitekongsoftware.com\/ca\/wp-json\/wp\/v2\/comments?post=177408"}],"version-history":[{"count":0,"href":"https:\/\/tucomarca.whitekongsoftware.com\/ca\/wp-json\/wp\/v2\/posts\/177408\/revisions"}],"wp:featuredmedia":[{"embeddable":true,"href":"https:\/\/tucomarca.whitekongsoftware.com\/ca\/wp-json\/wp\/v2\/media\/119350"}],"wp:attachment":[{"href":"https:\/\/tucomarca.whitekongsoftware.com\/ca\/wp-json\/wp\/v2\/media?parent=177408"}],"wp:term":[{"taxonomy":"category","embeddable":true,"href":"https:\/\/tucomarca.whitekongsoftware.com\/ca\/wp-json\/wp\/v2\/categories?post=177408"},{"taxonomy":"post_tag","embeddable":true,"href":"https:\/\/tucomarca.whitekongsoftware.com\/ca\/wp-json\/wp\/v2\/tags?post=177408"}],"curies":[{"name":"wp","href":"https:\/\/api.w.org\/{rel}","templated":true}]}}