{"id":177399,"date":"2023-02-03T09:00:00","date_gmt":"2023-02-03T08:00:00","guid":{"rendered":"https:\/\/www.tucomarca.com\/wordpress\/segunda\/?p=177399"},"modified":"2023-02-03T14:08:07","modified_gmt":"2023-02-03T13:08:07","slug":"placeta-del-marques-de-turis-presenta-aquest-cap-de-setmana-a-les-seues-falleres-majors-maria-ibanez-filiberto-i-maria-guaita-fons","status":"publish","type":"post","link":"https:\/\/tucomarca.whitekongsoftware.com\/ca\/placeta-del-marques-de-turis-presenta-aquest-cap-de-setmana-a-les-seues-falleres-majors-maria-ibanez-filiberto-i-maria-guaita-fons\/","title":{"rendered":"Placeta del Marqu\u00e9s de Tur\u00eds presenta aquest cap de setmana a les seues Falleres Majors: Mar\u00eda Ib\u00e1\u00f1ez Filiberto i Mar\u00eda Guaita Fons"},"content":{"rendered":"\n<p class=\"wp-block-paragraph\">Aquest cap de setmana est\u00e0 prevista, en l&#8217;incomparable marc del Teatre Ideal de Tur\u00eds, l&#8217;exaltaci\u00f3 de les falleres majors de la comissi\u00f3 Placeta del Marqu\u00e9s, que ha celebrat en 2022 el seu 50 Aniversari. El dissabte, a partir de les 18,00 hores, est\u00e0 prevista la posada de llarg de Mar\u00eda Ib\u00e1\u00f1ez Filiberto, mentre que el diumenge, tamb\u00e9 a les 18,00 hores, ser\u00e0 el torn de la xiqueta Mar\u00eda Guaita Fons. En totes dues exaltacions acompanyades pel President Infantil, Andr\u00e9s Hern\u00e1ndez Sancho i el President, V\u00edctor Montero Iranzo. tamb\u00e9 es donaran a con\u00e9ixer les corts d&#8217;honor que acompanyaran a les falleres durant aquest 2023.<\/p>\n\n\n\n<p class=\"wp-block-paragraph\">La presentaci\u00f3 de l&#8217;acte d&#8217;exaltaci\u00f3 de Mar\u00eda Ib\u00e1\u00f1ez correr\u00e0 a compte de Laura Filiberto i Octavio Algarra, actuant com a mantenidora, Consuelo Filiberto. En l&#8217;exaltaci\u00f3 de Mar\u00eda Guaita actuaran com a presentadors, Rafa Vicente i Diana Vicente, com a mantenidors Borja Guaita i Ana Mar\u00eda Genov\u00e9s.<\/p>\n\n\n\n<p class=\"wp-block-paragraph\">La m\u00e0xima representaci\u00f3 de Placeta del Marqu\u00e9s, que ja el t\u00e9 tot preparat al costat de les seues fam\u00edlies i a la seua comissi\u00f3 per a viure les falles turisanas.<\/p>\n\n\n\n<p class=\"wp-block-paragraph\"><\/p>\n","protected":false},"excerpt":{"rendered":"<div class=\"mh-excerpt\">Aquest cap de setmana est\u00e0 prevista, en l&#8217;incomparable marc del Teatre Ideal de Tur\u00eds, l&#8217;exaltaci\u00f3 de les falleres majors de la comissi\u00f3 Placeta del Marqu\u00e9s, que ha celebrat en 2022 el seu 50 Aniversari. El <a class=\"mh-excerpt-more\" href=\"https:\/\/tucomarca.whitekongsoftware.com\/ca\/placeta-del-marques-de-turis-presenta-aquest-cap-de-setmana-a-les-seues-falleres-majors-maria-ibanez-filiberto-i-maria-guaita-fons\/\" title=\"Placeta del Marqu\u00e9s de Tur\u00eds presenta aquest cap de setmana a les seues Falleres Majors: Mar\u00eda Ib\u00e1\u00f1ez Filiberto i Mar\u00eda Guaita Fons\">[+] <\/a><\/div>\n","protected":false},"author":12,"featured_media":177397,"comment_status":"open","ping_status":"open","sticky":false,"template":"","format":"standard","meta":{"footnotes":""},"categories":[11019,10894,10902,11007,10896,11047],"tags":[14841,11356,11093],"class_list":["post-177399","post","type-post","status-publish","format-standard","has-post-thumbnail","category-agenda-ca","category-la-comarca-ca","category-la-ribera-ca","category-ocio-y-cultura-ca","category-seccion-ca","category-turis-ca","tag-falla-placeta-del-marques-ca","tag-ribera-alta-ca","tag-turis-ca"],"_links":{"self":[{"href":"https:\/\/tucomarca.whitekongsoftware.com\/ca\/wp-json\/wp\/v2\/posts\/177399","targetHints":{"allow":["GET"]}}],"collection":[{"href":"https:\/\/tucomarca.whitekongsoftware.com\/ca\/wp-json\/wp\/v2\/posts"}],"about":[{"href":"https:\/\/tucomarca.whitekongsoftware.com\/ca\/wp-json\/wp\/v2\/types\/post"}],"author":[{"embeddable":true,"href":"https:\/\/tucomarca.whitekongsoftware.com\/ca\/wp-json\/wp\/v2\/users\/12"}],"replies":[{"embeddable":true,"href":"https:\/\/tucomarca.whitekongsoftware.com\/ca\/wp-json\/wp\/v2\/comments?post=177399"}],"version-history":[{"count":0,"href":"https:\/\/tucomarca.whitekongsoftware.com\/ca\/wp-json\/wp\/v2\/posts\/177399\/revisions"}],"wp:featuredmedia":[{"embeddable":true,"href":"https:\/\/tucomarca.whitekongsoftware.com\/ca\/wp-json\/wp\/v2\/media\/177397"}],"wp:attachment":[{"href":"https:\/\/tucomarca.whitekongsoftware.com\/ca\/wp-json\/wp\/v2\/media?parent=177399"}],"wp:term":[{"taxonomy":"category","embeddable":true,"href":"https:\/\/tucomarca.whitekongsoftware.com\/ca\/wp-json\/wp\/v2\/categories?post=177399"},{"taxonomy":"post_tag","embeddable":true,"href":"https:\/\/tucomarca.whitekongsoftware.com\/ca\/wp-json\/wp\/v2\/tags?post=177399"}],"curies":[{"name":"wp","href":"https:\/\/api.w.org\/{rel}","templated":true}]}}