{"id":177338,"date":"2023-02-02T10:00:00","date_gmt":"2023-02-02T09:00:00","guid":{"rendered":"https:\/\/www.tucomarca.com\/wordpress\/segunda\/?p=177338"},"modified":"2023-02-02T19:15:21","modified_gmt":"2023-02-02T18:15:21","slug":"la-diputacio-publica-el-llibre-el-moviment-obrer-en-la-foia-de-bunyol-xiva-1872-1976","status":"publish","type":"post","link":"https:\/\/tucomarca.whitekongsoftware.com\/ca\/la-diputacio-publica-el-llibre-el-moviment-obrer-en-la-foia-de-bunyol-xiva-1872-1976\/","title":{"rendered":"La Diputaci\u00f3 publica el llibre \u2018El moviment obrer en la Foia de Bunyol-Xiva (1872-1976)\u2019"},"content":{"rendered":"\n<p class=\"wp-block-paragraph\">Bunyol ha acollit la presentaci\u00f3 de l&#8217;obra de l&#8217;autor Federico Verdet, que ha sigut publicada per l&#8217;\u00e0rea provincial de Cultura dins de la col\u00b7lecci\u00f3 \u2018Bocins\u2019<\/p>\n\n\n\n<p class=\"wp-block-paragraph\">La sala de Cultura El Mercat de Bunyol ha acollit la presentaci\u00f3 del llibre \u2018El moviment obrer en la Foia de Bunyol-Xiva, (1872-1976)\u2019, obra de Federico Verdet publicada per l&#8217;\u00e0rea de Cultura de la Diputaci\u00f3 de Val\u00e8ncia dins de la col\u00b7lecci\u00f3 \u2018Bocins\u2019.&nbsp;<\/p>\n\n\n\n<p class=\"wp-block-paragraph\">L&#8217;acte va comptar amb la benvinguda del diputat de Cultura, Xavier Rius, l&#8217;alcaldessa de Bunyol, Jonquera Carrascosa, i la presentaci\u00f3 d&#8217;Andreu Gin\u00e9s. Rius va recordar que \u2018Bocins\u2019 \u00e9s una proposta divulgativa de la hist\u00f2ria local i de personatges rellevants valencians que troben en aquesta col\u00b7lecci\u00f3 el seu espai editorial per l&#8217;especificitat de la seua tem\u00e0tica.<\/p>\n\n\n\n<p class=\"wp-block-paragraph\">El llibre fa un recorregut detallat entorn de la hist\u00f2ria social i pol\u00edtica d&#8217;una comarca, amb una pres\u00e8ncia significativa i sempre molt activa del moviment obrer, la influ\u00e8ncia de sindicats i partits pol\u00edtics en d\u00e8cades convulses, i les lluites dels moviments obrers per a aconseguir millores per als treballadors i treballadores.<\/p>\n\n\n\n<p class=\"wp-block-paragraph\">El llibre \u00e9s l&#8217;exemple palpable d&#8217;una excel\u00b7lent i exhaustiva investigaci\u00f3, poble a poble, del recorregut que va tindre el moviment-obrer en la Foia de Bunyol-Xiva des de ben entrat el segle XIX fins a la desaparici\u00f3 de la dictadura franquista, tot aix\u00f2 presentat amb un llenguatge clar i am\u00e9 que far\u00e0 gaudir als lectors.<\/p>\n\n\n\n<p class=\"wp-block-paragraph\"><\/p>\n","protected":false},"excerpt":{"rendered":"<div class=\"mh-excerpt\">Bunyol ha acollit la presentaci\u00f3 de l&#8217;obra de l&#8217;autor Federico Verdet, que ha sigut publicada per l&#8217;\u00e0rea provincial de Cultura dins de la col\u00b7lecci\u00f3 \u2018Bocins\u2019 La sala de Cultura El Mercat de Bunyol ha acollit <a class=\"mh-excerpt-more\" href=\"https:\/\/tucomarca.whitekongsoftware.com\/ca\/la-diputacio-publica-el-llibre-el-moviment-obrer-en-la-foia-de-bunyol-xiva-1872-1976\/\" title=\"La Diputaci\u00f3 publica el llibre \u2018El moviment obrer en la Foia de Bunyol-Xiva (1872-1976)\u2019\">[+] <\/a><\/div>\n","protected":false},"author":12,"featured_media":177337,"comment_status":"open","ping_status":"open","sticky":false,"template":"","format":"standard","meta":{"footnotes":""},"categories":[10911,10894,10912,10947,10896],"tags":[10913,11401,10914],"class_list":["post-177338","post","type-post","status-publish","format-standard","has-post-thumbnail","category-bunol-ca","category-la-comarca-ca","category-la-hoya-ca","category-politica","category-seccion-ca","tag-bunol-ca","tag-diputacion-de-valencia-ca","tag-la-hoya-de-bunol-chiva-ca"],"_links":{"self":[{"href":"https:\/\/tucomarca.whitekongsoftware.com\/ca\/wp-json\/wp\/v2\/posts\/177338","targetHints":{"allow":["GET"]}}],"collection":[{"href":"https:\/\/tucomarca.whitekongsoftware.com\/ca\/wp-json\/wp\/v2\/posts"}],"about":[{"href":"https:\/\/tucomarca.whitekongsoftware.com\/ca\/wp-json\/wp\/v2\/types\/post"}],"author":[{"embeddable":true,"href":"https:\/\/tucomarca.whitekongsoftware.com\/ca\/wp-json\/wp\/v2\/users\/12"}],"replies":[{"embeddable":true,"href":"https:\/\/tucomarca.whitekongsoftware.com\/ca\/wp-json\/wp\/v2\/comments?post=177338"}],"version-history":[{"count":0,"href":"https:\/\/tucomarca.whitekongsoftware.com\/ca\/wp-json\/wp\/v2\/posts\/177338\/revisions"}],"wp:featuredmedia":[{"embeddable":true,"href":"https:\/\/tucomarca.whitekongsoftware.com\/ca\/wp-json\/wp\/v2\/media\/177337"}],"wp:attachment":[{"href":"https:\/\/tucomarca.whitekongsoftware.com\/ca\/wp-json\/wp\/v2\/media?parent=177338"}],"wp:term":[{"taxonomy":"category","embeddable":true,"href":"https:\/\/tucomarca.whitekongsoftware.com\/ca\/wp-json\/wp\/v2\/categories?post=177338"},{"taxonomy":"post_tag","embeddable":true,"href":"https:\/\/tucomarca.whitekongsoftware.com\/ca\/wp-json\/wp\/v2\/tags?post=177338"}],"curies":[{"name":"wp","href":"https:\/\/api.w.org\/{rel}","templated":true}]}}