{"id":177246,"date":"2023-02-01T09:00:00","date_gmt":"2023-02-01T08:00:00","guid":{"rendered":"https:\/\/www.tucomarca.com\/wordpress\/segunda\/?p=177246"},"modified":"2023-02-01T09:11:59","modified_gmt":"2023-02-01T08:11:59","slug":"juncal-carrascosa-no-repetira-com-a-candidata-del-pspv-psoe-a-lalcaldia-de-bunyol","status":"publish","type":"post","link":"https:\/\/tucomarca.whitekongsoftware.com\/ca\/juncal-carrascosa-no-repetira-com-a-candidata-del-pspv-psoe-a-lalcaldia-de-bunyol\/","title":{"rendered":"Juncal Carrascosa no repetir\u00e0 com a candidata del PSPV-PSOE a l&#8217;alcaldia de Bunyol"},"content":{"rendered":"\n<h3 class=\"wp-block-heading\">L&#8217;actual alcaldessa socialista de Bunyol, Juncal Carrascosa, ha comunicat que no es presentar\u00e0 a la reelecci\u00f3 en les eleccions municipals de 2023.<\/h3>\n\n\n\n<p class=\"wp-block-paragraph\">L&#8217;actual alcaldessa socialista de Bunyol, Juncal Carrascosa, ha comunicat que no es presentar\u00e0 a la reelecci\u00f3 en les eleccions municipals de 2023, tal com han informat des del Partit Socialista bunyolense. &#8220;La decisi\u00f3 ha sigut presa despr\u00e9s d&#8217;escoltar la voluntat dels seus companys i companyes de partit en el municipi, que majorit\u00e0riament han sol\u00b7licitat que en les pr\u00f2ximes eleccions s&#8217;opte per un model de renovaci\u00f3, com la majoria dels partits que es presenten a les eleccions locals&#8221;, segons les mateixes fonts.<\/p>\n\n\n\n<p class=\"wp-block-paragraph\">La actual alcaldesa ha explicado que en ese nuevo modelo &#8220;no cabr\u00eda su candidatura, puesto que ella representa la continuidad, la experiencia y la estabilidad, tras seis a\u00f1os al mando del Ayuntamiento de Bu\u00f1ol, y en ning\u00fan caso la renovaci\u00f3n&#8221;.<\/p>\n\n\n\n<p class=\"wp-block-paragraph\">Por este motivo, Juncal Carrascosa, ha decidido &#8220;dar un paso atr\u00e1s y ponerse al servicio de su partido, mirando tanto por el bien de la agrupaci\u00f3n como por el de la localidad&#8221;.&nbsp;<\/p>\n\n\n\n<p class=\"wp-block-paragraph\">&#8220;La alcaldesa, por supuesto, tambi\u00e9n ha dejado claro que continuar\u00e1 ejerciendo sus funciones como primera edil hasta el \u00faltimo d\u00eda de la legislatura, con las mismas ganas, ilusi\u00f3n y esfuerzo que todos estos a\u00f1os&#8221;, han a\u00f1adido desde el PSOE local.<\/p>\n\n\n\n<p class=\"wp-block-paragraph\">&#8220;Siempre he sabido que alcaldesa no se es, sino que se ejerce. Y puedo decir con total convicci\u00f3n que esta etapa al frente del Ayuntamiento de Bu\u00f1ol ha sido la m\u00e1s gratificante y apasionante de mi vida laboral. Ha sido todo un orgullo, un honor y un reto y no lo cambiar\u00eda por nada del mundo&#8221;, ha expresado Juncal Carrascosa.<\/p>\n\n\n\n<p class=\"wp-block-paragraph\">Por \u00faltimo, la alcaldesa se ha puesto &#8220;a disposici\u00f3n de la futura corporaci\u00f3n que dirija el consistorio de Bu\u00f1ol tras las elecciones y ha hecho hincapi\u00e9 en que continuar\u00e1 colaborando y velando por los intereses de las vecinas y vecinos del municipio&#8221;.<\/p>\n","protected":false},"excerpt":{"rendered":"<div class=\"mh-excerpt\">L&#8217;actual alcaldessa socialista de Bunyol, Juncal Carrascosa, ha comunicat que no es presentar\u00e0 a la reelecci\u00f3 en les eleccions municipals de 2023. L&#8217;actual alcaldessa socialista de Bunyol, Juncal Carrascosa, ha comunicat que no es presentar\u00e0 <a class=\"mh-excerpt-more\" href=\"https:\/\/tucomarca.whitekongsoftware.com\/ca\/juncal-carrascosa-no-repetira-com-a-candidata-del-pspv-psoe-a-lalcaldia-de-bunyol\/\" title=\"Juncal Carrascosa no repetir\u00e0 com a candidata del PSPV-PSOE a l&#8217;alcaldia de Bunyol\">[+] <\/a><\/div>\n","protected":false},"author":1,"featured_media":177244,"comment_status":"open","ping_status":"open","sticky":false,"template":"","format":"standard","meta":{"footnotes":""},"categories":[10911,10948,10894,10912,10947,10896],"tags":[10913,10914,11140,11319],"class_list":["post-177246","post","type-post","status-publish","format-standard","has-post-thumbnail","category-bunol-ca","category-infraestructuras-ca","category-la-comarca-ca","category-la-hoya-ca","category-politica","category-seccion-ca","tag-bunol-ca","tag-la-hoya-de-bunol-chiva-ca","tag-politica-ca","tag-pspv-psoe-ca"],"_links":{"self":[{"href":"https:\/\/tucomarca.whitekongsoftware.com\/ca\/wp-json\/wp\/v2\/posts\/177246","targetHints":{"allow":["GET"]}}],"collection":[{"href":"https:\/\/tucomarca.whitekongsoftware.com\/ca\/wp-json\/wp\/v2\/posts"}],"about":[{"href":"https:\/\/tucomarca.whitekongsoftware.com\/ca\/wp-json\/wp\/v2\/types\/post"}],"author":[{"embeddable":true,"href":"https:\/\/tucomarca.whitekongsoftware.com\/ca\/wp-json\/wp\/v2\/users\/1"}],"replies":[{"embeddable":true,"href":"https:\/\/tucomarca.whitekongsoftware.com\/ca\/wp-json\/wp\/v2\/comments?post=177246"}],"version-history":[{"count":0,"href":"https:\/\/tucomarca.whitekongsoftware.com\/ca\/wp-json\/wp\/v2\/posts\/177246\/revisions"}],"wp:featuredmedia":[{"embeddable":true,"href":"https:\/\/tucomarca.whitekongsoftware.com\/ca\/wp-json\/wp\/v2\/media\/177244"}],"wp:attachment":[{"href":"https:\/\/tucomarca.whitekongsoftware.com\/ca\/wp-json\/wp\/v2\/media?parent=177246"}],"wp:term":[{"taxonomy":"category","embeddable":true,"href":"https:\/\/tucomarca.whitekongsoftware.com\/ca\/wp-json\/wp\/v2\/categories?post=177246"},{"taxonomy":"post_tag","embeddable":true,"href":"https:\/\/tucomarca.whitekongsoftware.com\/ca\/wp-json\/wp\/v2\/tags?post=177246"}],"curies":[{"name":"wp","href":"https:\/\/api.w.org\/{rel}","templated":true}]}}