{"id":177112,"date":"2023-01-30T13:30:00","date_gmt":"2023-01-30T11:30:00","guid":{"rendered":"https:\/\/www.tucomarca.com\/wordpress\/segunda\/?p=177112"},"modified":"2023-01-30T20:53:38","modified_gmt":"2023-01-30T18:53:38","slug":"aiora-celebra-el-v-centenari-de-la-mort-de-don-rodrigo-de-mendoza-marques-de-zenete-i-senyor-daiora","status":"publish","type":"post","link":"https:\/\/tucomarca.whitekongsoftware.com\/ca\/aiora-celebra-el-v-centenari-de-la-mort-de-don-rodrigo-de-mendoza-marques-de-zenete-i-senyor-daiora\/","title":{"rendered":"Aiora celebra el V centenari de la mort de Don Rodrigo de Mendoza, Marqu\u00e9s de Zenete i Senyor d&#8217;Aiora"},"content":{"rendered":"\n<p class=\"wp-block-paragraph\">Aiora celebra aquest any 2023 el V centenari de la mort de Don Rodrigo de Mendoza, Marqu\u00e9s de Zenete i Senyor d&#8217;Aiora. Per aquest motiu, durant tot l&#8217;any, s&#8217;han programat una s\u00e8rie d&#8217;activitats culturals, visites teatralitzades i confer\u00e8ncies entorn d&#8217;aquesta figura i el seu llegat.<\/p>\n\n\n\n<p class=\"wp-block-paragraph\">El programa d&#8217;activitats s&#8217;ha presentat juntament amb una escenificaci\u00f3 de la vida del marqu\u00e9s, dissabte  28 de gener, a les 18,00 hores, a l&#8217;auditori municipal Menc\u00eda de Mendoza d&#8217;Aiora. L&#8217;entrada a l&#8217;acte i al vi d&#8217;honor ha sigut gratu\u00efta recollint una invitaci\u00f3 pr\u00e8via.<\/p>\n\n\n\n<figure class=\"wp-block-gallery has-nested-images columns-default is-cropped wp-block-gallery-1 is-layout-flex wp-block-gallery-is-layout-flex\">\n<figure class=\"wp-block-image size-large\"><img loading=\"lazy\" decoding=\"async\" width=\"886\" height=\"886\" data-id=\"177107\" src=\"http:\/\/www.tucomarca.com\/wordpress\/segunda\/wp-content\/uploads\/2023\/01\/AyoraActosVCentenario1.jpg\" alt=\"\" class=\"wp-image-177107\" srcset=\"https:\/\/tucomarca.whitekongsoftware.com\/wp-content\/uploads\/2023\/01\/AyoraActosVCentenario1.jpg 886w, https:\/\/tucomarca.whitekongsoftware.com\/wp-content\/uploads\/2023\/01\/AyoraActosVCentenario1-300x300.jpg 300w, https:\/\/tucomarca.whitekongsoftware.com\/wp-content\/uploads\/2023\/01\/AyoraActosVCentenario1-290x290.jpg 290w, https:\/\/tucomarca.whitekongsoftware.com\/wp-content\/uploads\/2023\/01\/AyoraActosVCentenario1-768x768.jpg 768w\" sizes=\"auto, (max-width: 886px) 100vw, 886px\" \/><\/figure>\n\n\n\n<figure class=\"wp-block-image size-large\"><img loading=\"lazy\" decoding=\"async\" width=\"886\" height=\"886\" data-id=\"177109\" src=\"http:\/\/www.tucomarca.com\/wordpress\/segunda\/wp-content\/uploads\/2023\/01\/AyoraActosVCentenario2.jpg\" alt=\"\" class=\"wp-image-177109\" srcset=\"https:\/\/tucomarca.whitekongsoftware.com\/wp-content\/uploads\/2023\/01\/AyoraActosVCentenario2.jpg 886w, https:\/\/tucomarca.whitekongsoftware.com\/wp-content\/uploads\/2023\/01\/AyoraActosVCentenario2-300x300.jpg 300w, https:\/\/tucomarca.whitekongsoftware.com\/wp-content\/uploads\/2023\/01\/AyoraActosVCentenario2-290x290.jpg 290w, https:\/\/tucomarca.whitekongsoftware.com\/wp-content\/uploads\/2023\/01\/AyoraActosVCentenario2-768x768.jpg 768w\" sizes=\"auto, (max-width: 886px) 100vw, 886px\" \/><\/figure>\n<\/figure>\n\n\n\n<p class=\"wp-block-paragraph\">L&#8217;esdeveniment principal de tots aquests actes \u00e9s l&#8217;II Festival Renaixentista, el qual se celebrar\u00e0 durant els dies 2, 3 i 4 de juny. Aquest festival comptar\u00e0 amb concerts, m\u00fasica, sopar i danses renaixentistes en uns empla\u00e7aments \u00fanics com s\u00f3n al pati d&#8217;armes del Castell i a l&#8217;Esgl\u00e9sia Santa Mar\u00eda la Major. Tots aquests ingredients faran que el visitant visca una experi\u00e8ncia pr\u00f2pia d&#8217;aquella \u00e8poca.<\/p>\n\n\n\n<p class=\"wp-block-paragraph\"><\/p>\n","protected":false},"excerpt":{"rendered":"<div class=\"mh-excerpt\">Aiora celebra aquest any 2023 el V centenari de la mort de Don Rodrigo de Mendoza, Marqu\u00e9s de Zenete i Senyor d&#8217;Aiora. Per aquest motiu, durant tot l&#8217;any, s&#8217;han programat una s\u00e8rie d&#8217;activitats culturals, visites <a class=\"mh-excerpt-more\" href=\"https:\/\/tucomarca.whitekongsoftware.com\/ca\/aiora-celebra-el-v-centenari-de-la-mort-de-don-rodrigo-de-mendoza-marques-de-zenete-i-senyor-daiora\/\" title=\"Aiora celebra el V centenari de la mort de Don Rodrigo de Mendoza, Marqu\u00e9s de Zenete i Senyor d&#8217;Aiora\">[+] <\/a><\/div>\n","protected":false},"author":12,"featured_media":177106,"comment_status":"open","ping_status":"open","sticky":false,"template":"","format":"standard","meta":{"footnotes":""},"categories":[11019,10954,10951,10894,10904,11007,10896],"tags":[11163,18362,18763,18764],"class_list":["post-177112","post","type-post","status-publish","format-standard","has-post-thumbnail","category-agenda-ca","category-ayora-ca","category-ayora-cofrentes-ca","category-la-comarca-ca","category-sin-categorizar-ca","category-ocio-y-cultura-ca","category-seccion-ca","tag-ayora-ca","tag-ayora-cofrentes-2-ca","tag-don-rodrigo-de-mendoza-ca","tag-v-centenario-ca"],"_links":{"self":[{"href":"https:\/\/tucomarca.whitekongsoftware.com\/ca\/wp-json\/wp\/v2\/posts\/177112","targetHints":{"allow":["GET"]}}],"collection":[{"href":"https:\/\/tucomarca.whitekongsoftware.com\/ca\/wp-json\/wp\/v2\/posts"}],"about":[{"href":"https:\/\/tucomarca.whitekongsoftware.com\/ca\/wp-json\/wp\/v2\/types\/post"}],"author":[{"embeddable":true,"href":"https:\/\/tucomarca.whitekongsoftware.com\/ca\/wp-json\/wp\/v2\/users\/12"}],"replies":[{"embeddable":true,"href":"https:\/\/tucomarca.whitekongsoftware.com\/ca\/wp-json\/wp\/v2\/comments?post=177112"}],"version-history":[{"count":0,"href":"https:\/\/tucomarca.whitekongsoftware.com\/ca\/wp-json\/wp\/v2\/posts\/177112\/revisions"}],"wp:featuredmedia":[{"embeddable":true,"href":"https:\/\/tucomarca.whitekongsoftware.com\/ca\/wp-json\/wp\/v2\/media\/177106"}],"wp:attachment":[{"href":"https:\/\/tucomarca.whitekongsoftware.com\/ca\/wp-json\/wp\/v2\/media?parent=177112"}],"wp:term":[{"taxonomy":"category","embeddable":true,"href":"https:\/\/tucomarca.whitekongsoftware.com\/ca\/wp-json\/wp\/v2\/categories?post=177112"},{"taxonomy":"post_tag","embeddable":true,"href":"https:\/\/tucomarca.whitekongsoftware.com\/ca\/wp-json\/wp\/v2\/tags?post=177112"}],"curies":[{"name":"wp","href":"https:\/\/api.w.org\/{rel}","templated":true}]}}